{"id":34834,"date":"2026-07-02T06:40:00","date_gmt":"2026-07-02T04:40:00","guid":{"rendered":"https:\/\/euapp01.newsmemory.com\/lamarseillaise\/news\/?p=34834"},"modified":"2026-07-05T14:48:39","modified_gmt":"2026-07-05T12:48:39","slug":"des-rencontres-economiques-tres-politiques","status":"publish","type":"post","link":"https:\/\/euapp01.newsmemory.com\/lamarseillaise\/news\/2026\/07\/02\/des-rencontres-economiques-tres-politiques\/","title":{"rendered":"Des rencontres \u00e9conomiques tr\u00e8s politiques"},"content":{"rendered":"<div class=\"paragraph\">\n<p>\u00ab <i>N<\/i><i>aviguer dans un monde sans rep\u00e8res.<\/i><i>\u00a0<\/i>\u00bb C\u2019est le th\u00e8me de l\u2019\u00e9dition 2026 des rencontres \u00e9conomiques d\u2019Aix-en-Provence qui se tient du 2 au 4\u00a0juillet. Avec le conflit au Moyen-Orient \u00ab\u00a0<i>qui sera tr\u00e8s pr\u00e9sent<\/i><i>\u00a0<\/i>\u00bb et au sortir d\u2019un \u00e9pisode caniculaire historique en France, \u00ab<i>\u00a0<\/i><i>la multiplication des tensions, des complexit\u00e9s du monde rend ces Rencontres d\u2019Aix assez exceptionnelles<\/i>\u00a0\u00bb, a estim\u00e9 Jean-Herv\u00e9 Lorenzi, pr\u00e9sident de ce forum organis\u00e9 par le Cercle des \u00e9conomistes.<\/p>\n<p>Pourtant la boussole de la plupart des 400\u00a0intervenants et 8\u00a0000 participants attendus, du patron de Total \u00c9nergie, Carrefour, Veolia \u00e0 celui de Suez, la boussole est claire\u00a0: celle du profit. Au fil des d\u00e9bats, ce rendez-vous sera l\u2019occasion notamment pour Patrick Martin, pr\u00e9sident du Medef, de reposer les bases\u00a0: remettre la pression sur la r\u00e9forme des retraites en remettant les 60-65\u00a0ans au boulot et d\u00e9monter notre syst\u00e8me de protection sociale en all\u00e9geant les cotisations patronales, explique-t-il \u00e0 nos confr\u00e8res de la Provence ce mardi 30\u00a0juin.<\/p>\n<p>Le monde de la finance ne manquerait \u00e9videmment cette sauterie pour rien au monde avec la pr\u00e9sidente de la Banque centrale europ\u00e9enne (BCE), Christine Lagarde, une fid\u00e8le, le nouveau gouverneur de la Banque de France Emmanuel Moulin ou le pr\u00e9sident de l\u2019Eurogroupe et ministre des Finances grec Kyriakos Pierrakakis. Le secteur bancaire et financier sera aussi tr\u00e8s pr\u00e9sent repr\u00e9sent\u00e9 notamment par Daniel Baal (Cr\u00e9dit Mutuel\/CIC), Slawomir Krupa (Soci\u00e9t\u00e9 G\u00e9n\u00e9rale), Thomas Buberl (AXA) ou Nicolas Namias (BPCE).<\/p>\n<p>En face, les repr\u00e9sentants de trois centrales syndicales, Sophie Binet pour la CGT, Caroline Chev\u00e9 pour la FSU et Fr\u00e9d\u00e9ric Souillot pour Force ouvri\u00e8re, tenteront de remettre le concept du droit au travail et de dialogue social au c\u0153ur des d\u00e9bats. La premi\u00e8re participera \u00e0 une pl\u00e9ni\u00e8re sur le th\u00e8me \u00ab\u00a0produire fran\u00e7ais, gage de souverainet\u00e9\u00a0\u00bb face \u00e0 Patrick Martin, la deuxi\u00e8me interviendra sur \u00ab\u00a0formation et r\u00e9volution des m\u00e9tiers\u00a0\u00bb et le dernier d\u00e9fendra le r\u00f4le des corps interm\u00e9diaires&#8230; savamment sap\u00e9 par les quinquennats d\u2019Emmanuel Macron. \u00c0 moins d\u2019un an de la pr\u00e9sidentielle, justement, nombre de personnalit\u00e9s politiques et candidats, d\u00e9clar\u00e9s ou non, seront pr\u00e9sentes dans ce temple du lib\u00e9ralisme.<\/p>\n<\/p><\/div>\n<div class=\"intext\"> Hollande, Philippe<br \/>\n               <br \/>et Tondelier de la partie\n              <\/div>\n<div class=\"paragraph\">\n<p>On retrouve l\u00e0 le secr\u00e9taire g\u00e9n\u00e9ral de Renaissance, Gabriel Attal, et son concurrent \u00c9douard Philippe (Horizons), ou Marine Tondelier (Les \u00c9cologistes) et Dominique de Villepin, qui ne s\u2019est pas encore d\u00e9clar\u00e9 mais regorge n\u00e9anmoins d\u2019id\u00e9es sur un potentiel programme \u00e9conomique pour le pays. L\u2019ex-pr\u00e9sident socialiste Fran\u00e7ois Hollande, l\u2019ex-Premi\u00e8re ministre \u00c9lisabeth Borne, le maire de Paris, Emmanuel Gr\u00e9goire, le vice-pr\u00e9sident de la Commission europ\u00e9enne, St\u00e9phane S\u00e9journ\u00e9, ou encore la pr\u00e9sidente de l\u2019Assembl\u00e9e nationale, Ya\u00ebl Braun-Pivet, seront \u00e9galement de la partie.<\/p>\n<p>Le Premier ministre, S\u00e9bastien Lecornu, est lui attendu jeudi, quelques jours avant une r\u00e9union ou plut\u00f4t \u00ab\u00a0un comit\u00e9 d\u2019alerte\u00a0\u00bb qu\u2019il pr\u00e9sidera le 7\u00a0juillet, pour faire un point d\u2019\u00e9tape, avec l\u2019annonce attendue de nouvelles \u00e9conomies, avant la pr\u00e9sentation \u00e0 la mi-juillet des grandes lignes du budget\u00a02027.<\/p>\n<p>\u00ab\u00a0<i>On a mis un \u00e9norme effort sur deux sujets, l\u2019international, puisque nous avons 55 think tanks qui viennent du monde entier, et sur la jeunesse<\/i><i>\u00a0<\/i>\u00bb, avec plusieurs sessions qui lui seront consacr\u00e9es, pr\u00e9cise Jean-Herv\u00e9 Lorenzi. Une jeunesse dont ce forum \u00e9conomique entend \u00ab\u00a0<i>mettre en lumi\u00e8re les attentes, les fragilit\u00e9s et aspirations<\/i>\u00a0\u00bb, bien conscient qu\u2019il va falloir \u00ab<i>\u00a0<\/i><i>int\u00e9grer ceux qui seront les acteurs de demain<\/i><i>\u00a0<\/i><i>\u00bb<\/i> pour faire perdurer le syst\u00e8me&#8230; Quelque 250\u00a0jeunes lanceront aussi une initiative, \u00ab\u00a0Jeunesse 2027\u00a0\u00bb, avec l\u2019universit\u00e9 d\u2019Aix-Marseille, pour \u00e9laborer des propositions qu\u2019ils souhaiteraient voir \u00e9merger dans le d\u00e9bat de la pr\u00e9sidentielle (lire \u00e9galement ci-contre).<\/p>\n<p>En parall\u00e8le, dans la ville, se tiendront plus de 45\u00a0\u00e9v\u00e9nements et ateliers couvrant toute une programmation p\u00e9dagogique et culturelle (cin\u00e9-d\u00e9bats, expositions, repr\u00e9sentations th\u00e9\u00e2trales) dans divers lieux d\u2019Aix. L\u2019objectif affich\u00e9\u00a0: \u00ab<i>\u00a0<\/i><i>faire descendre l\u2019\u00e9conomie dans la rue<\/i>\u00a0\u00bb. En 2025, l\u2019\u00e9v\u00e9nement avait attir\u00e9 pr\u00e8s de 8\u00a0700 participants.<\/p>\n<\/p><\/div>\n","protected":false},"excerpt":{"rendered":"&laquo; Naviguer dans un monde sans rep&egrave;res.&nbsp;&raquo; C&rsquo;est le th&egrave;me de l&rsquo;&eacute;dition 2026 des rencontres &eacute;conomiques d&rsquo;Aix-en-Provence qui se tient du 2 au 4&nbsp;juillet. Avec le conflit au &#8230;","protected":false},"author":1,"featured_media":34835,"comment_status":"open","ping_status":"open","sticky":false,"template":"","format":"standard","meta":{"footnotes":""},"categories":[3926,3925,338,330],"tags":[556,10,1628,875,113,850,575,2807,913,1017,572,406,851,1063,735,497,841,698,1557,364,3221],"news-destination":[3944],"news-source":[475],"is_homepage":[],"ta_other":[],"class_list":["post-34834","post","type-post","status-publish","format-standard","has-post-thumbnail","hentry","category-accueil-merge","category-accueil-third","category-economie","category-politique","tag-aix-en-provence","tag-bouches-du-rhone","tag-candidats","tag-caroline-cheve","tag-cgt","tag-edouard-philippe","tag-emmanuel-macron","tag-evenements-culturels","tag-finances","tag-fo","tag-france","tag-fsu","tag-gabriel-attal","tag-jeunesse","tag-marine-tondelier","tag-ministre","tag-patronat","tag-rencontre","tag-sophie-binet","tag-syndicats","tag-universite-aix-marseille","news-destination-homepage","news-source-website"],"_links":{"self":[{"href":"https:\/\/euapp01.newsmemory.com\/lamarseillaise\/news\/wp-json\/wp\/v2\/posts\/34834","targetHints":{"allow":["GET"]}}],"collection":[{"href":"https:\/\/euapp01.newsmemory.com\/lamarseillaise\/news\/wp-json\/wp\/v2\/posts"}],"about":[{"href":"https:\/\/euapp01.newsmemory.com\/lamarseillaise\/news\/wp-json\/wp\/v2\/types\/post"}],"author":[{"embeddable":true,"href":"https:\/\/euapp01.newsmemory.com\/lamarseillaise\/news\/wp-json\/wp\/v2\/users\/1"}],"replies":[{"embeddable":true,"href":"https:\/\/euapp01.newsmemory.com\/lamarseillaise\/news\/wp-json\/wp\/v2\/comments?post=34834"}],"version-history":[{"count":1,"href":"https:\/\/euapp01.newsmemory.com\/lamarseillaise\/news\/wp-json\/wp\/v2\/posts\/34834\/revisions"}],"predecessor-version":[{"id":34836,"href":"https:\/\/euapp01.newsmemory.com\/lamarseillaise\/news\/wp-json\/wp\/v2\/posts\/34834\/revisions\/34836"}],"wp:featuredmedia":[{"embeddable":true,"href":"https:\/\/euapp01.newsmemory.com\/lamarseillaise\/news\/wp-json\/wp\/v2\/media\/34835"}],"wp:attachment":[{"href":"https:\/\/euapp01.newsmemory.com\/lamarseillaise\/news\/wp-json\/wp\/v2\/media?parent=34834"}],"wp:term":[{"taxonomy":"category","embeddable":true,"href":"https:\/\/euapp01.newsmemory.com\/lamarseillaise\/news\/wp-json\/wp\/v2\/categories?post=34834"},{"taxonomy":"post_tag","embeddable":true,"href":"https:\/\/euapp01.newsmemory.com\/lamarseillaise\/news\/wp-json\/wp\/v2\/tags?post=34834"},{"taxonomy":"news-destination","embeddable":true,"href":"https:\/\/euapp01.newsmemory.com\/lamarseillaise\/news\/wp-json\/wp\/v2\/news-destination?post=34834"},{"taxonomy":"news-source","embeddable":true,"href":"https:\/\/euapp01.newsmemory.com\/lamarseillaise\/news\/wp-json\/wp\/v2\/news-source?post=34834"},{"taxonomy":"is_homepage","embeddable":true,"href":"https:\/\/euapp01.newsmemory.com\/lamarseillaise\/news\/wp-json\/wp\/v2\/is_homepage?post=34834"},{"taxonomy":"ta_other","embeddable":true,"href":"https:\/\/euapp01.newsmemory.com\/lamarseillaise\/news\/wp-json\/wp\/v2\/ta_other?post=34834"}],"curies":[{"name":"wp","href":"https:\/\/api.w.org\/{rel}","templated":true}]}}