{"id":34831,"date":"2026-07-02T06:30:00","date_gmt":"2026-07-02T04:30:00","guid":{"rendered":"https:\/\/euapp01.newsmemory.com\/lamarseillaise\/news\/?p=34831"},"modified":"2026-07-02T10:08:13","modified_gmt":"2026-07-02T08:08:13","slug":"quel-cap-dans-un-monde-deboussole","status":"publish","type":"post","link":"https:\/\/euapp01.newsmemory.com\/lamarseillaise\/news\/2026\/07\/02\/quel-cap-dans-un-monde-deboussole\/","title":{"rendered":"Quel cap dans un monde d\u00e9boussol\u00e9&nbsp;?"},"content":{"rendered":"<div class=\"paragraph\"> <\/div>\n<div class=\"paragraph\">\n<p>Comme chaque ann\u00e9e, Aix-en-Provence devient pour quelques jours le centre du monde \u00e9conomique en accueillant les puissants de la plan\u00e8te.<\/p>\n<p>Mais le th\u00e8me de cette \u00e9dition a comme un go\u00fbt d\u2019aveu\u00a0: \u00ab\u00a0Naviguer dans un monde sans rep\u00e8res\u00a0\u00bb. Le consensus lib\u00e9ral a en effet vol\u00e9 en \u00e9clats et ses promoteurs sont pour le moins d\u00e9sorient\u00e9s. La multiplication des conflits, l\u2019impr\u00e9visibilit\u00e9 \u00e9tats-unienne \u00e9branle la mondialisation construite autour du libre \u00e9change. De plus, le gouffre des in\u00e9galit\u00e9s qui ne cesse de cro\u00eetre a mis \u00e0 bas, la th\u00e9orie fumeuse du \u00ab\u00a0<i>ruissellement<\/i>\u00a0\u00bb des richesses du haut vers le bas de la soci\u00e9t\u00e9. Enfin, il appara\u00eet de mani\u00e8re de plus en plus \u00e9vidente que la lutte contre le d\u00e9r\u00e8glement climatique exige des mesures que la \u00ab\u00a0<i>main invisible du march\u00e9<\/i>\u00a0\u00bb est incapable de prendre.<\/p>\n<p><b>Quel est votre plan pour la France ?<\/b><\/p>\n<p>Le constat est brutal, m\u00eame dans les rangs macronistes, o\u00f9 un ex-ministre d\u00e9sormais Haut commissaire au Plan plaide pour r\u00e9habiliter la planification globale telle qu\u2019elle se pratiquait pendant les Trentes glorieuses avant d\u2019\u00eatre d\u00e9truite par le camp lib\u00e9ral.<\/p>\n<p>Quel est votre Plan pour la France\u00a0? Cette question m\u00e9rite d\u2019\u00eatre pos\u00e9e \u00e0 chaque candidat \u00e0 la prochaine \u00e9lection pr\u00e9sidentielle et plus largement \u00e0 chaque formation politique.<\/p>\n<p>Pour relever les d\u00e9fis de l\u2019industrie d\u00e9carbon\u00e9s, de la souverainet\u00e9 alimentaire, du plein emploi, la planification est indispensable. L\u2019id\u00e9e fait son chemin dans le d\u00e9bat public. Pour \u00eatre efficace, elle devra \u00eatre d\u00e9mocratique, ne pas se cantonner \u00e0 des lignes de chiffres et prendre la forme d\u2019un vrai projet de soci\u00e9t\u00e9 pour notre pays.<\/p>\n<\/p><\/div>\n","protected":false},"excerpt":{"rendered":"Comme chaque ann&eacute;e, Aix-en-Provence devient pour quelques jours le centre du monde &eacute;conomique en accueillant les puissants de la plan&egrave;te. Mais le th&egrave;me de cette &eacute;dition a comme un go&ucirc;t d&rsquo;aveu&nbsp;: &#8230;","protected":false},"author":1,"featured_media":34832,"comment_status":"open","ping_status":"open","sticky":false,"template":"","format":"standard","meta":{"footnotes":""},"categories":[332],"tags":[556,10,118,1372,290,191,419],"news-destination":[],"news-source":[475],"is_homepage":[],"ta_other":[],"class_list":["post-34831","post","type-post","status-publish","format-standard","has-post-thumbnail","hentry","category-edito","tag-aix-en-provence","tag-bouches-du-rhone","tag-economie","tag-editoriaux","tag-inegalites","tag-politique","tag-rechauffement-climatique","news-source-website"],"_links":{"self":[{"href":"https:\/\/euapp01.newsmemory.com\/lamarseillaise\/news\/wp-json\/wp\/v2\/posts\/34831","targetHints":{"allow":["GET"]}}],"collection":[{"href":"https:\/\/euapp01.newsmemory.com\/lamarseillaise\/news\/wp-json\/wp\/v2\/posts"}],"about":[{"href":"https:\/\/euapp01.newsmemory.com\/lamarseillaise\/news\/wp-json\/wp\/v2\/types\/post"}],"author":[{"embeddable":true,"href":"https:\/\/euapp01.newsmemory.com\/lamarseillaise\/news\/wp-json\/wp\/v2\/users\/1"}],"replies":[{"embeddable":true,"href":"https:\/\/euapp01.newsmemory.com\/lamarseillaise\/news\/wp-json\/wp\/v2\/comments?post=34831"}],"version-history":[{"count":1,"href":"https:\/\/euapp01.newsmemory.com\/lamarseillaise\/news\/wp-json\/wp\/v2\/posts\/34831\/revisions"}],"predecessor-version":[{"id":34833,"href":"https:\/\/euapp01.newsmemory.com\/lamarseillaise\/news\/wp-json\/wp\/v2\/posts\/34831\/revisions\/34833"}],"wp:featuredmedia":[{"embeddable":true,"href":"https:\/\/euapp01.newsmemory.com\/lamarseillaise\/news\/wp-json\/wp\/v2\/media\/34832"}],"wp:attachment":[{"href":"https:\/\/euapp01.newsmemory.com\/lamarseillaise\/news\/wp-json\/wp\/v2\/media?parent=34831"}],"wp:term":[{"taxonomy":"category","embeddable":true,"href":"https:\/\/euapp01.newsmemory.com\/lamarseillaise\/news\/wp-json\/wp\/v2\/categories?post=34831"},{"taxonomy":"post_tag","embeddable":true,"href":"https:\/\/euapp01.newsmemory.com\/lamarseillaise\/news\/wp-json\/wp\/v2\/tags?post=34831"},{"taxonomy":"news-destination","embeddable":true,"href":"https:\/\/euapp01.newsmemory.com\/lamarseillaise\/news\/wp-json\/wp\/v2\/news-destination?post=34831"},{"taxonomy":"news-source","embeddable":true,"href":"https:\/\/euapp01.newsmemory.com\/lamarseillaise\/news\/wp-json\/wp\/v2\/news-source?post=34831"},{"taxonomy":"is_homepage","embeddable":true,"href":"https:\/\/euapp01.newsmemory.com\/lamarseillaise\/news\/wp-json\/wp\/v2\/is_homepage?post=34831"},{"taxonomy":"ta_other","embeddable":true,"href":"https:\/\/euapp01.newsmemory.com\/lamarseillaise\/news\/wp-json\/wp\/v2\/ta_other?post=34831"}],"curies":[{"name":"wp","href":"https:\/\/api.w.org\/{rel}","templated":true}]}}