{"id":34827,"date":"2026-07-01T19:18:00","date_gmt":"2026-07-01T17:18:00","guid":{"rendered":"https:\/\/euapp01.newsmemory.com\/lamarseillaise\/news\/?p=34827"},"modified":"2026-07-05T14:33:04","modified_gmt":"2026-07-05T12:33:04","slug":"grand-avignon-un-enarque-nomme-directeur-de-cabinet-dolivier-galzi","status":"publish","type":"post","link":"https:\/\/euapp01.newsmemory.com\/lamarseillaise\/news\/2026\/07\/01\/grand-avignon-un-enarque-nomme-directeur-de-cabinet-dolivier-galzi\/","title":{"rendered":"Grand Avignon : un \u00e9narque nomm\u00e9 directeur de cabinet d\u2019Olivier Galzi"},"content":{"rendered":"<div class=\"paragraph\">\n<p>Il y a deux mois, <a rel=\"noopener noreferrer\" href=\"https:\/\/www.lamarseillaise.fr\/politique\/olivier-galzi-dresse-son-premier-bilan-DG20151741\" target=\"_blank\">Olivier Galzi indiquait avoir confi\u00e9 le recrutement de son directeur de cabinet au Grand Avignon <\/a>\u00e0 un cabinet ext\u00e9rieur, ouvrant la voie \u00e0 un profil technique pas forc\u00e9ment issu du s\u00e9rail local.<\/p>\n<p>C\u2019est chose faite depuis ce mercredi 1er juillet : Alexandre Planquette a pris ses fonctions. Ag\u00e9 de 40 ans, il arrive des Vosges, o\u00f9 il exer\u00e7ait le poste de sous-pr\u00e9fet de Saint-Di\u00e9. Il avait \u00e9t\u00e9 mis fin \u00e0 ses fonctions, \u00ab \u00e0 sa demande \u00bb, par un d\u00e9cret du 10 juin. Cet \u00e9narque, pass\u00e9 par les pr\u00e9fectures de la Somme ou de la Haute-Loire, a d\u00e9j\u00e0 une exp\u00e9rience en cabinet politique : il a \u00e9t\u00e9 conseiller en affaires r\u00e9galiennes aupr\u00e8s de la pr\u00e9sidente de l\u2019Assembl\u00e9e nationale, Ya\u00ebl Braun-Pivet.<\/p>\n<p>Par ailleurs, un jeu de chaises musicales s\u2019est op\u00e9r\u00e9 dans les cabinets d\u2019Olivier Galzi. Comme nous le r\u00e9v\u00e9lions (notre \u00e9dition du 10 juin), la Ville d\u2019Avignon a confirm\u00e9, ce mercredi, la nomination de Romain Lautier comme directeur de cabinet en mairie. Directeur de campagne lors des municipales, il \u00e9tait ensuite devenu chef de cabinet au Grand Avignon. Proche de l\u2019ex-maire (UMP) Marie-Jos\u00e9e Roig, dont il fut chef de cabinet lors de son dernier mandat (2008-2014), il a aussi occup\u00e9 ce poste aupr\u00e8s du pr\u00e9sident du conseil d\u00e9partemental Maurice Chabertc puis a pris la direction de Boll\u00e8ne comme dir\u2019 cab\u2019 d\u2019Anthony Zilio de 2020 \u00e0 2025.<\/p>\n<\/p><\/div>\n","protected":false},"excerpt":{"rendered":"Il y a deux mois, Olivier Galzi indiquait avoir confi&eacute; le recrutement de son directeur de cabinet au Grand Avignon &agrave; un cabinet ext&eacute;rieur, ouvrant la voie &agrave; un profil technique pas forc&eacute;ment issu du s&eacute;rail &#8230;","protected":false},"author":1,"featured_media":34830,"comment_status":"open","ping_status":"open","sticky":false,"template":"","format":"standard","meta":{"footnotes":""},"categories":[3926,3925,330],"tags":[495,174,4914,171],"news-destination":[3944],"news-source":[475],"is_homepage":[],"ta_other":[],"class_list":["post-34827","post","type-post","status-publish","format-standard","has-post-thumbnail","hentry","category-accueil-merge","category-accueil-third","category-politique","tag-495","tag-avignon","tag-olivier-galzi","tag-vaucluse","news-destination-homepage","news-source-website"],"_links":{"self":[{"href":"https:\/\/euapp01.newsmemory.com\/lamarseillaise\/news\/wp-json\/wp\/v2\/posts\/34827","targetHints":{"allow":["GET"]}}],"collection":[{"href":"https:\/\/euapp01.newsmemory.com\/lamarseillaise\/news\/wp-json\/wp\/v2\/posts"}],"about":[{"href":"https:\/\/euapp01.newsmemory.com\/lamarseillaise\/news\/wp-json\/wp\/v2\/types\/post"}],"author":[{"embeddable":true,"href":"https:\/\/euapp01.newsmemory.com\/lamarseillaise\/news\/wp-json\/wp\/v2\/users\/1"}],"replies":[{"embeddable":true,"href":"https:\/\/euapp01.newsmemory.com\/lamarseillaise\/news\/wp-json\/wp\/v2\/comments?post=34827"}],"version-history":[{"count":1,"href":"https:\/\/euapp01.newsmemory.com\/lamarseillaise\/news\/wp-json\/wp\/v2\/posts\/34827\/revisions"}],"predecessor-version":[{"id":34829,"href":"https:\/\/euapp01.newsmemory.com\/lamarseillaise\/news\/wp-json\/wp\/v2\/posts\/34827\/revisions\/34829"}],"wp:featuredmedia":[{"embeddable":true,"href":"https:\/\/euapp01.newsmemory.com\/lamarseillaise\/news\/wp-json\/wp\/v2\/media\/34830"}],"wp:attachment":[{"href":"https:\/\/euapp01.newsmemory.com\/lamarseillaise\/news\/wp-json\/wp\/v2\/media?parent=34827"}],"wp:term":[{"taxonomy":"category","embeddable":true,"href":"https:\/\/euapp01.newsmemory.com\/lamarseillaise\/news\/wp-json\/wp\/v2\/categories?post=34827"},{"taxonomy":"post_tag","embeddable":true,"href":"https:\/\/euapp01.newsmemory.com\/lamarseillaise\/news\/wp-json\/wp\/v2\/tags?post=34827"},{"taxonomy":"news-destination","embeddable":true,"href":"https:\/\/euapp01.newsmemory.com\/lamarseillaise\/news\/wp-json\/wp\/v2\/news-destination?post=34827"},{"taxonomy":"news-source","embeddable":true,"href":"https:\/\/euapp01.newsmemory.com\/lamarseillaise\/news\/wp-json\/wp\/v2\/news-source?post=34827"},{"taxonomy":"is_homepage","embeddable":true,"href":"https:\/\/euapp01.newsmemory.com\/lamarseillaise\/news\/wp-json\/wp\/v2\/is_homepage?post=34827"},{"taxonomy":"ta_other","embeddable":true,"href":"https:\/\/euapp01.newsmemory.com\/lamarseillaise\/news\/wp-json\/wp\/v2\/ta_other?post=34827"}],"curies":[{"name":"wp","href":"https:\/\/api.w.org\/{rel}","templated":true}]}}