{"id":34824,"date":"2026-07-01T14:58:00","date_gmt":"2026-07-01T12:58:00","guid":{"rendered":"https:\/\/euapp01.newsmemory.com\/lamarseillaise\/news\/?p=34824"},"modified":"2026-07-05T14:33:04","modified_gmt":"2026-07-05T12:33:04","slug":"rugby-montpellier-et-toulon-servis-pour-leurope","status":"publish","type":"post","link":"https:\/\/euapp01.newsmemory.com\/lamarseillaise\/news\/2026\/07\/01\/rugby-montpellier-et-toulon-servis-pour-leurope\/","title":{"rendered":"Rugby : Montpellier et Toulon servis pour l\u2019Europe"},"content":{"rendered":"<div class=\"paragraph\">\n<p>Montpellier, vainqueur du Challenge europ\u00e9en et finaliste malheureux du dernier Top 14, et Toulon connaissent leur programme en coupes d\u2019Europe.<\/p>\n<p>Les premiers vont retrouver la Coupe des Champions. Les H\u00e9raultais se retrouvent dans le groupe 4. Ils seront oppos\u00e9s aux Anglais de Northampton et Bath, aux Gallois de Cardiff, aux sud-Africains des Bulls et aux Fran\u00e7ais du Stade Fran\u00e7ais.<\/p>\n<p>Bordeaux-B\u00e8gles, double tenant du troph\u00e9e, aura sur sa route les Stormers sud-africains, les Anglais de Gloucester et Bristol, les Irlandais du Munster et les Fran\u00e7ais du Racing.<\/p>\n<p>En Challenge europ\u00e9en, Toulon est dans le groupe 3. Outre les Fran\u00e7ais de Vannes, promus de Pro D2, les Varois auront \u00e0 affronter les Harlequins anglais, les Gallois d\u2019Osprey, les Ecossais d\u2019Edimbourg et les Black Lions sud-africains.<\/p>\n<p>D\u00e9but des coupes, le week-end du 16 au 18 octobre. Finales au stade des Lumi\u00e8res de Lyon, les 21 et 22 mai 2027.<\/p>\n<\/p><\/div>\n","protected":false},"excerpt":{"rendered":"Montpellier, vainqueur du Challenge europ&eacute;en et finaliste malheureux du dernier Top 14, et Toulon connaissent leur programme en coupes d&rsquo;Europe.Les premiers vont retrouver la Coupe des Champions. Les H&eacute;raultais se retrouvent dans &#8230;","protected":false},"author":1,"featured_media":34825,"comment_status":"open","ping_status":"open","sticky":false,"template":"","format":"standard","meta":{"footnotes":""},"categories":[3926,3925,7],"tags":[4080,5458,4514,906,904],"news-destination":[3944],"news-source":[475],"is_homepage":[],"ta_other":[],"class_list":["post-34824","post","type-post","status-publish","format-standard","has-post-thumbnail","hentry","category-accueil-merge","category-accueil-third","category-sports","tag-coupe-deurope","tag-dublin","tag-mhr","tag-rct","tag-rugby","news-destination-homepage","news-source-website"],"_links":{"self":[{"href":"https:\/\/euapp01.newsmemory.com\/lamarseillaise\/news\/wp-json\/wp\/v2\/posts\/34824","targetHints":{"allow":["GET"]}}],"collection":[{"href":"https:\/\/euapp01.newsmemory.com\/lamarseillaise\/news\/wp-json\/wp\/v2\/posts"}],"about":[{"href":"https:\/\/euapp01.newsmemory.com\/lamarseillaise\/news\/wp-json\/wp\/v2\/types\/post"}],"author":[{"embeddable":true,"href":"https:\/\/euapp01.newsmemory.com\/lamarseillaise\/news\/wp-json\/wp\/v2\/users\/1"}],"replies":[{"embeddable":true,"href":"https:\/\/euapp01.newsmemory.com\/lamarseillaise\/news\/wp-json\/wp\/v2\/comments?post=34824"}],"version-history":[{"count":1,"href":"https:\/\/euapp01.newsmemory.com\/lamarseillaise\/news\/wp-json\/wp\/v2\/posts\/34824\/revisions"}],"predecessor-version":[{"id":34826,"href":"https:\/\/euapp01.newsmemory.com\/lamarseillaise\/news\/wp-json\/wp\/v2\/posts\/34824\/revisions\/34826"}],"wp:featuredmedia":[{"embeddable":true,"href":"https:\/\/euapp01.newsmemory.com\/lamarseillaise\/news\/wp-json\/wp\/v2\/media\/34825"}],"wp:attachment":[{"href":"https:\/\/euapp01.newsmemory.com\/lamarseillaise\/news\/wp-json\/wp\/v2\/media?parent=34824"}],"wp:term":[{"taxonomy":"category","embeddable":true,"href":"https:\/\/euapp01.newsmemory.com\/lamarseillaise\/news\/wp-json\/wp\/v2\/categories?post=34824"},{"taxonomy":"post_tag","embeddable":true,"href":"https:\/\/euapp01.newsmemory.com\/lamarseillaise\/news\/wp-json\/wp\/v2\/tags?post=34824"},{"taxonomy":"news-destination","embeddable":true,"href":"https:\/\/euapp01.newsmemory.com\/lamarseillaise\/news\/wp-json\/wp\/v2\/news-destination?post=34824"},{"taxonomy":"news-source","embeddable":true,"href":"https:\/\/euapp01.newsmemory.com\/lamarseillaise\/news\/wp-json\/wp\/v2\/news-source?post=34824"},{"taxonomy":"is_homepage","embeddable":true,"href":"https:\/\/euapp01.newsmemory.com\/lamarseillaise\/news\/wp-json\/wp\/v2\/is_homepage?post=34824"},{"taxonomy":"ta_other","embeddable":true,"href":"https:\/\/euapp01.newsmemory.com\/lamarseillaise\/news\/wp-json\/wp\/v2\/ta_other?post=34824"}],"curies":[{"name":"wp","href":"https:\/\/api.w.org\/{rel}","templated":true}]}}