{"id":34817,"date":"2026-07-01T11:44:00","date_gmt":"2026-07-01T09:44:00","guid":{"rendered":"https:\/\/euapp01.newsmemory.com\/lamarseillaise\/news\/?p=34817"},"modified":"2026-07-05T12:51:32","modified_gmt":"2026-07-05T10:51:32","slug":"om-bruno-genesio-a-signe","status":"publish","type":"post","link":"https:\/\/euapp01.newsmemory.com\/lamarseillaise\/news\/2026\/07\/01\/om-bruno-genesio-a-signe\/","title":{"rendered":"OM : Bruno Genesio a sign\u00e9"},"content":{"rendered":"<div class=\"paragraph\">\n<p>Apr\u00e8s avoir recrut\u00e9 Gr\u00e9gory Lorenzi pour assurer la direction sportive, l\u2019OM tient son nouvel entra\u00eeneur. Sans surprise, Bruno Genesio a sign\u00e9 son contrat en faveur du club olympien. Ce dernier a justifi\u00e9 son choix. \u00ab <i>J\u2019ai choisi de rejoindre l\u2019Olympique de Marseille parce que j\u2019ai \u00e9t\u00e9 s\u00e9duit par le d\u00e9fi qui m\u2019a \u00e9t\u00e9 pr\u00e9sent\u00e9. L\u2019OM est un club unique, avec une histoire exceptionnelle, une identit\u00e9 forte et des supporters dont la passion est reconnue bien au-del\u00e0 de ses fronti\u00e8res. Je suis tr\u00e8s heureux de prendre part \u00e0 ce nouveau projet. Je tiens \u00e0 remercier Frank McCourt, St\u00e9phane Richard et Gr\u00e9gory Lorenzi pour leur confiance. Je suis impatient de commencer le travail avec l\u2019ensemble des \u00e9quipes du club et les joueurs afin de construire un groupe \u00e0 la hauteur des ambitions de l\u2019Olympique de Marseille.<\/i> \u00bb<\/p>\n<\/p><\/div>\n","protected":false},"excerpt":{"rendered":"Apr&egrave;s avoir recrut&eacute; Gr&eacute;gory Lorenzi pour assurer la direction sportive, l&rsquo;OM tient son nouvel entra&icirc;neur. Sans surprise, Bruno Genesio a sign&eacute; son contrat en faveur du club olympien. Ce dernier a &#8230;","protected":false},"author":1,"featured_media":34818,"comment_status":"open","ping_status":"open","sticky":false,"template":"","format":"standard","meta":{"footnotes":""},"categories":[3926,3925,7],"tags":[10,13,16,14],"news-destination":[3944],"news-source":[475],"is_homepage":[],"ta_other":[],"class_list":["post-34817","post","type-post","status-publish","format-standard","has-post-thumbnail","hentry","category-accueil-merge","category-accueil-third","category-sports","tag-bouches-du-rhone","tag-football","tag-marseille","tag-om","news-destination-homepage","news-source-website"],"_links":{"self":[{"href":"https:\/\/euapp01.newsmemory.com\/lamarseillaise\/news\/wp-json\/wp\/v2\/posts\/34817","targetHints":{"allow":["GET"]}}],"collection":[{"href":"https:\/\/euapp01.newsmemory.com\/lamarseillaise\/news\/wp-json\/wp\/v2\/posts"}],"about":[{"href":"https:\/\/euapp01.newsmemory.com\/lamarseillaise\/news\/wp-json\/wp\/v2\/types\/post"}],"author":[{"embeddable":true,"href":"https:\/\/euapp01.newsmemory.com\/lamarseillaise\/news\/wp-json\/wp\/v2\/users\/1"}],"replies":[{"embeddable":true,"href":"https:\/\/euapp01.newsmemory.com\/lamarseillaise\/news\/wp-json\/wp\/v2\/comments?post=34817"}],"version-history":[{"count":1,"href":"https:\/\/euapp01.newsmemory.com\/lamarseillaise\/news\/wp-json\/wp\/v2\/posts\/34817\/revisions"}],"predecessor-version":[{"id":34819,"href":"https:\/\/euapp01.newsmemory.com\/lamarseillaise\/news\/wp-json\/wp\/v2\/posts\/34817\/revisions\/34819"}],"wp:featuredmedia":[{"embeddable":true,"href":"https:\/\/euapp01.newsmemory.com\/lamarseillaise\/news\/wp-json\/wp\/v2\/media\/34818"}],"wp:attachment":[{"href":"https:\/\/euapp01.newsmemory.com\/lamarseillaise\/news\/wp-json\/wp\/v2\/media?parent=34817"}],"wp:term":[{"taxonomy":"category","embeddable":true,"href":"https:\/\/euapp01.newsmemory.com\/lamarseillaise\/news\/wp-json\/wp\/v2\/categories?post=34817"},{"taxonomy":"post_tag","embeddable":true,"href":"https:\/\/euapp01.newsmemory.com\/lamarseillaise\/news\/wp-json\/wp\/v2\/tags?post=34817"},{"taxonomy":"news-destination","embeddable":true,"href":"https:\/\/euapp01.newsmemory.com\/lamarseillaise\/news\/wp-json\/wp\/v2\/news-destination?post=34817"},{"taxonomy":"news-source","embeddable":true,"href":"https:\/\/euapp01.newsmemory.com\/lamarseillaise\/news\/wp-json\/wp\/v2\/news-source?post=34817"},{"taxonomy":"is_homepage","embeddable":true,"href":"https:\/\/euapp01.newsmemory.com\/lamarseillaise\/news\/wp-json\/wp\/v2\/is_homepage?post=34817"},{"taxonomy":"ta_other","embeddable":true,"href":"https:\/\/euapp01.newsmemory.com\/lamarseillaise\/news\/wp-json\/wp\/v2\/ta_other?post=34817"}],"curies":[{"name":"wp","href":"https:\/\/api.w.org\/{rel}","templated":true}]}}