{"id":34811,"date":"2026-07-01T09:26:00","date_gmt":"2026-07-01T07:26:00","guid":{"rendered":"https:\/\/euapp01.newsmemory.com\/lamarseillaise\/news\/?p=34811"},"modified":"2026-07-05T12:51:32","modified_gmt":"2026-07-05T10:51:32","slug":"michele-rubirola-reelue-presidente-du-conseil-de-surveillance-de-lap-hm","status":"publish","type":"post","link":"https:\/\/euapp01.newsmemory.com\/lamarseillaise\/news\/2026\/07\/01\/michele-rubirola-reelue-presidente-du-conseil-de-surveillance-de-lap-hm\/","title":{"rendered":"Mich\u00e8le Rubirola r\u00e9\u00e9lue pr\u00e9sidente du Conseil de surveillance de l\u2019AP-HM"},"content":{"rendered":"<div class=\"paragraph\">\n<p>\u00ab <i>Cap sur 2030, ce ne sont pas seulement des b\u00e2timents, c\u2019est l\u2019 ambition d\u2019une m\u00e9decine plus moderne, mieux coordonn\u00e9e, la volont\u00e9 de lutter contre les in\u00e9galit\u00e9s de sant\u00e9, a assur\u00e9 Michelle Rubirola, il reste des d\u00e9fis \u00e0 relever et je souhaite apporter ma contribution \u00e0 cette stabilit\u00e9 dont je crois que notre institution a besoin.<\/i> \u00bb Par ailleurs, le Conseil a accueilli deux nouveaux membres : Pierre Huguet, repr\u00e9sentant de la Ville de Marseille. Il est 8e adjoint au maire de Marseille, conseiller m\u00e9tropolitain 1er vice-pr\u00e9sident d\u00e9l\u00e9gu\u00e9 \u00e0 l\u2019Am\u00e9lioration du cadre de vie (voirie, propret\u00e9), il rejoint l\u2019instance aux c\u00f4t\u00e9s de Pascal Dellessard, personnalit\u00e9 qualifi\u00e9e repr\u00e9sentant les usagers et pr\u00e9sident de l\u2019association Petits C\u0153urs de Beurre.<\/p>\n<\/p><\/div>\n","protected":false},"excerpt":{"rendered":"&laquo; Cap sur 2030, ce ne sont pas seulement des b&acirc;timents, c&rsquo;est l&rsquo; ambition d&rsquo;une m&eacute;decine plus moderne, mieux coordonn&eacute;e, la volont&eacute; de lutter contre les in&eacute;galit&eacute;s de sant&eacute;, a &#8230;","protected":false},"author":1,"featured_media":34812,"comment_status":"open","ping_status":"open","sticky":false,"template":"","format":"standard","meta":{"footnotes":""},"categories":[3926,3925,330,20],"tags":[4214,10,5782,1501,16,258,671,693,2528,256,2396,99],"news-destination":[3944],"news-source":[475],"is_homepage":[],"ta_other":[],"class_list":["post-34811","post","type-post","status-publish","format-standard","has-post-thumbnail","hentry","category-accueil-merge","category-accueil-third","category-politique","category-societe","tag-aphm","tag-bouches-du-rhone","tag-election","tag-hopital","tag-marseille","tag-medecine","tag-metropole-aix-marseille","tag-michele-rubirola","tag-pierre-huguet","tag-sante","tag-usagers","tag-ville-de-marseille","news-destination-homepage","news-source-website"],"_links":{"self":[{"href":"https:\/\/euapp01.newsmemory.com\/lamarseillaise\/news\/wp-json\/wp\/v2\/posts\/34811","targetHints":{"allow":["GET"]}}],"collection":[{"href":"https:\/\/euapp01.newsmemory.com\/lamarseillaise\/news\/wp-json\/wp\/v2\/posts"}],"about":[{"href":"https:\/\/euapp01.newsmemory.com\/lamarseillaise\/news\/wp-json\/wp\/v2\/types\/post"}],"author":[{"embeddable":true,"href":"https:\/\/euapp01.newsmemory.com\/lamarseillaise\/news\/wp-json\/wp\/v2\/users\/1"}],"replies":[{"embeddable":true,"href":"https:\/\/euapp01.newsmemory.com\/lamarseillaise\/news\/wp-json\/wp\/v2\/comments?post=34811"}],"version-history":[{"count":1,"href":"https:\/\/euapp01.newsmemory.com\/lamarseillaise\/news\/wp-json\/wp\/v2\/posts\/34811\/revisions"}],"predecessor-version":[{"id":34813,"href":"https:\/\/euapp01.newsmemory.com\/lamarseillaise\/news\/wp-json\/wp\/v2\/posts\/34811\/revisions\/34813"}],"wp:featuredmedia":[{"embeddable":true,"href":"https:\/\/euapp01.newsmemory.com\/lamarseillaise\/news\/wp-json\/wp\/v2\/media\/34812"}],"wp:attachment":[{"href":"https:\/\/euapp01.newsmemory.com\/lamarseillaise\/news\/wp-json\/wp\/v2\/media?parent=34811"}],"wp:term":[{"taxonomy":"category","embeddable":true,"href":"https:\/\/euapp01.newsmemory.com\/lamarseillaise\/news\/wp-json\/wp\/v2\/categories?post=34811"},{"taxonomy":"post_tag","embeddable":true,"href":"https:\/\/euapp01.newsmemory.com\/lamarseillaise\/news\/wp-json\/wp\/v2\/tags?post=34811"},{"taxonomy":"news-destination","embeddable":true,"href":"https:\/\/euapp01.newsmemory.com\/lamarseillaise\/news\/wp-json\/wp\/v2\/news-destination?post=34811"},{"taxonomy":"news-source","embeddable":true,"href":"https:\/\/euapp01.newsmemory.com\/lamarseillaise\/news\/wp-json\/wp\/v2\/news-source?post=34811"},{"taxonomy":"is_homepage","embeddable":true,"href":"https:\/\/euapp01.newsmemory.com\/lamarseillaise\/news\/wp-json\/wp\/v2\/is_homepage?post=34811"},{"taxonomy":"ta_other","embeddable":true,"href":"https:\/\/euapp01.newsmemory.com\/lamarseillaise\/news\/wp-json\/wp\/v2\/ta_other?post=34811"}],"curies":[{"name":"wp","href":"https:\/\/api.w.org\/{rel}","templated":true}]}}