{"id":34808,"date":"2026-07-01T09:00:00","date_gmt":"2026-07-01T07:00:00","guid":{"rendered":"https:\/\/euapp01.newsmemory.com\/lamarseillaise\/news\/?p=34808"},"modified":"2026-07-04T20:36:12","modified_gmt":"2026-07-04T18:36:12","slug":"la-region-part-a-la-rencontre-des-maires-doccitanie","status":"publish","type":"post","link":"https:\/\/euapp01.newsmemory.com\/lamarseillaise\/news\/2026\/07\/01\/la-region-part-a-la-rencontre-des-maires-doccitanie\/","title":{"rendered":"La R\u00e9gion part \u00e0 la rencontre des maires d\u2019Occitanie"},"content":{"rendered":"<div class=\"paragraph\">\n<p>De nombreux \u00e9lus locaux ne connaissent pas l\u2019ensemble des dispositifs r\u00e9gionaux auxquels ils peuvent avoir acc\u00e8s. C\u2019est une des raisons pour lesquelles la R\u00e9gion Occitanie organise une grande rencontre avec les maires du territoire, le jeudi 2\u00a0juillet \u00e0 Montpellier et le vendredi 10\u00a0juillet \u00e0 Toulouse, apr\u00e8s une premi\u00e8re \u00e9dition r\u00e9ussie en 2023. <i>\u00ab<\/i><i>\u00a0<\/i><i>Le but est de rencontrer les nouveaux \u00e9lus et de leur pr\u00e9senter les diff\u00e9rents dispositifs \u00e0 leur disposition<\/i><i>\u00a0<\/i><i>\u00bb<\/i>, expose Murielle Abadie, vice-pr\u00e9sidente de la R\u00e9gion d\u00e9l\u00e9gu\u00e9e \u00e0 la coh\u00e9sion et \u00e0 la mobilit\u00e9 territoriale.<\/p>\n<\/p><\/div>\n<div class=\"intext\"> Cr\u00e9er du lien\n              <\/div>\n<div class=\"paragraph\">\n<p>\u00c0 Montpellier comme \u00e0 Toulouse, la journ\u00e9e s\u2019ouvrira avec un temps d\u2019accueil en pr\u00e9sence de la pr\u00e9sidente de R\u00e9gion Carole Delga et de Jean-Marc Vayssouze-Faure, pr\u00e9sident de l\u2019Association des maires d\u2019Occitanie. La matin\u00e9e sera ensuite d\u00e9di\u00e9e aux \u00e9changes autour des politiques publiques r\u00e9gionales, notamment \u00e0 travers une table ronde des maires du territoire<i>. \u00ab<\/i><i>\u00a0<\/i><i>Le but est d\u2019avoir des retours des maires qui sont accompagn\u00e9s par des fonds r\u00e9gionaux, <\/i>pr\u00e9cise Murielle Abadie<i>.<\/i> <i>Nous veillons \u00e0 ce que les participants repr\u00e9sentent une diversit\u00e9 de communes, en termes de taille et de localisation.<\/i><i>\u00a0<\/i><i>\u00bb<\/i><\/p>\n<p>Deux grands t\u00e9moins viendront aussi dialoguer avec les \u00e9lus\u00a0: Claude Onesta, ancien s\u00e9lectionneur de l\u2019\u00e9quipe de France de handball, \u00e0 Toulouse, et Sylvain Tesson, romancier et g\u00e9ographe, \u00e0 Montpellier. L\u2019apr\u00e8s-midi, un village des services sera mis en place avec des repr\u00e9sentants de chaque service de la R\u00e9gion. <i>\u00ab<\/i><i>\u00a0<\/i><i>Ces rencontres sont l\u2019occasion de se mettre \u00e0 disposition des \u00e9lus locaux, <\/i>conclut Murielle Abadie. <i>C\u2019est un moyen de leur r\u00e9affirmer notre soutien et l\u2019engagement de la R\u00e9gion \u00e0 cr\u00e9er un partenariat \u00e9troit avec les collectivit\u00e9s.<\/i><i>\u00a0<\/i><i>\u00bb<\/i><\/p>\n<\/p><\/div>\n","protected":false},"excerpt":{"rendered":"De nombreux &eacute;lus locaux ne connaissent pas l&rsquo;ensemble des dispositifs r&eacute;gionaux auxquels ils peuvent avoir acc&egrave;s. C&rsquo;est une des raisons pour lesquelles la R&eacute;gion Occitanie organise une grande rencontre avec &#8230;","protected":false},"author":1,"featured_media":34809,"comment_status":"open","ping_status":"open","sticky":false,"template":"","format":"standard","meta":{"footnotes":""},"categories":[3926,3925,330],"tags":[879,208,697,239,2161,284,873,698],"news-destination":[3944],"news-source":[475],"is_homepage":[],"ta_other":[],"class_list":["post-34808","post","type-post","status-publish","format-standard","has-post-thumbnail","hentry","category-accueil-merge","category-accueil-third","category-politique","tag-carole-delga","tag-collectivites","tag-elus","tag-herault","tag-maires","tag-occitanie","tag-region-occitanie","tag-rencontre","news-destination-homepage","news-source-website"],"_links":{"self":[{"href":"https:\/\/euapp01.newsmemory.com\/lamarseillaise\/news\/wp-json\/wp\/v2\/posts\/34808","targetHints":{"allow":["GET"]}}],"collection":[{"href":"https:\/\/euapp01.newsmemory.com\/lamarseillaise\/news\/wp-json\/wp\/v2\/posts"}],"about":[{"href":"https:\/\/euapp01.newsmemory.com\/lamarseillaise\/news\/wp-json\/wp\/v2\/types\/post"}],"author":[{"embeddable":true,"href":"https:\/\/euapp01.newsmemory.com\/lamarseillaise\/news\/wp-json\/wp\/v2\/users\/1"}],"replies":[{"embeddable":true,"href":"https:\/\/euapp01.newsmemory.com\/lamarseillaise\/news\/wp-json\/wp\/v2\/comments?post=34808"}],"version-history":[{"count":1,"href":"https:\/\/euapp01.newsmemory.com\/lamarseillaise\/news\/wp-json\/wp\/v2\/posts\/34808\/revisions"}],"predecessor-version":[{"id":34810,"href":"https:\/\/euapp01.newsmemory.com\/lamarseillaise\/news\/wp-json\/wp\/v2\/posts\/34808\/revisions\/34810"}],"wp:featuredmedia":[{"embeddable":true,"href":"https:\/\/euapp01.newsmemory.com\/lamarseillaise\/news\/wp-json\/wp\/v2\/media\/34809"}],"wp:attachment":[{"href":"https:\/\/euapp01.newsmemory.com\/lamarseillaise\/news\/wp-json\/wp\/v2\/media?parent=34808"}],"wp:term":[{"taxonomy":"category","embeddable":true,"href":"https:\/\/euapp01.newsmemory.com\/lamarseillaise\/news\/wp-json\/wp\/v2\/categories?post=34808"},{"taxonomy":"post_tag","embeddable":true,"href":"https:\/\/euapp01.newsmemory.com\/lamarseillaise\/news\/wp-json\/wp\/v2\/tags?post=34808"},{"taxonomy":"news-destination","embeddable":true,"href":"https:\/\/euapp01.newsmemory.com\/lamarseillaise\/news\/wp-json\/wp\/v2\/news-destination?post=34808"},{"taxonomy":"news-source","embeddable":true,"href":"https:\/\/euapp01.newsmemory.com\/lamarseillaise\/news\/wp-json\/wp\/v2\/news-source?post=34808"},{"taxonomy":"is_homepage","embeddable":true,"href":"https:\/\/euapp01.newsmemory.com\/lamarseillaise\/news\/wp-json\/wp\/v2\/is_homepage?post=34808"},{"taxonomy":"ta_other","embeddable":true,"href":"https:\/\/euapp01.newsmemory.com\/lamarseillaise\/news\/wp-json\/wp\/v2\/ta_other?post=34808"}],"curies":[{"name":"wp","href":"https:\/\/api.w.org\/{rel}","templated":true}]}}