{"id":34805,"date":"2026-07-01T09:09:00","date_gmt":"2026-07-01T07:09:00","guid":{"rendered":"https:\/\/euapp01.newsmemory.com\/lamarseillaise\/news\/?p=34805"},"modified":"2026-07-05T11:32:19","modified_gmt":"2026-07-05T09:32:19","slug":"dans-le-gard-une-conserverie-pour-sauver-les-surplus-agricoles","status":"publish","type":"post","link":"https:\/\/euapp01.newsmemory.com\/lamarseillaise\/news\/2026\/07\/01\/dans-le-gard-une-conserverie-pour-sauver-les-surplus-agricoles\/","title":{"rendered":"Dans le Gard, une conserverie pour sauver les surplus agricoles"},"content":{"rendered":"<div class=\"paragraph\">\n<p>Soutenue par la R\u00e9gion Occitanie \u00e0 hauteur de 9\u00a0000\u00a0euros, l\u2019initiative vise \u00e0 transformer les surplus de fruits et l\u00e9gumes locaux tout en luttant contre le gaspillage alimentaire. Le principe repose sur un camion am\u00e9nag\u00e9, \u00e9quip\u00e9 pour la pr\u00e9paration, la st\u00e9rilisation et la mise en bocaux. Soupes, sauces, compotes ou confitures pourraient ainsi \u00eatre r\u00e9alis\u00e9es directement au plus pr\u00e8s des exploitations agricoles, des cuisines collectives ou des structures partenaires. Des productions qui, faute de d\u00e9bouch\u00e9s ou d\u2019outils adapt\u00e9s, seraient autrement perdues pourront ainsi \u00eatre valoris\u00e9es.<\/p>\n<p>La R\u00e9gion explique vouloir soutenir \u00ab<i>\u00a0<\/i><i>des solutions concr\u00e8tes, ancr\u00e9es dans les territoires, qui permettent \u00e0 la fois de lutter contre la pr\u00e9carit\u00e9 alimentaire, de soutenir nos agriculteurs et de favoriser une alimentation locale et de qualit\u00e9<\/i><i>\u00a0<\/i>\u00bb.<\/p>\n<\/p><\/div>\n<div class=\"intext\"> Un outil au service<br \/>\n               <br \/>du territoire\n              <\/div>\n<div class=\"paragraph\">\n<p>Au-del\u00e0 de la lutte contre le gaspillage, l\u2019initiative entend renforcer les liens entre producteurs, structures solidaires et collectivit\u00e9s. Le projet comporte \u00e9galement une dimension sociale importante. Des salari\u00e9s en parcours d\u2019insertion participeront \u00e0 la pr\u00e9paration des fruits et l\u00e9gumes sous l\u2019encadrement d\u2019un chef d\u2019atelier, leur permettant d\u2019acqu\u00e9rir une exp\u00e9rience professionnelle dans le secteur alimentaire.<\/p>\n<p>Une trentaine d\u2019interventions annuelles sont envisag\u00e9es pour environ six tonnes de bocaux produits chaque ann\u00e9e. \u00c0 terme, le camion pourrait intervenir sur plusieurs secteurs du Gard afin de valoriser les surplus agricoles et certains produits non distribu\u00e9s par les structures d\u2019aide alimentaire. Initialement esp\u00e9r\u00e9e cet \u00e9t\u00e9, la mise en service devrait finalement intervenir \u00e0 l\u2019automne 2026.<\/p>\n<\/p><\/div>\n","protected":false},"excerpt":{"rendered":"Soutenue par la R&eacute;gion Occitanie &agrave; hauteur de 9&nbsp;000&nbsp;euros, l&rsquo;initiative vise &agrave; transformer les surplus de fruits et l&eacute;gumes locaux tout en luttant contre le gaspillage alimentaire. Le principe repose sur &#8230;","protected":false},"author":1,"featured_media":34806,"comment_status":"open","ping_status":"open","sticky":false,"template":"","format":"standard","meta":{"footnotes":""},"categories":[3926,3925,333,20],"tags":[2311,2705,1414,238,5993,284,392,4531],"news-destination":[3944],"news-source":[475],"is_homepage":[],"ta_other":[],"class_list":["post-34805","post","type-post","status-publish","format-standard","has-post-thumbnail","hentry","category-accueil-merge","category-accueil-third","category-environnement","category-societe","tag-agricole","tag-aide-alimentaire","tag-alimentation","tag-gard","tag-invendus","tag-occitanie","tag-solidaire","tag-sommieres","news-destination-homepage","news-source-website"],"_links":{"self":[{"href":"https:\/\/euapp01.newsmemory.com\/lamarseillaise\/news\/wp-json\/wp\/v2\/posts\/34805","targetHints":{"allow":["GET"]}}],"collection":[{"href":"https:\/\/euapp01.newsmemory.com\/lamarseillaise\/news\/wp-json\/wp\/v2\/posts"}],"about":[{"href":"https:\/\/euapp01.newsmemory.com\/lamarseillaise\/news\/wp-json\/wp\/v2\/types\/post"}],"author":[{"embeddable":true,"href":"https:\/\/euapp01.newsmemory.com\/lamarseillaise\/news\/wp-json\/wp\/v2\/users\/1"}],"replies":[{"embeddable":true,"href":"https:\/\/euapp01.newsmemory.com\/lamarseillaise\/news\/wp-json\/wp\/v2\/comments?post=34805"}],"version-history":[{"count":1,"href":"https:\/\/euapp01.newsmemory.com\/lamarseillaise\/news\/wp-json\/wp\/v2\/posts\/34805\/revisions"}],"predecessor-version":[{"id":34807,"href":"https:\/\/euapp01.newsmemory.com\/lamarseillaise\/news\/wp-json\/wp\/v2\/posts\/34805\/revisions\/34807"}],"wp:featuredmedia":[{"embeddable":true,"href":"https:\/\/euapp01.newsmemory.com\/lamarseillaise\/news\/wp-json\/wp\/v2\/media\/34806"}],"wp:attachment":[{"href":"https:\/\/euapp01.newsmemory.com\/lamarseillaise\/news\/wp-json\/wp\/v2\/media?parent=34805"}],"wp:term":[{"taxonomy":"category","embeddable":true,"href":"https:\/\/euapp01.newsmemory.com\/lamarseillaise\/news\/wp-json\/wp\/v2\/categories?post=34805"},{"taxonomy":"post_tag","embeddable":true,"href":"https:\/\/euapp01.newsmemory.com\/lamarseillaise\/news\/wp-json\/wp\/v2\/tags?post=34805"},{"taxonomy":"news-destination","embeddable":true,"href":"https:\/\/euapp01.newsmemory.com\/lamarseillaise\/news\/wp-json\/wp\/v2\/news-destination?post=34805"},{"taxonomy":"news-source","embeddable":true,"href":"https:\/\/euapp01.newsmemory.com\/lamarseillaise\/news\/wp-json\/wp\/v2\/news-source?post=34805"},{"taxonomy":"is_homepage","embeddable":true,"href":"https:\/\/euapp01.newsmemory.com\/lamarseillaise\/news\/wp-json\/wp\/v2\/is_homepage?post=34805"},{"taxonomy":"ta_other","embeddable":true,"href":"https:\/\/euapp01.newsmemory.com\/lamarseillaise\/news\/wp-json\/wp\/v2\/ta_other?post=34805"}],"curies":[{"name":"wp","href":"https:\/\/api.w.org\/{rel}","templated":true}]}}