{"id":34797,"date":"2026-07-01T08:57:00","date_gmt":"2026-07-01T06:57:00","guid":{"rendered":"https:\/\/euapp01.newsmemory.com\/lamarseillaise\/news\/?p=34797"},"modified":"2026-07-04T19:13:27","modified_gmt":"2026-07-04T17:13:27","slug":"alterlivres-en-premiere-ligne-sur-la-bataille-culturelle","status":"publish","type":"post","link":"https:\/\/euapp01.newsmemory.com\/lamarseillaise\/news\/2026\/07\/01\/alterlivres-en-premiere-ligne-sur-la-bataille-culturelle\/","title":{"rendered":"Alterlivres, en premi\u00e8re ligne sur la bataille culturelle"},"content":{"rendered":"<div class=\"paragraph\">\n<p>Apr\u00e8s avoir franchi la cour des artisans et \u00e0 peine le palier de la porte d\u2019Alterlivres pass\u00e9, le ton est donn\u00e9. Sur une table \u00e0 l\u2019entr\u00e9e sont dispos\u00e9s plusieurs ouvrages sur l\u2019extr\u00eame droite comme <i>Fascisme Tardif<\/i> d\u2019Alberto Toscano, <i>Un fasciste fran\u00e7ais<\/i> de Christian Rol ou <i>La psychologie de masse du fascisme<\/i> de Wilhelm Reich. Dans cette librairie, les ouvrages de d\u2019Antonio Gramsci c\u00f4toient ceux de Salom\u00e9 Saqu\u00e9, Alain Damasio, Angela Davis ou Mario Tronti. Si une importante place est consacr\u00e9e aux \u00e9crits sur le f\u00e9minisme, le capitalisme, l\u2019\u00e9cologie et la g\u00e9opolitique, Alterlivres met aussi \u00e0 l\u2019honneur les romans de maisons d\u2019\u00e9dition plus confidentielles. Un espace jeunesse est \u00e9galement pr\u00e9sent avec quelques titres comme <i>Koko n\u2019aime pas le capitalisme, <\/i>montrant ainsi que la bataille culturelle se m\u00e8ne \u00e0 tout \u00e2ge.<\/p>\n<p>Alterlivres a \u00e9t\u00e9 fond\u00e9e en 2014 par Giusti Zuccato, d\u00e9c\u00e9d\u00e9 l\u2019an dernier. Militant du mouvement autonome en Italie dans les ann\u00e9es 1970, Gusti Zuccato a pass\u00e9 quatre ans dans la clandestinit\u00e9 avant de rejoindre la France. Il y fonde la librairie italienne la Tour de Babel \u00e0 Paris, Alterlivres \u00e0 Sauve et anime plusieurs maisons d\u2019\u00e9dition.<\/p>\n<\/p><\/div>\n<div class=\"intext\"> Reprise par un collectif\u00a0?\n              <\/div>\n<div class=\"paragraph\">\n<p>\u00ab\u00a0<i>Nous sommes un lieu de r\u00e9flexion autour de questions politiques notamment. Notre richesse, c\u2019est d\u2019\u00eatre ancr\u00e9 dans le territoire et d\u2019avoir une client\u00e8le tr\u00e8s localis\u00e9e. On n\u2019attend pas les touristes l\u2019\u00e9t\u00e9. Vu ce fonds un peu particulier que nous avons \u00e0 la librairie, il y a des gens qui viennent de Montpellier, du fin fond des C\u00e9vennes, voire de plus loin pour trouver une BD ou un petit essai en sciences humaines qu\u2019on ne trouve pas ailleurs. C\u2019est \u00e7a qui fait notre force<\/i>\u00a0\u00bb, r\u00e9sume Fanny, la libraire qui g\u00e8re au jour le jour la librairie.<\/p>\n<p>Aujourd\u2019hui, le commerce peut se targuer d\u2019avoir un chiffre d\u2019affaires en augmentation chaque ann\u00e9e. \u00ab\u00a0<i>\u00c7a fonctionne aussi parce qu\u2019on n\u2019est pas uniquement une librairie, nous avons r\u00e9ussi \u00e0 cr\u00e9er un lieu. Nous avons tiss\u00e9 des liens avec les associations. On accueille des artistes du coin, on fait des salons \u00e0 l\u2019ext\u00e9rieur, on a des partenariats. On travaille aussi avec les biblioth\u00e8ques du Pi\u00e9mont C\u00e9venol<\/i>\u00a0\u00bb, pr\u00e9cise Fanny. L\u2019an dernier, la librairie s\u2019\u00e9tait \u00e9galement distingu\u00e9e avec une grande soir\u00e9e consacr\u00e9e \u00e0 la sortie du livre d\u2019Abdoulaye Soumah, qui raconte son exil forc\u00e9 depuis la Guin\u00e9e en passant par les ge\u00f4les en Libye et sa travers\u00e9e de la M\u00e9diterran\u00e9e.<\/p>\n<p>Si Alterlivres se d\u00e9marque, c\u2019est aussi pour sa r\u00e9flexion men\u00e9e sur l\u2019\u00e9cologie du livre et les probl\u00e9matiques de concentration \u00e9ditoriale dans le secteur du livre. \u00ab\u00a0<i>Nous avons un fonds \u00e9norme<\/i>\u00a0\u00bb, explique Fanny. \u00ab\u00a0<i>Nous travaillons beaucoup moins la nouveaut\u00e9 et on essaie d\u2019aller \u00e0 contre-courant, de ralentir ce flux \u00e9norme de livres, etc. On essaie de promouvoir les petites maisons d\u2019\u00e9dition et les petits distributeurs. On ne peut pas se passer du groupe Hachette et de Bollor\u00e9, mais on essaie de le limiter au maximum.<\/i><i>\u00a0<\/i><i>\u00bb<\/i><\/p>\n<p>Depuis le d\u00e9c\u00e8s de Giusti Zuccato, la librairie cherche aussi un nouveau souffle pour p\u00e9renniser son avenir dans un contexte o\u00f9 le livre fait d\u00e9sormais difficilement recette. Fanny cherche actuellement \u00e0 constituer un collectif capable de reprendre la librairie. \u00ab\u00a0<i>On est vraiment aux pr\u00e9mices de \u00e7a mais on est sur des d\u00e9lais assez courts parce qu\u2019il faudrait que ce soit r\u00e9gl\u00e9 avant la fin de l\u2019ann\u00e9e. Beaucoup de clients nous t\u00e9moignent un soutien \u00e9norme. Ils sont vraiment pr\u00e9occup\u00e9s par l\u2019avenir de la librairie, donc je pense qu\u2019on pourra compter sur eux le moment venu<\/i><i>\u00a0<\/i>\u00bb, conclut Fanny.<\/p>\n<\/p><\/div>\n","protected":false},"excerpt":{"rendered":"Apr&egrave;s avoir franchi la cour des artisans et &agrave; peine le palier de la porte d&rsquo;Alterlivres pass&eacute;, le ton est donn&eacute;. Sur une table &agrave; l&rsquo;entr&eacute;e sont dispos&eacute;s plusieurs ouvrages sur &#8230;","protected":false},"author":1,"featured_media":34798,"comment_status":"open","ping_status":"open","sticky":false,"template":"","format":"standard","meta":{"footnotes":""},"categories":[3926,3925,32,338],"tags":[247,1928,35,328,441,1929,238,1293,3875,2638,3422,1248,284,262],"news-destination":[3944],"news-source":[475],"is_homepage":[],"ta_other":[],"class_list":["post-34797","post","type-post","status-publish","format-standard","has-post-thumbnail","hentry","category-accueil-merge","category-accueil-third","category-culture","category-economie","tag-247","tag-antifascisme","tag-culture","tag-engagement","tag-extreme-droite","tag-fascisme","tag-gard","tag-lecture","tag-lecture-jeunesse","tag-libraire","tag-librairies-independantes","tag-livre","tag-occitanie","tag-sauve","news-destination-homepage","news-source-website"],"_links":{"self":[{"href":"https:\/\/euapp01.newsmemory.com\/lamarseillaise\/news\/wp-json\/wp\/v2\/posts\/34797","targetHints":{"allow":["GET"]}}],"collection":[{"href":"https:\/\/euapp01.newsmemory.com\/lamarseillaise\/news\/wp-json\/wp\/v2\/posts"}],"about":[{"href":"https:\/\/euapp01.newsmemory.com\/lamarseillaise\/news\/wp-json\/wp\/v2\/types\/post"}],"author":[{"embeddable":true,"href":"https:\/\/euapp01.newsmemory.com\/lamarseillaise\/news\/wp-json\/wp\/v2\/users\/1"}],"replies":[{"embeddable":true,"href":"https:\/\/euapp01.newsmemory.com\/lamarseillaise\/news\/wp-json\/wp\/v2\/comments?post=34797"}],"version-history":[{"count":1,"href":"https:\/\/euapp01.newsmemory.com\/lamarseillaise\/news\/wp-json\/wp\/v2\/posts\/34797\/revisions"}],"predecessor-version":[{"id":34799,"href":"https:\/\/euapp01.newsmemory.com\/lamarseillaise\/news\/wp-json\/wp\/v2\/posts\/34797\/revisions\/34799"}],"wp:featuredmedia":[{"embeddable":true,"href":"https:\/\/euapp01.newsmemory.com\/lamarseillaise\/news\/wp-json\/wp\/v2\/media\/34798"}],"wp:attachment":[{"href":"https:\/\/euapp01.newsmemory.com\/lamarseillaise\/news\/wp-json\/wp\/v2\/media?parent=34797"}],"wp:term":[{"taxonomy":"category","embeddable":true,"href":"https:\/\/euapp01.newsmemory.com\/lamarseillaise\/news\/wp-json\/wp\/v2\/categories?post=34797"},{"taxonomy":"post_tag","embeddable":true,"href":"https:\/\/euapp01.newsmemory.com\/lamarseillaise\/news\/wp-json\/wp\/v2\/tags?post=34797"},{"taxonomy":"news-destination","embeddable":true,"href":"https:\/\/euapp01.newsmemory.com\/lamarseillaise\/news\/wp-json\/wp\/v2\/news-destination?post=34797"},{"taxonomy":"news-source","embeddable":true,"href":"https:\/\/euapp01.newsmemory.com\/lamarseillaise\/news\/wp-json\/wp\/v2\/news-source?post=34797"},{"taxonomy":"is_homepage","embeddable":true,"href":"https:\/\/euapp01.newsmemory.com\/lamarseillaise\/news\/wp-json\/wp\/v2\/is_homepage?post=34797"},{"taxonomy":"ta_other","embeddable":true,"href":"https:\/\/euapp01.newsmemory.com\/lamarseillaise\/news\/wp-json\/wp\/v2\/ta_other?post=34797"}],"curies":[{"name":"wp","href":"https:\/\/api.w.org\/{rel}","templated":true}]}}