{"id":34791,"date":"2026-07-01T08:20:00","date_gmt":"2026-07-01T06:20:00","guid":{"rendered":"https:\/\/euapp01.newsmemory.com\/lamarseillaise\/news\/?p=34791"},"modified":"2026-07-01T10:10:28","modified_gmt":"2026-07-01T08:10:28","slug":"le-portail-rouvert-la-voie-est-libre-aux-chutes-lavie","status":"publish","type":"post","link":"https:\/\/euapp01.newsmemory.com\/lamarseillaise\/news\/2026\/07\/01\/le-portail-rouvert-la-voie-est-libre-aux-chutes-lavie\/","title":{"rendered":"Le portail rouvert, la voie est libre aux Chutes Lavie"},"content":{"rendered":"<div class=\"paragraph\">\n<p>Mobilisation, m\u00e9diations, soutien du maire de secteur, de la mairie centrale\u00a0: il \u00e9tait moins une avant que l\u2019affaire ne se r\u00e8gle devant la justice. Le 29\u00a0juin, r\u00e9unie en assembl\u00e9e g\u00e9n\u00e9rale, l\u2019ASL a vot\u00e9 la r\u00e9ouverture de la rue au quartier.<\/p>\n<p>L\u2019ASL, aux commandes la co-propri\u00e9t\u00e9 depuis la vente de la cit\u00e9-jardin par HMP, aujourd\u2019hui PML, avait revendiqu\u00e9 la privatisation de la rue qui traverse la cit\u00e9 en condamnant le portail et tout un quartier \u00e0 faire des d\u00e9tours dangereux. Un combat des habitants des Chutes Lavie s\u2019\u00e9tait alors engag\u00e9. La dynamique Nathalie Prost, \u00e0 la t\u00eate du collectif, avait fait monter l\u2019a\u00efoli pour rendre leur libert\u00e9 de passage aux habitants et faire entendre raison aux copropri\u00e9taires. C\u2019\u00e9tait chose faite lundi. La r\u00e9ouverture est act\u00e9e.<\/p>\n<\/p><\/div>\n<div class=\"intext\"> F\u00eate du partage \u00e0 la rentr\u00e9e\n              <\/div>\n<div class=\"paragraph\">\n<p>\u00ab\u00a0<i>J\u2019\u00e9tais une habitante engag\u00e9e, je suis aujourd\u2019hui \u00e9lue du secteur<\/i><i>\u00a0<\/i>\u00bb<i>,<\/i> a-t-elle rappel\u00e9, mardi, devant le portail, en remerciant l\u2019ensemble des soutiens. En pr\u00e9cisant\u00a0: \u00ab\u00a0<i>Mon engagement citoyen a trouv\u00e9 un relais politique, Didier Jau nous a entendus et la politique d\u00e9fendue est celle d\u2019une ville ouverte, solidaire, o\u00f9 la libert\u00e9 de d\u00e9placement est rendue aux citoyens.<\/i><i>\u00a0<\/i>\u00bb Le maire \u00e9cologiste du Printemps marseillais voit dans cette victoire un symbole et se f\u00e9licite\u00a0: \u00ab\u00a0<i>100<\/i><i>\u00a0<\/i><i>jours pile apr\u00e8s notre r\u00e9installation \u00e0 la mairie des 4<\/i><i><sup>e<\/sup><\/i><i> et 5<\/i><i><sup>e<\/sup><\/i><i>\u00a0<\/i><i>arrondissements. C\u2019\u00e9tait un engagement de campagne. Avec le soutien de la mairie centrale, il a \u00e9t\u00e9 tenu<\/i>.\u00a0\u00bb<\/p>\n<p>Si le vote ent\u00e9rine la r\u00e9ouverture pi\u00e9tonne, il ne reste qu\u2019\u00e0 desceller les verrous du portail pour que l\u2019acc\u00e8s au jardin municipal r\u00e9nov\u00e9, \u00e0 la cr\u00e8che communale et au coll\u00e8ge Dumas soit rendu \u00e0 tous. Et Didier Jau d\u2019inviter \u00ab\u00a0<i>tout le quartier \u00e0 une grande f\u00eate \u00e0 la rentr\u00e9e, la f\u00eate du partage, de la solidarit\u00e9 et de la marchabilit\u00e9<\/i><i>\u00a0<\/i>\u00bb.<\/p>\n<\/p><\/div>\n","protected":false},"excerpt":{"rendered":"Mobilisation, m&eacute;diations, soutien du maire de secteur, de la mairie centrale&nbsp;: il &eacute;tait moins une avant que l&rsquo;affaire ne se r&egrave;gle devant la justice. Le 29&nbsp;juin, r&eacute;unie en assembl&eacute;e &#8230;","protected":false},"author":1,"featured_media":34792,"comment_status":"open","ping_status":"open","sticky":false,"template":"","format":"standard","meta":{"footnotes":""},"categories":[20],"tags":[168,10,1420,2816,2887,2845,466,106,752,16,3026,4993,3028,4994,775,1581,700],"news-destination":[],"news-source":[475],"is_homepage":[],"ta_other":[],"class_list":["post-34791","post","type-post","status-publish","format-standard","has-post-thumbnail","hentry","category-societe","tag-association","tag-bouches-du-rhone","tag-circulation","tag-coproprietes","tag-didier-jau","tag-espace-public","tag-fete","tag-habitants","tag-maire","tag-marseille","tag-marseille-4e-arrondissement","tag-nathalie-prost","tag-pietons","tag-portail","tag-printemps-marseillais","tag-privatisation","tag-quartier","news-source-website"],"_links":{"self":[{"href":"https:\/\/euapp01.newsmemory.com\/lamarseillaise\/news\/wp-json\/wp\/v2\/posts\/34791","targetHints":{"allow":["GET"]}}],"collection":[{"href":"https:\/\/euapp01.newsmemory.com\/lamarseillaise\/news\/wp-json\/wp\/v2\/posts"}],"about":[{"href":"https:\/\/euapp01.newsmemory.com\/lamarseillaise\/news\/wp-json\/wp\/v2\/types\/post"}],"author":[{"embeddable":true,"href":"https:\/\/euapp01.newsmemory.com\/lamarseillaise\/news\/wp-json\/wp\/v2\/users\/1"}],"replies":[{"embeddable":true,"href":"https:\/\/euapp01.newsmemory.com\/lamarseillaise\/news\/wp-json\/wp\/v2\/comments?post=34791"}],"version-history":[{"count":1,"href":"https:\/\/euapp01.newsmemory.com\/lamarseillaise\/news\/wp-json\/wp\/v2\/posts\/34791\/revisions"}],"predecessor-version":[{"id":34793,"href":"https:\/\/euapp01.newsmemory.com\/lamarseillaise\/news\/wp-json\/wp\/v2\/posts\/34791\/revisions\/34793"}],"wp:featuredmedia":[{"embeddable":true,"href":"https:\/\/euapp01.newsmemory.com\/lamarseillaise\/news\/wp-json\/wp\/v2\/media\/34792"}],"wp:attachment":[{"href":"https:\/\/euapp01.newsmemory.com\/lamarseillaise\/news\/wp-json\/wp\/v2\/media?parent=34791"}],"wp:term":[{"taxonomy":"category","embeddable":true,"href":"https:\/\/euapp01.newsmemory.com\/lamarseillaise\/news\/wp-json\/wp\/v2\/categories?post=34791"},{"taxonomy":"post_tag","embeddable":true,"href":"https:\/\/euapp01.newsmemory.com\/lamarseillaise\/news\/wp-json\/wp\/v2\/tags?post=34791"},{"taxonomy":"news-destination","embeddable":true,"href":"https:\/\/euapp01.newsmemory.com\/lamarseillaise\/news\/wp-json\/wp\/v2\/news-destination?post=34791"},{"taxonomy":"news-source","embeddable":true,"href":"https:\/\/euapp01.newsmemory.com\/lamarseillaise\/news\/wp-json\/wp\/v2\/news-source?post=34791"},{"taxonomy":"is_homepage","embeddable":true,"href":"https:\/\/euapp01.newsmemory.com\/lamarseillaise\/news\/wp-json\/wp\/v2\/is_homepage?post=34791"},{"taxonomy":"ta_other","embeddable":true,"href":"https:\/\/euapp01.newsmemory.com\/lamarseillaise\/news\/wp-json\/wp\/v2\/ta_other?post=34791"}],"curies":[{"name":"wp","href":"https:\/\/api.w.org\/{rel}","templated":true}]}}