{"id":34785,"date":"2026-07-01T08:07:00","date_gmt":"2026-07-01T06:07:00","guid":{"rendered":"https:\/\/euapp01.newsmemory.com\/lamarseillaise\/news\/?p=34785"},"modified":"2026-07-04T15:32:46","modified_gmt":"2026-07-04T13:32:46","slug":"saison-des-feux-la-colonne-des-alpes-du-sud-prete-a-intervenir","status":"publish","type":"post","link":"https:\/\/euapp01.newsmemory.com\/lamarseillaise\/news\/2026\/07\/01\/saison-des-feux-la-colonne-des-alpes-du-sud-prete-a-intervenir\/","title":{"rendered":"Saison des feux&nbsp;: la colonne des Alpes du Sud pr\u00eate \u00e0 intervenir"},"content":{"rendered":"<div class=\"paragraph\">\n<p>Ce mardi matin, le long de la c\u00f4te Reynard, sur la commune de La Rochette, on pouvait observer une impressionnante colonne de camions de pompiers et de v\u00e9hicules de l\u2019Office national des for\u00eats (ONF). R\u00e9unis \u00e0 l\u2019initiative de Philippe Bailb\u00e9, pr\u00e9fet des Hautes-Alpes, et de Marcel Cannat, pr\u00e9sident du conseil d\u2019administration du Sdis (Service d\u00e9partemental d\u2019incendie et de secours), agents de l\u2019ONF et sapeurs-pompiers ont pr\u00e9sent\u00e9 le dispositif de lutte et de pr\u00e9vention contre les feux de for\u00eat pour la saison estivale \u00e0 venir.<\/p>\n<p>Alors que les p\u00e9riodes de s\u00e9cheresse et de fortes chaleurs se multiplient chaque \u00e9t\u00e9, les incendies gagnent en fr\u00e9quence et en intensit\u00e9. Un probl\u00e8me majeur appel\u00e9 \u00e0 s\u2019aggraver dans les d\u00e9partements m\u00e9ridionaux disposant de vastes et pr\u00e9cieux espaces bois\u00e9s, comme les Hautes-Alpes.<\/p>\n<p>Premier maillon du dispositif d\u2019intervention, les agents de l\u2019ONF. Mobilis\u00e9s par paire, ils se r\u00e9partissent entre les unit\u00e9s en voiture, charg\u00e9es de pr\u00e9venir les comportements \u00e0 risque et de verbaliser si besoin, et les unit\u00e9s embarqu\u00e9es dans des pick-up munis d\u2019une r\u00e9serve d\u2019eau et d\u2019une pompe, capables d\u2019intervenir sur un d\u00e9part de feu. Lorsqu\u2019un incendie se d\u00e9clare dans un secteur, l\u2019ONF peut \u00e9galement fournir aux pompiers des informations cartographiques sur la zone concern\u00e9e, les acc\u00e8s, le type de v\u00e9g\u00e9tation et les exploitations pr\u00e9sentes.<\/p>\n<p>Vient ensuite la colonne feux de for\u00eat des sapeurs-pompiers, compos\u00e9e de trois groupes d\u2019intervention de 18\u00a0personnes chacun. Ces groupes sont eux-m\u00eames constitu\u00e9s d\u2019un v\u00e9hicule de commandement (un 4&#215;4) et de quatre camions de lutte contre les feux de for\u00eat.<\/p>\n<p>Troisi\u00e8me maillon essentiel du dispositif, les pr\u00e9visionnistes de M\u00e9t\u00e9o-France, aux niveaux national et local, produisent quotidiennement des \u00e9valuations m\u00e9t\u00e9orologiques des risques d\u2019incendie.<\/p>\n<p>\u00c0 ces dispositifs s\u2019ajoute le travail permanent de vigilance des agents des parcs nationaux, de la gendarmerie et de la police. La strat\u00e9gie fran\u00e7aise de lutte contre les incendies repose sur le principe de l\u2019attaque massive du feu naissant, sans h\u00e9siter \u00e0 mobiliser d\u2019embl\u00e9e deux \u00e0 quatre camions, puis \u00e0 renforcer rapidement les moyens engag\u00e9s si n\u00e9cessaire. Une strat\u00e9gie qui permet \u00e0 80% des feux de rester inf\u00e9rieurs \u00e0 5\u00a0hectares.<\/p>\n<p>Cependant, comme l\u2019a rappel\u00e9 le pr\u00e9fet Philippe Bailb\u00e9, \u00ab<i>\u00a0<\/i><i>le feu de for\u00eat le plus facile \u00e0 \u00e9teindre est celui qui ne se d\u00e9clenche pas, et apr\u00e8s, celui qui ne s\u2019\u00e9tend pas<\/i><i>\u00a0<\/i>\u00bb<i>.<\/i><\/p>\n<p>Or, pour cela, les actions en amont sont primordiales. La pr\u00e9vention du public constitue un premier enjeu.<i> <\/i>\u00ab<i>\u00a0<\/i><i>Nous avons une responsabilit\u00e9 collective \u00e0 sensibiliser aux bons comportements, au fait qu\u2019on ne jette pas un m\u00e9got par dessus la fen\u00eatre de la voiture<\/i>, a rappel\u00e9 Philippe Bailb\u00e9<i>. En p\u00e9riode de fortes chaleurs, ce n\u2019est pas possible. Dans une v\u00e9g\u00e9tation tr\u00e8s s\u00e8che, le m\u00e9got va produire imm\u00e9diatement un embrasement.<\/i>\u00a0\u00bb<\/p>\n<p>Le pr\u00e9fet a aussi cit\u00e9 plusieurs comportements \u00e0 risque en cette p\u00e9riode, comme allumer des barbecues en dehors des zones autoris\u00e9es, ou travailler avec des outils comme des meuleuses, qui produisent des \u00e9tincelles, \u00e0 proximit\u00e9 d\u2019une v\u00e9g\u00e9tation s\u00e8che<i>\u00a0<\/i>: \u00ab<i>\u00a0<\/i><i>Des gestes qui peuvent produire une catastrophe.<\/i><i>\u00a0<\/i>\u00bb<\/p>\n<\/p><\/div>\n<div class=\"intext\"> Le d\u00e9broussaillage, pr\u00e9caution essentielle\n              <\/div>\n<div class=\"paragraph\">\n<p>En mati\u00e8re de pr\u00e9vention, le personnel de l\u2019ONF a \u00e9galement rappel\u00e9 l\u2019obligation l\u00e9gale de d\u00e9broussaillage dans les zones expos\u00e9es au risque d\u2019incendie. Cette mesure impose aux propri\u00e9taires de d\u00e9broussailler dans un rayon de 50\u00a0m\u00e8tres autour des habitations, constructions et autres installations de toute nature. Si elle n\u2019est pas toujours simple \u00e0 r\u00e9aliser, entre les obligations de pr\u00e9server les espaces naturels et le partage des parcelles de terre parfois entre plus d\u2019une dizaine de propri\u00e9taires, cette mesure<b> <\/b>est consid\u00e9r\u00e9e par l\u2019ONF comme la plus efficace pour limiter les d\u00e9g\u00e2ts caus\u00e9s aux habitations et prot\u00e9ger leurs occupants en cas de feu de for\u00eat.<\/p>\n<\/p><\/div>\n","protected":false},"excerpt":{"rendered":"Ce mardi matin, le long de la c&ocirc;te Reynard, sur la commune de La Rochette, on pouvait observer une impressionnante colonne de camions de pompiers et de v&eacute;hicules de l&rsquo;Office national des for&ecirc;ts (ONF). R&eacute;unis &agrave; &#8230;","protected":false},"author":1,"featured_media":34786,"comment_status":"open","ping_status":"open","sticky":false,"template":"","format":"standard","meta":{"footnotes":""},"categories":[3926,3925,20],"tags":[4768,1673,4015,418,319,3584,320,1397],"news-destination":[3944],"news-source":[475],"is_homepage":[],"ta_other":[],"class_list":["post-34785","post","type-post","status-publish","format-standard","has-post-thumbnail","hentry","category-accueil-merge","category-accueil-third","category-societe","tag-alpes","tag-feux","tag-feux-de-foret","tag-foret","tag-incendie","tag-onf","tag-pompiers","tag-secheresse","news-destination-homepage","news-source-website"],"_links":{"self":[{"href":"https:\/\/euapp01.newsmemory.com\/lamarseillaise\/news\/wp-json\/wp\/v2\/posts\/34785","targetHints":{"allow":["GET"]}}],"collection":[{"href":"https:\/\/euapp01.newsmemory.com\/lamarseillaise\/news\/wp-json\/wp\/v2\/posts"}],"about":[{"href":"https:\/\/euapp01.newsmemory.com\/lamarseillaise\/news\/wp-json\/wp\/v2\/types\/post"}],"author":[{"embeddable":true,"href":"https:\/\/euapp01.newsmemory.com\/lamarseillaise\/news\/wp-json\/wp\/v2\/users\/1"}],"replies":[{"embeddable":true,"href":"https:\/\/euapp01.newsmemory.com\/lamarseillaise\/news\/wp-json\/wp\/v2\/comments?post=34785"}],"version-history":[{"count":1,"href":"https:\/\/euapp01.newsmemory.com\/lamarseillaise\/news\/wp-json\/wp\/v2\/posts\/34785\/revisions"}],"predecessor-version":[{"id":34787,"href":"https:\/\/euapp01.newsmemory.com\/lamarseillaise\/news\/wp-json\/wp\/v2\/posts\/34785\/revisions\/34787"}],"wp:featuredmedia":[{"embeddable":true,"href":"https:\/\/euapp01.newsmemory.com\/lamarseillaise\/news\/wp-json\/wp\/v2\/media\/34786"}],"wp:attachment":[{"href":"https:\/\/euapp01.newsmemory.com\/lamarseillaise\/news\/wp-json\/wp\/v2\/media?parent=34785"}],"wp:term":[{"taxonomy":"category","embeddable":true,"href":"https:\/\/euapp01.newsmemory.com\/lamarseillaise\/news\/wp-json\/wp\/v2\/categories?post=34785"},{"taxonomy":"post_tag","embeddable":true,"href":"https:\/\/euapp01.newsmemory.com\/lamarseillaise\/news\/wp-json\/wp\/v2\/tags?post=34785"},{"taxonomy":"news-destination","embeddable":true,"href":"https:\/\/euapp01.newsmemory.com\/lamarseillaise\/news\/wp-json\/wp\/v2\/news-destination?post=34785"},{"taxonomy":"news-source","embeddable":true,"href":"https:\/\/euapp01.newsmemory.com\/lamarseillaise\/news\/wp-json\/wp\/v2\/news-source?post=34785"},{"taxonomy":"is_homepage","embeddable":true,"href":"https:\/\/euapp01.newsmemory.com\/lamarseillaise\/news\/wp-json\/wp\/v2\/is_homepage?post=34785"},{"taxonomy":"ta_other","embeddable":true,"href":"https:\/\/euapp01.newsmemory.com\/lamarseillaise\/news\/wp-json\/wp\/v2\/ta_other?post=34785"}],"curies":[{"name":"wp","href":"https:\/\/api.w.org\/{rel}","templated":true}]}}