{"id":34782,"date":"2026-07-01T08:11:00","date_gmt":"2026-07-01T06:11:00","guid":{"rendered":"https:\/\/euapp01.newsmemory.com\/lamarseillaise\/news\/?p=34782"},"modified":"2026-07-04T15:32:46","modified_gmt":"2026-07-04T13:32:46","slug":"la-tournee-de-lemission-la-derniere-de-nova-sest-arretee-a-ferrieres","status":"publish","type":"post","link":"https:\/\/euapp01.newsmemory.com\/lamarseillaise\/news\/2026\/07\/01\/la-tournee-de-lemission-la-derniere-de-nova-sest-arretee-a-ferrieres\/","title":{"rendered":"La tourn\u00e9e de l\u2019\u00e9mission \u00ab&nbsp;La derni\u00e8re&nbsp;\u00bb de Nova s\u2019est arr\u00eat\u00e9e \u00e0 Ferri\u00e8res"},"content":{"rendered":"<div class=\"paragraph\">\n<p>La jauge du Th\u00e9\u00e2tre de Verdure a \u00e9t\u00e9 atteinte avant m\u00eame le d\u00e9marrage de l\u2019\u00e9mission. Ce mardi 30\u00a0juin, Guillaume Meurice, Pierre-Emmanuel Barr\u00e9, Juliette Arnaud et Aymeric Lompret ont pos\u00e9 leurs bagages sur les berges de l\u2019\u00e9tang de Berre, \u00e0 Ferri\u00e8res, pour la cinqui\u00e8me date de leur tourn\u00e9e \u00ab\u00a0La\u00a0Derni\u00e8re\u00a0\u00bb. La seule en r\u00e9gion Provence-Alpes-C\u00f4te d\u2019Azur.<\/p>\n<p>Dans le public, Mathieu Raissiguier se r\u00e9jouit\u00a0: \u00ab\u00a0<i>C\u2019est quand m\u00eame exceptionnel, on va voir de sacr\u00e9s artistes<\/i><i>\u00a0<\/i><i>! Ils sont piquants comme il faut.<\/i>\u00a0\u00bb Le Mart\u00e9gal est venu accompagn\u00e9 de son \u00e9pouse, de ses parents et d\u2019amis de ses parents, arriv\u00e9s tout droit des Pyr\u00e9n\u00e9es pour voir la bande de Nova. \u00ab\u00a0<i>Ils ont d\u00e9j\u00e0 fait plusieurs dates, ils les suivent<\/i><i>\u00a0<\/i>\u00bb, confie-t-il.<\/p>\n<p>Les chroniqueurs et la chroniqueuse rassemblent. Dans l\u2019audience, Marseille est bien repr\u00e9sent\u00e9e. Une habitante de la cit\u00e9 phoc\u00e9enne t\u00e9moigne<i>\u00a0<\/i>: \u00ab\u00a0<i>C\u2019est les seuls que j\u2019arrive \u00e0 ne pas couper \u00e0 la radio parce qu\u2019ils parlent de vraies probl\u00e9matiques, en allant dans le fond, en restant l\u00e9gers et en v\u00e9hiculant de l\u2019espoi<\/i><i>r<\/i>.\u00a0\u00bb<\/p>\n<\/p><\/div>\n<div class=\"intext\"> L\u2019abolition de la prison\n              <\/div>\n<div class=\"paragraph\">\n<p>En l\u2019occurrence, la th\u00e9matique abord\u00e9e lors de l\u2019\u00e9mission \u00e9tait celle de l\u2019abolition de la prison. Pour en parler, l\u2019enseignante-chercheuse en criminologie Gwenola Ricordeau, revenue des \u00c9tats-Unis suite \u00e0 la r\u00e9\u00e9lection de Donald Trump. \u00ab\u00a0<i>Il fallait partir, on a quelque temps pour se battre ici, <\/i>a-t-elle affirm\u00e9.<i> C\u2019est un petit rappel que le fascisme tue<\/i>.\u00a0\u00bb Haut les c\u0153urs<i>\u00a0<\/i>!<\/p>\n<\/p><\/div>\n","protected":false},"excerpt":{"rendered":"La jauge du Th&eacute;&acirc;tre de Verdure a &eacute;t&eacute; atteinte avant m&ecirc;me le d&eacute;marrage de l&rsquo;&eacute;mission. Ce mardi 30&nbsp;juin, Guillaume Meurice, Pierre-Emmanuel Barr&eacute;, Juliette Arnaud et Aymeric Lompret ont &#8230;","protected":false},"author":1,"featured_media":34783,"comment_status":"open","ping_status":"open","sticky":false,"template":"","format":"standard","meta":{"footnotes":""},"categories":[3926,3925,20],"tags":[1236,10,2537,63,5991,1267,1241],"news-destination":[3944],"news-source":[475],"is_homepage":[],"ta_other":[],"class_list":["post-34782","post","type-post","status-publish","format-standard","has-post-thumbnail","hentry","category-accueil-merge","category-accueil-third","category-societe","tag-artistes","tag-bouches-du-rhone","tag-emission","tag-martigues","tag-pierre-emmanuel-barre","tag-radio","tag-theatre","news-destination-homepage","news-source-website"],"_links":{"self":[{"href":"https:\/\/euapp01.newsmemory.com\/lamarseillaise\/news\/wp-json\/wp\/v2\/posts\/34782","targetHints":{"allow":["GET"]}}],"collection":[{"href":"https:\/\/euapp01.newsmemory.com\/lamarseillaise\/news\/wp-json\/wp\/v2\/posts"}],"about":[{"href":"https:\/\/euapp01.newsmemory.com\/lamarseillaise\/news\/wp-json\/wp\/v2\/types\/post"}],"author":[{"embeddable":true,"href":"https:\/\/euapp01.newsmemory.com\/lamarseillaise\/news\/wp-json\/wp\/v2\/users\/1"}],"replies":[{"embeddable":true,"href":"https:\/\/euapp01.newsmemory.com\/lamarseillaise\/news\/wp-json\/wp\/v2\/comments?post=34782"}],"version-history":[{"count":1,"href":"https:\/\/euapp01.newsmemory.com\/lamarseillaise\/news\/wp-json\/wp\/v2\/posts\/34782\/revisions"}],"predecessor-version":[{"id":34784,"href":"https:\/\/euapp01.newsmemory.com\/lamarseillaise\/news\/wp-json\/wp\/v2\/posts\/34782\/revisions\/34784"}],"wp:featuredmedia":[{"embeddable":true,"href":"https:\/\/euapp01.newsmemory.com\/lamarseillaise\/news\/wp-json\/wp\/v2\/media\/34783"}],"wp:attachment":[{"href":"https:\/\/euapp01.newsmemory.com\/lamarseillaise\/news\/wp-json\/wp\/v2\/media?parent=34782"}],"wp:term":[{"taxonomy":"category","embeddable":true,"href":"https:\/\/euapp01.newsmemory.com\/lamarseillaise\/news\/wp-json\/wp\/v2\/categories?post=34782"},{"taxonomy":"post_tag","embeddable":true,"href":"https:\/\/euapp01.newsmemory.com\/lamarseillaise\/news\/wp-json\/wp\/v2\/tags?post=34782"},{"taxonomy":"news-destination","embeddable":true,"href":"https:\/\/euapp01.newsmemory.com\/lamarseillaise\/news\/wp-json\/wp\/v2\/news-destination?post=34782"},{"taxonomy":"news-source","embeddable":true,"href":"https:\/\/euapp01.newsmemory.com\/lamarseillaise\/news\/wp-json\/wp\/v2\/news-source?post=34782"},{"taxonomy":"is_homepage","embeddable":true,"href":"https:\/\/euapp01.newsmemory.com\/lamarseillaise\/news\/wp-json\/wp\/v2\/is_homepage?post=34782"},{"taxonomy":"ta_other","embeddable":true,"href":"https:\/\/euapp01.newsmemory.com\/lamarseillaise\/news\/wp-json\/wp\/v2\/ta_other?post=34782"}],"curies":[{"name":"wp","href":"https:\/\/api.w.org\/{rel}","templated":true}]}}