{"id":34779,"date":"2026-07-01T08:14:00","date_gmt":"2026-07-01T06:14:00","guid":{"rendered":"https:\/\/euapp01.newsmemory.com\/lamarseillaise\/news\/?p=34779"},"modified":"2026-07-04T15:32:46","modified_gmt":"2026-07-04T13:32:46","slug":"dans-les-alpes-de-haute-provence-des-creations-de-classes-insuffisantes-pour-la-fsu","status":"publish","type":"post","link":"https:\/\/euapp01.newsmemory.com\/lamarseillaise\/news\/2026\/07\/01\/dans-les-alpes-de-haute-provence-des-creations-de-classes-insuffisantes-pour-la-fsu\/","title":{"rendered":"Dans les Alpes-de-Haute-Provence, des cr\u00e9ations de classes insuffisantes pour la FSU"},"content":{"rendered":"<div class=\"paragraph\">\n<p>Les syndicats Snes-FSU et Snep-FSU des Alpes-de-Haute-Provence \u00e9taient \u00e0 la Direction de services d\u00e9partementaux de l\u2019\u00c9ducation nationale (DSDEN) de Digne-les-bains, ce mardi. En cause\u00a0? La suite du mouvement de contestation de la baisse des moyens dans les coll\u00e8ges et lyc\u00e9es. \u00ab\u00a0<i>Au mois de mars, nous avions fait une op\u00e9ration coll\u00e8ges morts, aujourd\u2019hui, on avait une r\u00e9union pour savoir ce qu\u2019il s\u2019\u00e9tait pass\u00e9 depuis<\/i>\u00a0\u00bb, relate Lionel Lasfargues, secr\u00e9taire du Snes-FSU et enseignant \u00e0 Forcalquier. Une r\u00e9union avec des annonces plus ou moins positives\u00a0: \u00ab<i>\u00a0<\/i><i>Ils ont annonc\u00e9 la cr\u00e9ation de cinq classes dans les coll\u00e8ges, mais en ont supprim\u00e9 une autre<\/i>.\u00a0\u00bb<\/p>\n<\/p><\/div>\n<div class=\"intext\"> \u00ab\u00a0Rentr\u00e9e catastrophique\u00a0\u00bb\n              <\/div>\n<div class=\"paragraph\">\n<p>Dans le d\u00e9tail, selon le syndicaliste, les coll\u00e8ges de Sainte-Tulle, Ch\u00e2teau-Arnoux-Saint-Auban, Forcalquier auront une classe en plus, et deux pour celui de Gassendi \u00e0 Digne. Tandis que la suppression de classe concerne le coll\u00e8ge Le Mont d\u2019Or. Mais pas de quoi sauter au plafond\u00a0: \u00ab\u00a0<i>Ils en avaient tellement supprim\u00e9 au d\u00e9part que \u00e7a reste une rentr\u00e9e catastrophique pour nous<\/i>.\u00a0\u00bb Snes-Fsu et Snep-FSU d\u00e9comptent \u00e0 la fin \u00ab<i>\u00a0<\/i><i>trois en classe en moins<\/i><i>\u00a0<\/i>\u00bb pour la prochaine rentr\u00e9e. \u00ab\u00a0<i>Cela fait des ann\u00e9es que notre minist\u00e8re publie le fait que nous sommes les derniers en Europe pour les effectifs par classe. La moyenne europ\u00e9enne est de 21<\/i><i>\u00a0<\/i><i>\u00e9l\u00e8ves, dans notre d\u00e9partement, il manque donc 40<\/i><i>\u00a0<\/i><i>classes pour qu\u2019on soit dans cette moyenne<\/i>\u00a0\u00bb, d\u00e9nonce Lionel Lasfargues. Plus globalement, il pointe des calculs arrangeant pour l\u2019administration\u00a0: \u00ab<i>\u00a0<\/i><i>Ils pr\u00e9voient 35<\/i><i>\u00a0<\/i><i>\u00e9l\u00e8ves en moins pour la rentr\u00e9e prochaine, mais ils suppriment trois classes<\/i><i>\u00a0<\/i><i>!<\/i><i>\u00a0<\/i>\u00bb<\/p>\n<\/p><\/div>\n","protected":false},"excerpt":{"rendered":"Les syndicats Snes-FSU et Snep-FSU des Alpes-de-Haute-Provence &eacute;taient &agrave; la Direction de services d&eacute;partementaux de l&rsquo;&Eacute;ducation nationale (DSDEN) de Digne-les-bains, ce mardi. En cause&nbsp;? La suite du mouvement &#8230;","protected":false},"author":1,"featured_media":34780,"comment_status":"open","ping_status":"open","sticky":false,"template":"","format":"standard","meta":{"footnotes":""},"categories":[3926,3925,331,20],"tags":[4768,4467,977,673,410,926,3042,406,5990,364],"news-destination":[3944],"news-source":[475],"is_homepage":[],"ta_other":[],"class_list":["post-34779","post","type-post","status-publish","format-standard","has-post-thumbnail","hentry","category-accueil-merge","category-accueil-third","category-social","category-societe","tag-alpes","tag-alpes-de-haute-provence","tag-classes","tag-colleges","tag-education","tag-education-nationale","tag-enseignant","tag-fsu","tag-snep-fsu","tag-syndicats","news-destination-homepage","news-source-website"],"_links":{"self":[{"href":"https:\/\/euapp01.newsmemory.com\/lamarseillaise\/news\/wp-json\/wp\/v2\/posts\/34779","targetHints":{"allow":["GET"]}}],"collection":[{"href":"https:\/\/euapp01.newsmemory.com\/lamarseillaise\/news\/wp-json\/wp\/v2\/posts"}],"about":[{"href":"https:\/\/euapp01.newsmemory.com\/lamarseillaise\/news\/wp-json\/wp\/v2\/types\/post"}],"author":[{"embeddable":true,"href":"https:\/\/euapp01.newsmemory.com\/lamarseillaise\/news\/wp-json\/wp\/v2\/users\/1"}],"replies":[{"embeddable":true,"href":"https:\/\/euapp01.newsmemory.com\/lamarseillaise\/news\/wp-json\/wp\/v2\/comments?post=34779"}],"version-history":[{"count":1,"href":"https:\/\/euapp01.newsmemory.com\/lamarseillaise\/news\/wp-json\/wp\/v2\/posts\/34779\/revisions"}],"predecessor-version":[{"id":34781,"href":"https:\/\/euapp01.newsmemory.com\/lamarseillaise\/news\/wp-json\/wp\/v2\/posts\/34779\/revisions\/34781"}],"wp:featuredmedia":[{"embeddable":true,"href":"https:\/\/euapp01.newsmemory.com\/lamarseillaise\/news\/wp-json\/wp\/v2\/media\/34780"}],"wp:attachment":[{"href":"https:\/\/euapp01.newsmemory.com\/lamarseillaise\/news\/wp-json\/wp\/v2\/media?parent=34779"}],"wp:term":[{"taxonomy":"category","embeddable":true,"href":"https:\/\/euapp01.newsmemory.com\/lamarseillaise\/news\/wp-json\/wp\/v2\/categories?post=34779"},{"taxonomy":"post_tag","embeddable":true,"href":"https:\/\/euapp01.newsmemory.com\/lamarseillaise\/news\/wp-json\/wp\/v2\/tags?post=34779"},{"taxonomy":"news-destination","embeddable":true,"href":"https:\/\/euapp01.newsmemory.com\/lamarseillaise\/news\/wp-json\/wp\/v2\/news-destination?post=34779"},{"taxonomy":"news-source","embeddable":true,"href":"https:\/\/euapp01.newsmemory.com\/lamarseillaise\/news\/wp-json\/wp\/v2\/news-source?post=34779"},{"taxonomy":"is_homepage","embeddable":true,"href":"https:\/\/euapp01.newsmemory.com\/lamarseillaise\/news\/wp-json\/wp\/v2\/is_homepage?post=34779"},{"taxonomy":"ta_other","embeddable":true,"href":"https:\/\/euapp01.newsmemory.com\/lamarseillaise\/news\/wp-json\/wp\/v2\/ta_other?post=34779"}],"curies":[{"name":"wp","href":"https:\/\/api.w.org\/{rel}","templated":true}]}}