{"id":34776,"date":"2026-07-01T07:58:00","date_gmt":"2026-07-01T05:58:00","guid":{"rendered":"https:\/\/euapp01.newsmemory.com\/lamarseillaise\/news\/?p=34776"},"modified":"2026-07-03T09:26:34","modified_gmt":"2026-07-03T07:26:34","slug":"les-agents-de-leducationvent-debout-contre-la-precarite-a-aix","status":"publish","type":"post","link":"https:\/\/euapp01.newsmemory.com\/lamarseillaise\/news\/2026\/07\/01\/les-agents-de-leducationvent-debout-contre-la-precarite-a-aix\/","title":{"rendered":"Les agents de l\u2019\u00c9ducation vent debout contre la pr\u00e9carit\u00e9 \u00e0 Aix"},"content":{"rendered":"<div class=\"paragraph\">\n<p>De nouveau, la CGT \u00c9duc\u2019action\u00a013 appelle \u00e0 la mobilisation, pour deux motifs principaux. Le premier concerne la pr\u00e9carisation croissante de l\u2019emploi dans la fonction publique, notamment pour les assistants d\u2019\u00e9ducation (AED), accompagnants d\u2019\u00e9l\u00e8ves en situation de handicap (AESH) et personnels administratifs. Le second porte sur ce que le syndicat qualifie de \u00ab\u00a0<i>r\u00e9pression syndicale<\/i>\u00a0\u00bb.<i><\/i><\/p>\n<p>\u00ab<i>\u00a0<\/i><i>On a un agent sur quatre de la fonction publique qui est contractuel. C\u2019est un cheval de Troie pour niveler vers le bas tous les droits<\/i><i>\u00a0<\/i>\u00bb<i>,<\/i> estime Fran\u00e7ois Beauvais, pour la CGT. Lui, occupe un poste de contractuel au sein de l\u2019administration de l\u2019acad\u00e9mie. Dans son cas, explique le syndicaliste, le non-renouvellement de son contrat \u00e0 partir du mois de septembre lui a \u00e9t\u00e9 annonc\u00e9 pour des \u00ab\u00a0<i>raisons RH<\/i> (ressources humaines)\u00a0\u00bb, sans qu\u2019aucune autre proposition ne lui soit faite. Idem pour son bin\u00f4me. \u00c0 la place, un concours a \u00e9t\u00e9 ouvert pour un seul poste, fusionnant les deux fonctions.<\/p>\n<p>Assistants d\u2019\u00e9ducation, personnels administratifs et autres agents se r\u00e9uniront ainsi pour r\u00e9clamer davantage de visibilit\u00e9 sur les renouvellements, ou non, de contrats, mais aussi de r\u00e9elles perspectives de titularisation pour les contractuels occupant ces postes.<\/p>\n<\/p><\/div>\n<div class=\"intext\"> Une rencontre demand\u00e9e\n              <\/div>\n<div class=\"paragraph\">\n<p>\u00ab<i>\u00a0<\/i><i>Or, on ne nous propose rien derri\u00e8re (&#8230;) On est des sous-agents, utilis\u00e9s comme des variables d\u2019ajustement. La direction s\u2019ent\u00eate \u00e0 rester dans ses plans. Derri\u00e8re, c\u2019est nous qui sautons. Sur le plan professionnel, ce n\u2019est pas justifiable. On nous sort des raisons bureaucratiques, mais derri\u00e8re, il y a une volont\u00e9 d\u2019enlever des postes de notre bureau<\/i><i>\u00a0<\/i>\u00bb,<i> <\/i>estime Fran\u00e7ois Beauvais.<\/p>\n<p>D\u00e9j\u00e0 l\u2019an pass\u00e9, le 1<sup>er<\/sup>\u00a0juillet, \u00e0 l\u2019occasion des 50\u00a0ans de l\u2019implantation du rectorat \u00e0 Aix, les<i> <\/i>\u00ab<i>\u00a0<\/i><i>pr\u00e9caires<\/i><i>\u00a0<\/i>\u00bb de l\u2019<span class=\"mln_uppercase_mln\">\u00e9<\/span>ducation nationale s\u2019\u00e9taient mobilis\u00e9s. Depuis, les actions se sont multipli\u00e9es. D\u2019autant plus que<i> <\/i>\u00ab<i>\u00a0<\/i><i>parmi les trop nombreux personnels en CDD non renouvel\u00e9s, pour la rentr\u00e9e prochaine, on trouve des camarades c\u00e9g\u00e9tistes connus pour leur participation \u00e0 des mouvements de gr\u00e8ve et \u00e0 des initiatives syndicales dans leur \u00e9tablissement<\/i><i>\u00a0<\/i>\u00bb<i>, <\/i>estime le syndicat, dans un tract annon\u00e7ant la mobilisation.<\/p>\n<p>Ce jeudi, les syndicalistes ont demand\u00e9 un rendez-vous avec la direction du rectorat. Ils revendiquent notamment la p\u00e9rennisation des postes par l\u2019ouverture de concours, la mise en place d\u2019une grille indiciaire pour les AED ainsi que \u00ab\u00a0<i>l\u2019arr\u00eat de toutes les proc\u00e9dures disciplinaires<\/i>\u00a0\u00bb. Par ailleurs, le rassemblement sera \u00e9galement l\u2019occasion de r\u00e9clamer des conditions de travail adapt\u00e9es aux fortes chaleurs.<\/p>\n<\/p><\/div>\n","protected":false},"excerpt":{"rendered":"De nouveau, la CGT &Eacute;duc&rsquo;action&nbsp;13 appelle &agrave; la mobilisation, pour deux motifs principaux. Le premier concerne la pr&eacute;carisation croissante de l&rsquo;emploi dans la fonction publique, notamment pour les assistants &#8230;","protected":false},"author":1,"featured_media":34777,"comment_status":"open","ping_status":"open","sticky":false,"template":"","format":"standard","meta":{"footnotes":""},"categories":[3926,3925,331,20],"tags":[556,10,113,926,134,271,808],"news-destination":[3944],"news-source":[475],"is_homepage":[],"ta_other":[],"class_list":["post-34776","post","type-post","status-publish","format-standard","has-post-thumbnail","hentry","category-accueil-merge","category-accueil-third","category-social","category-societe","tag-aix-en-provence","tag-bouches-du-rhone","tag-cgt","tag-education-nationale","tag-mobilisation","tag-precarite","tag-rectorat","news-destination-homepage","news-source-website"],"_links":{"self":[{"href":"https:\/\/euapp01.newsmemory.com\/lamarseillaise\/news\/wp-json\/wp\/v2\/posts\/34776","targetHints":{"allow":["GET"]}}],"collection":[{"href":"https:\/\/euapp01.newsmemory.com\/lamarseillaise\/news\/wp-json\/wp\/v2\/posts"}],"about":[{"href":"https:\/\/euapp01.newsmemory.com\/lamarseillaise\/news\/wp-json\/wp\/v2\/types\/post"}],"author":[{"embeddable":true,"href":"https:\/\/euapp01.newsmemory.com\/lamarseillaise\/news\/wp-json\/wp\/v2\/users\/1"}],"replies":[{"embeddable":true,"href":"https:\/\/euapp01.newsmemory.com\/lamarseillaise\/news\/wp-json\/wp\/v2\/comments?post=34776"}],"version-history":[{"count":2,"href":"https:\/\/euapp01.newsmemory.com\/lamarseillaise\/news\/wp-json\/wp\/v2\/posts\/34776\/revisions"}],"predecessor-version":[{"id":34804,"href":"https:\/\/euapp01.newsmemory.com\/lamarseillaise\/news\/wp-json\/wp\/v2\/posts\/34776\/revisions\/34804"}],"wp:featuredmedia":[{"embeddable":true,"href":"https:\/\/euapp01.newsmemory.com\/lamarseillaise\/news\/wp-json\/wp\/v2\/media\/34777"}],"wp:attachment":[{"href":"https:\/\/euapp01.newsmemory.com\/lamarseillaise\/news\/wp-json\/wp\/v2\/media?parent=34776"}],"wp:term":[{"taxonomy":"category","embeddable":true,"href":"https:\/\/euapp01.newsmemory.com\/lamarseillaise\/news\/wp-json\/wp\/v2\/categories?post=34776"},{"taxonomy":"post_tag","embeddable":true,"href":"https:\/\/euapp01.newsmemory.com\/lamarseillaise\/news\/wp-json\/wp\/v2\/tags?post=34776"},{"taxonomy":"news-destination","embeddable":true,"href":"https:\/\/euapp01.newsmemory.com\/lamarseillaise\/news\/wp-json\/wp\/v2\/news-destination?post=34776"},{"taxonomy":"news-source","embeddable":true,"href":"https:\/\/euapp01.newsmemory.com\/lamarseillaise\/news\/wp-json\/wp\/v2\/news-source?post=34776"},{"taxonomy":"is_homepage","embeddable":true,"href":"https:\/\/euapp01.newsmemory.com\/lamarseillaise\/news\/wp-json\/wp\/v2\/is_homepage?post=34776"},{"taxonomy":"ta_other","embeddable":true,"href":"https:\/\/euapp01.newsmemory.com\/lamarseillaise\/news\/wp-json\/wp\/v2\/ta_other?post=34776"}],"curies":[{"name":"wp","href":"https:\/\/api.w.org\/{rel}","templated":true}]}}