{"id":34773,"date":"2026-07-01T08:02:00","date_gmt":"2026-07-01T06:02:00","guid":{"rendered":"https:\/\/euapp01.newsmemory.com\/lamarseillaise\/news\/?p=34773"},"modified":"2026-07-04T14:53:11","modified_gmt":"2026-07-04T12:53:11","slug":"la-piscine-de-gardanne-nouvrira-quen-juillet-le-pcf-denonce-un-manque-danticipation","status":"publish","type":"post","link":"https:\/\/euapp01.newsmemory.com\/lamarseillaise\/news\/2026\/07\/01\/la-piscine-de-gardanne-nouvrira-quen-juillet-le-pcf-denonce-un-manque-danticipation\/","title":{"rendered":"La piscine de Gardanne n\u2019ouvrira qu\u2019en juillet, le PCF d\u00e9nonce un manque d\u2019anticipation"},"content":{"rendered":"<div class=\"paragraph\">\n<p>Le message a \u00e9t\u00e9 publi\u00e9 sur les r\u00e9seaux sociaux du maire en fin de semaine derni\u00e8re. \u00ab\u00a0<i>La piscine m\u00e9tropolitaine n\u2019ouvrira pas le 29<\/i><i>\u00a0<\/i><i>juin comme pr\u00e9vu<\/i>\u00a0\u00bb, \u00e9crivait Herv\u00e9 Granier (LR). La r\u00e9ouverture de cet \u00e9quipement m\u00e9tropolitain devrait donc \u00eatre report\u00e9e \u00e0 \u00ab\u00a0<i>tout d\u00e9but juillet<\/i>\u00a0\u00bb, selon l\u2019\u00e9dile.<\/p>\n<p>Dans son communiqu\u00e9, le premier magistrat fait part d\u2019une situation qui \u00ab<i>\u00a0<\/i><i>l\u2019agace<\/i><i>\u00a0<\/i>\u00bb<i>,<\/i> tomb\u00e9e en pleine p\u00e9riode de canicule.<i> <\/i>\u00ab<i>\u00a0<\/i><i>La v\u00e9rit\u00e9 et vous le savez certainement, c\u2019est que la M\u00e9tropole traverse une crise budg\u00e9taire sans pr\u00e9c\u00e9dent et que ces turbulences, qui se jouent \u00e0 des kilom\u00e8tres de Gardanne-Biver, dans des conseils et des arbitrages pr\u00e9fectoraux, finissent toujours par retomber et p\u00e9naliser les habitants de nos communes.<\/i><i>\u00a0<\/i>\u00bb<i> <\/i>Avant d\u2019assurer se battre pour que ce service public \u00ab<i>\u00a0<\/i><i>soit rendu<\/i><i>\u00a0<\/i>\u00bb<i>.<\/i><\/p>\n<p>Sur ses r\u00e9seaux sociaux, la section PCF de Gardanne rench\u00e9rit et pointe un manque d\u2019anticipation face aux fortes chaleurs. \u00ab<i>\u00a0<\/i><i>Il aurait fallu par exemple, cette ann\u00e9e, ne pas tailler les platanes du cours \u00e0 la mi-mars, p\u00e9riode bien trop tardive (&#8230;). C\u2019est aussi au mois de mars qu\u2019il aurait fallu se demander si la piscine pourrait \u00eatre pr\u00eate \u00e0 accueillir baigneuses et baigneurs au mois de juin (&#8230;),<\/i> estime, par voie de communiqu\u00e9, la section<i>. Les p\u00e9rip\u00e9ties budg\u00e9taires de la M\u00e9tropole, invoqu\u00e9es pour justifier le retard, n\u2019ont d\u00e9marr\u00e9 qu\u2019au mois d\u2019avril. Elles sont un faux argument \u00e0 la limite du mensonge. La M\u00e9tropole continue de fonctionner, sinon, nos poubelles ne seraient pas ramass\u00e9es, l\u2019eau n\u2019arriverait plus \u00e0 notre robinet et nous ne pourrions prendre le bus (&#8230;). Le probl\u00e8me aurait \u00e9t\u00e9 \u00e9vit\u00e9 avec un peu d\u2019anticipation. L\u2019engagement est pris pour d\u00e9but juillet, mais l\u2019absence de date pr\u00e9cise n\u2019augure rien de bon.<\/i><i>\u00a0<\/i>\u00bb<\/p>\n<\/p><\/div>\n","protected":false},"excerpt":{"rendered":"Le message a &eacute;t&eacute; publi&eacute; sur les r&eacute;seaux sociaux du maire en fin de semaine derni&egrave;re. &laquo;&nbsp;La piscine m&eacute;tropolitaine n&rsquo;ouvrira pas le 29&nbsp;juin comme pr&eacute;vu&nbsp;&raquo;, &#8230;","protected":false},"author":1,"featured_media":34774,"comment_status":"open","ping_status":"open","sticky":false,"template":"","format":"standard","meta":{"footnotes":""},"categories":[3926,3925,20],"tags":[4542,372,336,831,2442,752,535,672],"news-destination":[3944],"news-source":[475],"is_homepage":[],"ta_other":[],"class_list":["post-34773","post","type-post","status-publish","format-standard","has-post-thumbnail","hentry","category-accueil-merge","category-accueil-third","category-societe","tag-amelie-barbey","tag-canicule","tag-ete","tag-gardanne","tag-herve-granier","tag-maire","tag-metropole","tag-piscine","news-destination-homepage","news-source-website"],"_links":{"self":[{"href":"https:\/\/euapp01.newsmemory.com\/lamarseillaise\/news\/wp-json\/wp\/v2\/posts\/34773","targetHints":{"allow":["GET"]}}],"collection":[{"href":"https:\/\/euapp01.newsmemory.com\/lamarseillaise\/news\/wp-json\/wp\/v2\/posts"}],"about":[{"href":"https:\/\/euapp01.newsmemory.com\/lamarseillaise\/news\/wp-json\/wp\/v2\/types\/post"}],"author":[{"embeddable":true,"href":"https:\/\/euapp01.newsmemory.com\/lamarseillaise\/news\/wp-json\/wp\/v2\/users\/1"}],"replies":[{"embeddable":true,"href":"https:\/\/euapp01.newsmemory.com\/lamarseillaise\/news\/wp-json\/wp\/v2\/comments?post=34773"}],"version-history":[{"count":1,"href":"https:\/\/euapp01.newsmemory.com\/lamarseillaise\/news\/wp-json\/wp\/v2\/posts\/34773\/revisions"}],"predecessor-version":[{"id":34775,"href":"https:\/\/euapp01.newsmemory.com\/lamarseillaise\/news\/wp-json\/wp\/v2\/posts\/34773\/revisions\/34775"}],"wp:featuredmedia":[{"embeddable":true,"href":"https:\/\/euapp01.newsmemory.com\/lamarseillaise\/news\/wp-json\/wp\/v2\/media\/34774"}],"wp:attachment":[{"href":"https:\/\/euapp01.newsmemory.com\/lamarseillaise\/news\/wp-json\/wp\/v2\/media?parent=34773"}],"wp:term":[{"taxonomy":"category","embeddable":true,"href":"https:\/\/euapp01.newsmemory.com\/lamarseillaise\/news\/wp-json\/wp\/v2\/categories?post=34773"},{"taxonomy":"post_tag","embeddable":true,"href":"https:\/\/euapp01.newsmemory.com\/lamarseillaise\/news\/wp-json\/wp\/v2\/tags?post=34773"},{"taxonomy":"news-destination","embeddable":true,"href":"https:\/\/euapp01.newsmemory.com\/lamarseillaise\/news\/wp-json\/wp\/v2\/news-destination?post=34773"},{"taxonomy":"news-source","embeddable":true,"href":"https:\/\/euapp01.newsmemory.com\/lamarseillaise\/news\/wp-json\/wp\/v2\/news-source?post=34773"},{"taxonomy":"is_homepage","embeddable":true,"href":"https:\/\/euapp01.newsmemory.com\/lamarseillaise\/news\/wp-json\/wp\/v2\/is_homepage?post=34773"},{"taxonomy":"ta_other","embeddable":true,"href":"https:\/\/euapp01.newsmemory.com\/lamarseillaise\/news\/wp-json\/wp\/v2\/ta_other?post=34773"}],"curies":[{"name":"wp","href":"https:\/\/api.w.org\/{rel}","templated":true}]}}