{"id":34770,"date":"2026-07-01T08:04:00","date_gmt":"2026-07-01T06:04:00","guid":{"rendered":"https:\/\/euapp01.newsmemory.com\/lamarseillaise\/news\/?p=34770"},"modified":"2026-07-04T15:32:46","modified_gmt":"2026-07-04T13:32:46","slug":"le-phenomene-bad-bunny-debarque-au-velodrome","status":"publish","type":"post","link":"https:\/\/euapp01.newsmemory.com\/lamarseillaise\/news\/2026\/07\/01\/le-phenomene-bad-bunny-debarque-au-velodrome\/","title":{"rendered":"Le ph\u00e9nom\u00e8ne Bad Bunny d\u00e9barque au V\u00e9lodrome"},"content":{"rendered":"<div class=\"paragraph\">\n<p>Dans le cadre de son \u00ab\u00a0Deb\u00ed Tirar M\u00e1s Fotos World Tour\u00a0\u00bb, l\u2019artiste \u00e2g\u00e9 de 32\u00a0ans, devenu l\u2019un des ph\u00e9nom\u00e8nes culturels majeurs de sa g\u00e9n\u00e9ration, promet un show incandescent port\u00e9 par les rythmes du reggaeton, de la salsa et du merengue. Avec des dizaines de milliers<br \/>de fans attendus, cette unique escale marseillaise s\u2019annonce comme l\u2019un des temps forts musicaux de l\u2019\u00e9t\u00e9, dans une enceinte du boulevard Michelet pr\u00eate \u00e0 se transformer en immense piste de danse.<\/p>\n<\/p><\/div>\n","protected":false},"excerpt":{"rendered":"Dans le cadre de son &laquo;&nbsp;Deb&iacute; Tirar M&aacute;s Fotos World Tour&nbsp;&raquo;, l&rsquo;artiste &acirc;g&eacute; de 32&nbsp;ans, devenu l&rsquo;un des ph&eacute;nom&egrave;nes culturels majeurs de sa g&eacute;n&eacute;ration, promet un &#8230;","protected":false},"author":1,"featured_media":34771,"comment_status":"open","ping_status":"open","sticky":false,"template":"","format":"standard","meta":{"footnotes":""},"categories":[3926,3925,32],"tags":[5976,10,34,336,16,325,529],"news-destination":[3944],"news-source":[475],"is_homepage":[],"ta_other":[],"class_list":["post-34770","post","type-post","status-publish","format-standard","has-post-thumbnail","hentry","category-accueil-merge","category-accueil-third","category-culture","tag-bad-bunny","tag-bouches-du-rhone","tag-concert","tag-ete","tag-marseille","tag-musique","tag-spectacle","news-destination-homepage","news-source-website"],"_links":{"self":[{"href":"https:\/\/euapp01.newsmemory.com\/lamarseillaise\/news\/wp-json\/wp\/v2\/posts\/34770","targetHints":{"allow":["GET"]}}],"collection":[{"href":"https:\/\/euapp01.newsmemory.com\/lamarseillaise\/news\/wp-json\/wp\/v2\/posts"}],"about":[{"href":"https:\/\/euapp01.newsmemory.com\/lamarseillaise\/news\/wp-json\/wp\/v2\/types\/post"}],"author":[{"embeddable":true,"href":"https:\/\/euapp01.newsmemory.com\/lamarseillaise\/news\/wp-json\/wp\/v2\/users\/1"}],"replies":[{"embeddable":true,"href":"https:\/\/euapp01.newsmemory.com\/lamarseillaise\/news\/wp-json\/wp\/v2\/comments?post=34770"}],"version-history":[{"count":1,"href":"https:\/\/euapp01.newsmemory.com\/lamarseillaise\/news\/wp-json\/wp\/v2\/posts\/34770\/revisions"}],"predecessor-version":[{"id":34772,"href":"https:\/\/euapp01.newsmemory.com\/lamarseillaise\/news\/wp-json\/wp\/v2\/posts\/34770\/revisions\/34772"}],"wp:featuredmedia":[{"embeddable":true,"href":"https:\/\/euapp01.newsmemory.com\/lamarseillaise\/news\/wp-json\/wp\/v2\/media\/34771"}],"wp:attachment":[{"href":"https:\/\/euapp01.newsmemory.com\/lamarseillaise\/news\/wp-json\/wp\/v2\/media?parent=34770"}],"wp:term":[{"taxonomy":"category","embeddable":true,"href":"https:\/\/euapp01.newsmemory.com\/lamarseillaise\/news\/wp-json\/wp\/v2\/categories?post=34770"},{"taxonomy":"post_tag","embeddable":true,"href":"https:\/\/euapp01.newsmemory.com\/lamarseillaise\/news\/wp-json\/wp\/v2\/tags?post=34770"},{"taxonomy":"news-destination","embeddable":true,"href":"https:\/\/euapp01.newsmemory.com\/lamarseillaise\/news\/wp-json\/wp\/v2\/news-destination?post=34770"},{"taxonomy":"news-source","embeddable":true,"href":"https:\/\/euapp01.newsmemory.com\/lamarseillaise\/news\/wp-json\/wp\/v2\/news-source?post=34770"},{"taxonomy":"is_homepage","embeddable":true,"href":"https:\/\/euapp01.newsmemory.com\/lamarseillaise\/news\/wp-json\/wp\/v2\/is_homepage?post=34770"},{"taxonomy":"ta_other","embeddable":true,"href":"https:\/\/euapp01.newsmemory.com\/lamarseillaise\/news\/wp-json\/wp\/v2\/ta_other?post=34770"}],"curies":[{"name":"wp","href":"https:\/\/api.w.org\/{rel}","templated":true}]}}