{"id":34767,"date":"2026-07-01T07:56:00","date_gmt":"2026-07-01T05:56:00","guid":{"rendered":"https:\/\/euapp01.newsmemory.com\/lamarseillaise\/news\/?p=34767"},"modified":"2026-07-04T14:53:11","modified_gmt":"2026-07-04T12:53:11","slug":"le-port-de-marseille-deborde-par-la-greve-du-nettoyage-a-gsf-phocea","status":"publish","type":"post","link":"https:\/\/euapp01.newsmemory.com\/lamarseillaise\/news\/2026\/07\/01\/le-port-de-marseille-deborde-par-la-greve-du-nettoyage-a-gsf-phocea\/","title":{"rendered":"Le port de Marseille d\u00e9bord\u00e9 par la gr\u00e8ve du nettoyage \u00e0 GSF Phocea"},"content":{"rendered":"<div class=\"paragraph\">\n<p>\u00ab <i>S<\/i><i>alaires, conditions de travail, tenues et \u00e9quipements adapt\u00e9s et renouvel\u00e9s, paiement des heures suppl\u00e9mentaires, versement des primes, r\u00e9gularisation de la situation des nouveaux en CDI<\/i><i>\u00a0<\/i>\u00bb, liste Samir Saadi, responsable syndical CGT \u00e0 GSF Phocea. Depuis des mois, les agents du nettoyage ferraillent \u00e2prement pour faire valoir leurs droits.<\/p>\n<p>C\u2019est le licenciement d\u2019une salari\u00e9e, qu\u2019ils jugent abusif, qui les a pouss\u00e9s \u00e0 franchir une nouvelle \u00e9tape. Depuis le 24\u00a0juin, ils sont en gr\u00e8ve \u00ab\u00a0<i>pour exiger une ouverture des n\u00e9gociations, l\u2019arr\u00eat des pressions et la r\u00e9int\u00e9gration de la camarade licenci\u00e9e<\/i>\u00a0\u00bb, r\u00e9sume le d\u00e9l\u00e9gu\u00e9 syndical. Sur les gares maritimes, dans les locaux du port, les bureaux de s\u00e9curit\u00e9 ainsi que sur le p\u00f4le croisi\u00e8res et sur les bateaux de Corsica Linea, le nettoyage n\u2019est plus assur\u00e9, les poubelles d\u00e9bordent jusqu\u2019\u00e0 Fos et \u00e7a commence \u00e0 se faire sentir. Ils sont d\u00e9j\u00e0 \u00ab\u00a0<i>35<\/i><i>\u00a0<\/i><i>gr\u00e9vistes sur une cinquantaine de salari\u00e9s<\/i><i>\u00a0<\/i>\u00bb.<\/p>\n<\/p><\/div>\n<div class=\"intext\"> Nouvelle soci\u00e9t\u00e9,<br \/>\n               <br \/>vieux probl\u00e8mes\n              <\/div>\n<div class=\"paragraph\">\n<p>En 2024, suite aux conflits \u00e0 r\u00e9p\u00e9tition au sein de l\u2019entreprise Laser propret\u00e9, le contrat de sous-traitance pour le nettoyage a \u00e9t\u00e9 d\u00e9nonc\u00e9, puis repris par la soci\u00e9t\u00e9 GSF Phocea. Force est de constater que les revendications, comme l\u2019approche du dialogue social, n\u2019ont quant \u00e0 elles gu\u00e8re chang\u00e9.<\/p>\n<\/p><\/div>\n","protected":false},"excerpt":{"rendered":"&laquo; Salaires, conditions de travail, tenues et &eacute;quipements adapt&eacute;s et renouvel&eacute;s, paiement des heures suppl&eacute;mentaires, versement des primes, r&eacute;gularisation de la situation des nouveaux en CDI&nbsp;&raquo;, &#8230;","protected":false},"author":1,"featured_media":34768,"comment_status":"open","ping_status":"open","sticky":false,"template":"","format":"standard","meta":{"footnotes":""},"categories":[3926,3925,331],"tags":[10,113,92,876,2240,16,1700,1224,3543],"news-destination":[3944],"news-source":[475],"is_homepage":[],"ta_other":[],"class_list":["post-34767","post","type-post","status-publish","format-standard","has-post-thumbnail","hentry","category-accueil-merge","category-accueil-third","category-social","tag-bouches-du-rhone","tag-cgt","tag-gpmm","tag-greve","tag-licenciement-abusif","tag-marseille","tag-nettoyage","tag-port","tag-poubelles","news-destination-homepage","news-source-website"],"_links":{"self":[{"href":"https:\/\/euapp01.newsmemory.com\/lamarseillaise\/news\/wp-json\/wp\/v2\/posts\/34767","targetHints":{"allow":["GET"]}}],"collection":[{"href":"https:\/\/euapp01.newsmemory.com\/lamarseillaise\/news\/wp-json\/wp\/v2\/posts"}],"about":[{"href":"https:\/\/euapp01.newsmemory.com\/lamarseillaise\/news\/wp-json\/wp\/v2\/types\/post"}],"author":[{"embeddable":true,"href":"https:\/\/euapp01.newsmemory.com\/lamarseillaise\/news\/wp-json\/wp\/v2\/users\/1"}],"replies":[{"embeddable":true,"href":"https:\/\/euapp01.newsmemory.com\/lamarseillaise\/news\/wp-json\/wp\/v2\/comments?post=34767"}],"version-history":[{"count":1,"href":"https:\/\/euapp01.newsmemory.com\/lamarseillaise\/news\/wp-json\/wp\/v2\/posts\/34767\/revisions"}],"predecessor-version":[{"id":34769,"href":"https:\/\/euapp01.newsmemory.com\/lamarseillaise\/news\/wp-json\/wp\/v2\/posts\/34767\/revisions\/34769"}],"wp:featuredmedia":[{"embeddable":true,"href":"https:\/\/euapp01.newsmemory.com\/lamarseillaise\/news\/wp-json\/wp\/v2\/media\/34768"}],"wp:attachment":[{"href":"https:\/\/euapp01.newsmemory.com\/lamarseillaise\/news\/wp-json\/wp\/v2\/media?parent=34767"}],"wp:term":[{"taxonomy":"category","embeddable":true,"href":"https:\/\/euapp01.newsmemory.com\/lamarseillaise\/news\/wp-json\/wp\/v2\/categories?post=34767"},{"taxonomy":"post_tag","embeddable":true,"href":"https:\/\/euapp01.newsmemory.com\/lamarseillaise\/news\/wp-json\/wp\/v2\/tags?post=34767"},{"taxonomy":"news-destination","embeddable":true,"href":"https:\/\/euapp01.newsmemory.com\/lamarseillaise\/news\/wp-json\/wp\/v2\/news-destination?post=34767"},{"taxonomy":"news-source","embeddable":true,"href":"https:\/\/euapp01.newsmemory.com\/lamarseillaise\/news\/wp-json\/wp\/v2\/news-source?post=34767"},{"taxonomy":"is_homepage","embeddable":true,"href":"https:\/\/euapp01.newsmemory.com\/lamarseillaise\/news\/wp-json\/wp\/v2\/is_homepage?post=34767"},{"taxonomy":"ta_other","embeddable":true,"href":"https:\/\/euapp01.newsmemory.com\/lamarseillaise\/news\/wp-json\/wp\/v2\/ta_other?post=34767"}],"curies":[{"name":"wp","href":"https:\/\/api.w.org\/{rel}","templated":true}]}}