{"id":34764,"date":"2026-07-01T07:25:00","date_gmt":"2026-07-01T05:25:00","guid":{"rendered":"https:\/\/euapp01.newsmemory.com\/lamarseillaise\/news\/?p=34764"},"modified":"2026-07-01T12:06:16","modified_gmt":"2026-07-01T10:06:16","slug":"le-tireur-delite-damien-hureau-vise-son-premier-sacre-a-borely","status":"publish","type":"post","link":"https:\/\/euapp01.newsmemory.com\/lamarseillaise\/news\/2026\/07\/01\/le-tireur-delite-damien-hureau-vise-son-premier-sacre-a-borely\/","title":{"rendered":"Le tireur d\u2019\u00e9lite Damien Hureau vise son premier sacre \u00e0 Bor\u00e9ly"},"content":{"rendered":"<div class=\"paragraph\">\n<p>Son balancier, \u00e0 la fois \u00e9l\u00e9gant et d\u2019une fluidit\u00e9 remarquable, fait de lui l\u2019un des tireurs les plus redout\u00e9s du circuit. Damien Hureau, canonnier au palmar\u00e8s parmi les plus riches de la plan\u00e8te p\u00e9tanque, tentera de d\u00e9crocher, d\u00e8s dimanche, sa premi\u00e8re victoire \u00e0 la Marseillaise \u00e0 l\u2019occasion de la 65<sup>e<\/sup> \u00e9dition du Mondial.<\/p>\n<p>\u00ab\u00a0<i>Compte tenu du nombre d\u2019\u00e9quipes engag\u00e9es, du fait que le concours se dispute \u00e0 Marseille et de l\u2019histoire m\u00eame de la p\u00e9tanque, n\u00e9e ici, cette \u00e9preuve rev\u00eat forc\u00e9ment une dimension particuli\u00e8re<\/i>\u00a0\u00bb, souligne-t-il.<\/p>\n<p>L\u2019Angevin de 48\u00a0ans avait atteint les demi-finales d\u00e8s sa premi\u00e8re participation, en 2001, aux c\u00f4t\u00e9s de Jean-Luc Robert et d\u2019un certain Philippe Quintais. \u00ab<i>\u00a0<\/i><i>Pour tout le monde, c\u2019est une \u00e9vidence<\/i><i>\u00a0<\/i><i>: c\u2019est un monsieur dans tous les sens du terme<\/i><i>\u00a0<\/i>\u00bb, confie celui qui compte parmi les plus fid\u00e8les partenaires du \u00ab\u00a0roi\u00a0\u00bb. \u00ab<i>\u00a0<\/i><i>Par son jeu, son parcours et tout ce qu\u2019il a apport\u00e9 \u00e0 la p\u00e9tanque. Je l\u2019ai souvent compar\u00e9 \u00e0 Roger Federer dans le tennis<\/i><i>\u00a0<\/i><i>: un joueur d\u2019une immense classe, fluide, intelligent dans sa fa\u00e7on de jouer, dot\u00e9 d\u2019une mentalit\u00e9 irr\u00e9prochable et toujours respectueux, aussi bien de ses partenaires que de ses adversaires. En un mot<\/i><i>\u00a0<\/i><i>: la classe. Et ce qualificatif lui correspond parfaitement.<\/i><i>\u00a0<\/i>\u00bb<\/p>\n<p>Vingt-cinq ans apr\u00e8s ses premiers pas au Parc Bor\u00e9ly, le licenci\u00e9 du club d\u2019Hanches (Eure-et-Loir) s\u2019appr\u00eate \u00e0 retrouver les all\u00e9es marseillaises aux c\u00f4t\u00e9s de l\u2019un de ses partenaires de toujours, Julien Lamour, et d\u2019un co\u00e9quipier inattendu\u00a0: l\u2019Am\u00e9ricain Mark Greenberg.<\/p>\n<p>\u00ab\u00a0<i>J\u2019ai partag\u00e9 tellement de choses avec Julien. Nous avons remport\u00e9 quasiment toutes les grandes comp\u00e9titions ensemble, \u00e0 l\u2019exception du championnat de France. Pour moi, c\u2019est comme un petit fr\u00e8re<\/i><i>\u00a0<\/i>\u00bb, glisse Damien Hureau.<\/p>\n<\/p><\/div>\n<div class=\"intext\"> Trio pas comme les autres\n              <\/div>\n<div class=\"paragraph\">\n<p>Le troisi\u00e8me larron de l\u2019\u00e9quipe est bien moins connu du grand public.<i> <\/i>\u00ab<i>\u00a0<\/i><i>Mark est originaire de Santa Monica, pr\u00e8s de Los Angeles, o\u00f9 il vit toujours. Il a environ 75<\/i><i>\u00a0<\/i><i>ans et c\u2019est un v\u00e9ritable passionn\u00e9 de p\u00e9tanque. Nous nous sommes rencontr\u00e9s lors d\u2019un concours en Floride, il y a une quinzaine d\u2019ann\u00e9es. Le courant est tout de suite pass\u00e9, nous avons commenc\u00e9 \u00e0 jouer ensemble et une v\u00e9ritable amiti\u00e9 est n\u00e9e<\/i><i>\u00a0<\/i>\u00bb, raconte celui qui participe r\u00e9guli\u00e8rement \u00e0 des comp\u00e9titions en Am\u00e9rique du Nord depuis plusieurs ann\u00e9es.<\/p>\n<p>\u00ab<i>\u00a0<\/i><i>C\u2019est quelqu\u2019un de tr\u00e8s attachant, anim\u00e9 par une passion rare. Malgr\u00e9 son \u00e2ge, il est compl\u00e8tement habit\u00e9 par la p\u00e9tanque. Il n\u2019avait encore jamais particip\u00e9 \u00e0 La Marseillaise, alors que c\u2019\u00e9tait un r\u00eave pour lui. Je lui ai expliqu\u00e9 que ce ne serait pas facile<\/i><i>\u00a0<\/i><i>: il y a beaucoup de marche, la chaleur, l\u2019intensit\u00e9 du concours&#8230; Mais il m\u2019a r\u00e9pondu que s\u2019il ne la faisait pas cette ann\u00e9e, il ne la ferait jamais. Avec Julien, nous avons donc d\u00e9cid\u00e9 de l\u2019accompagner dans cette aventure. L\u2019objectif est simple<\/i><i>\u00a0<\/i><i>: prendre du plaisir, aller le plus loin possible, le pr\u00e9server au maximum et, surtout, lui permettre de vivre enfin cette Marseillaise dont il r\u00eave depuis tant d\u2019ann\u00e9es<\/i><i>\u00a0<\/i>\u00bb, confie le cofondateur de la marque Valtop.<\/p>\n<p>Selon Damien Hureau, le charme du Mondial r\u00e9side en partie dans la diversit\u00e9 des conditions de jeu selon les lieux et la proximit\u00e9 avec le public. \u00ab\u00a0<i>C\u2019est toujours plaisant. On sent que les gens vivent les parties avec nous, ce qui rend l\u2019exp\u00e9rience unique. On ne retrouve cela nulle part ailleurs. Dans les comp\u00e9titions plus classiques, tout est beaucoup plus encadr\u00e9 et les spectateurs sont \u00e9loign\u00e9s. \u00c0 La Marseillaise, c\u2019est diff\u00e9rent<\/i><i>\u00a0<\/i><i>: il faut aussi s\u2019adapter \u00e0 cette atmosph\u00e8re<\/i><i>\u00a0<\/i>\u00bb, souligne le tireur au calme l\u00e9gendaire.<\/p>\n<\/p><\/div>\n","protected":false},"excerpt":{"rendered":"Son balancier, &agrave; la fois &eacute;l&eacute;gant et d&rsquo;une fluidit&eacute; remarquable, fait de lui l&rsquo;un des tireurs les plus redout&eacute;s du circuit. Damien Hureau, canonnier au palmar&egrave;s parmi les plus riches de la &#8230;","protected":false},"author":1,"featured_media":34765,"comment_status":"open","ping_status":"open","sticky":false,"template":"","format":"standard","meta":{"footnotes":""},"categories":[7],"tags":[10,4581,5560,16,4647,3332,4580,1013],"news-destination":[],"news-source":[475],"is_homepage":[],"ta_other":[],"class_list":["post-34764","post","type-post","status-publish","format-standard","has-post-thumbnail","hentry","category-sports","tag-bouches-du-rhone","tag-la-marseillaise-2026","tag-le-mondial-la-marseillaise-2026","tag-marseille","tag-mlm2026","tag-mondial-a-petanque","tag-mondial-la-marseillaise-2026","tag-petanque","news-source-website"],"_links":{"self":[{"href":"https:\/\/euapp01.newsmemory.com\/lamarseillaise\/news\/wp-json\/wp\/v2\/posts\/34764","targetHints":{"allow":["GET"]}}],"collection":[{"href":"https:\/\/euapp01.newsmemory.com\/lamarseillaise\/news\/wp-json\/wp\/v2\/posts"}],"about":[{"href":"https:\/\/euapp01.newsmemory.com\/lamarseillaise\/news\/wp-json\/wp\/v2\/types\/post"}],"author":[{"embeddable":true,"href":"https:\/\/euapp01.newsmemory.com\/lamarseillaise\/news\/wp-json\/wp\/v2\/users\/1"}],"replies":[{"embeddable":true,"href":"https:\/\/euapp01.newsmemory.com\/lamarseillaise\/news\/wp-json\/wp\/v2\/comments?post=34764"}],"version-history":[{"count":1,"href":"https:\/\/euapp01.newsmemory.com\/lamarseillaise\/news\/wp-json\/wp\/v2\/posts\/34764\/revisions"}],"predecessor-version":[{"id":34766,"href":"https:\/\/euapp01.newsmemory.com\/lamarseillaise\/news\/wp-json\/wp\/v2\/posts\/34764\/revisions\/34766"}],"wp:featuredmedia":[{"embeddable":true,"href":"https:\/\/euapp01.newsmemory.com\/lamarseillaise\/news\/wp-json\/wp\/v2\/media\/34765"}],"wp:attachment":[{"href":"https:\/\/euapp01.newsmemory.com\/lamarseillaise\/news\/wp-json\/wp\/v2\/media?parent=34764"}],"wp:term":[{"taxonomy":"category","embeddable":true,"href":"https:\/\/euapp01.newsmemory.com\/lamarseillaise\/news\/wp-json\/wp\/v2\/categories?post=34764"},{"taxonomy":"post_tag","embeddable":true,"href":"https:\/\/euapp01.newsmemory.com\/lamarseillaise\/news\/wp-json\/wp\/v2\/tags?post=34764"},{"taxonomy":"news-destination","embeddable":true,"href":"https:\/\/euapp01.newsmemory.com\/lamarseillaise\/news\/wp-json\/wp\/v2\/news-destination?post=34764"},{"taxonomy":"news-source","embeddable":true,"href":"https:\/\/euapp01.newsmemory.com\/lamarseillaise\/news\/wp-json\/wp\/v2\/news-source?post=34764"},{"taxonomy":"is_homepage","embeddable":true,"href":"https:\/\/euapp01.newsmemory.com\/lamarseillaise\/news\/wp-json\/wp\/v2\/is_homepage?post=34764"},{"taxonomy":"ta_other","embeddable":true,"href":"https:\/\/euapp01.newsmemory.com\/lamarseillaise\/news\/wp-json\/wp\/v2\/ta_other?post=34764"}],"curies":[{"name":"wp","href":"https:\/\/api.w.org\/{rel}","templated":true}]}}