{"id":34758,"date":"2026-07-01T07:34:00","date_gmt":"2026-07-01T05:34:00","guid":{"rendered":"https:\/\/euapp01.newsmemory.com\/lamarseillaise\/news\/?p=34758"},"modified":"2026-07-01T10:10:28","modified_gmt":"2026-07-01T08:10:28","slug":"langleterre-un-geant-aux-pieds-dargile-defensifs-face-au-congo","status":"publish","type":"post","link":"https:\/\/euapp01.newsmemory.com\/lamarseillaise\/news\/2026\/07\/01\/langleterre-un-geant-aux-pieds-dargile-defensifs-face-au-congo\/","title":{"rendered":"L\u2019Angleterre, un g\u00e9ant aux pieds d\u2019argile d\u00e9fensifs face au Congo"},"content":{"rendered":"<div class=\"paragraph\">\n<p>Deux buts inscrits pour trois encaiss\u00e9s\u00a0: le bilan des trois premiers matches de poule des internationaux anglais, pourtant consid\u00e9r\u00e9s parmi les grands favoris avant le Mondial, est loin d\u2019\u00eatre convaincant.<i> <\/i>\u00ab<i>\u00a0<\/i><i>Nous n\u2019avons pas encore vu le meilleur de cette \u00e9quipe d\u2019Angleterre offensivement, mais ce qui m\u2019inqui\u00e8te le plus jusqu\u2019ici, c\u2019est le nombre de fois o\u00f9 nous avons \u00e9t\u00e9 mis en difficult\u00e9 d\u00e9fensivement<\/i><i>\u00a0<\/i>\u00bb, a point\u00e9 Alan Shearer. L\u2019ancien international anglais, d\u00e9sormais consultant pour la BBC, regrette une \u00e9quipe trop friable dans son organisation\u00a0: \u00ab<i>\u00a0<\/i><i>Nous avons \u00e9t\u00e9 mauvais d\u00e9fensivement en premi\u00e8re mi-temps contre la Croatie, en encaissant deux buts. Et m\u00eame si nous nous en sommes sortis face au Ghana et au Panama, nous avons conc\u00e9d\u00e9 beaucoup trop d\u2019occasions.<\/i><i>\u00a0<\/i>\u00bb<i> <\/i><\/p>\n<p>Au-del\u00e0 d\u2019un secteur offensif encore en rodage, o\u00f9 Harry Kane n\u2019a pas toujours \u00e9t\u00e9 suffisamment aliment\u00e9, le principal point faible de cette Angleterre reste la stabilit\u00e9 de sa ligne d\u00e9fensive. Et plus particuli\u00e8rement le couloir droit, devenu un v\u00e9ritable casse-t\u00eate pour Thomas Tuchel. Le s\u00e9lectionneur allemand dispose de plusieurs options, mais aucune ne s\u2019impose naturellement dans ce r\u00f4le, la plupart des joueurs concern\u00e9s n\u2019\u00e9voluant pas habituellement dans un poste de lat\u00e9ral droit.<\/p>\n<\/p><\/div>\n<div class=\"intext\"> Le retour du b\u00e2ton\n              <\/div>\n<div class=\"paragraph\">\n<p>Selon plusieurs observateurs, le technicien pourrait \u00eatre contraint d\u2019aligner une nouvelle ligne arri\u00e8re remani\u00e9e, avec Djed Spence repositionn\u00e9 dans le couloir droit, Ezri Konsa d\u00e9cal\u00e9 depuis l\u2019axe, ou encore une charni\u00e8re associant John Stones et Marc Gu\u00e9hi, si ce dernier est pleinement op\u00e9rationnel. Comment expliquer cette instabilit\u00e9\u00a0? Elle s\u2019explique d\u2019abord par une accumulation de blessures et par le manque de sp\u00e9cialistes du poste.<\/p>\n<p>L\u2019Angleterre doit composer sans Kyle Walker, longtemps ind\u00e9boulonnable et d\u00e9sormais retrait\u00e9 de la s\u00e9lection, mais aussi sans Ben White, bless\u00e9 en mai et forfait pour la comp\u00e9tition. Plus r\u00e9cemment, le p\u00e9pin musculaire de Reece James, touch\u00e9 aux ischio-jambiers, est venu fragiliser encore un peu plus un secteur d\u00e9j\u00e0 sous tension. Dans ce contexte, Thomas Tuchel appara\u00eet sous pression, d\u2019autant qu\u2019il a fait le choix de ne pas rappeler Trent Alexander-Arnold, pourtant disponible et capable d\u2019\u00e9voluer dans ce r\u00f4le, lui pr\u00e9f\u00e9rant Trevoh Chalobah, un profil davantage d\u00e9fensif et central. Un pari qui interroge, tant le poste de lat\u00e9ral droit semble aujourd\u2019hui \u00eatre le talon d\u2019Achille de cette s\u00e9lection anglaise.<\/p>\n<p>Cons\u00e9quence directe\u00a0: avoir \u00e9cart\u00e9 cet exp\u00e9riment\u00e9 d\u00e9fenseur, malgr\u00e9 des qualit\u00e9s d\u00e9fensives parfois discut\u00e9es, revient aujourd\u2019hui comme un choix lourd de cons\u00e9quences, avec la blessure de Reece James qui prive le s\u00e9lectionneur d\u2019une option majeure face \u00e0 la RDC.<\/p>\n<p>Car Thomas Tuchel ne dispose pas de v\u00e9ritable solution de repli cr\u00e9dible. Djed Spence \u00e9volue surtout \u00e0 gauche \u00e0 Tottenham et manque d\u2019exp\u00e9rience internationale, Ezri Konsa est install\u00e9 dans l\u2019axe \u00e0 Aston Villa, tout comme Jarrell Quansah au Bayer Leverkusen.<\/p>\n<\/p><\/div>\n<div class=\"paragraph\">\n<p><b>ET AUSSI<\/b><\/p>\n<p><b>Un duel endiabl\u00e9 avec des Lions affam\u00e9s<\/b><\/p>\n<p>Le S\u00e9n\u00e9galais Sadio Man\u00e9 et le Belge J\u00e9r\u00e9my Doku, deux armes fatales de leur s\u00e9lection, n\u2019ont pas vraiment \u00e9t\u00e9 l\u00e9tales au Mondial-2026 et doivent recharger rapidement avant de s\u2019affronter en 16e de finale, ce mercredi (22h) \u00e0 Seattle. \u00c0 24 ans, l\u2019attaquant de Manchester City (45 s\u00e9lections 7 buts) \u00e9tait tr\u00e8s attendu par les Diables Rouges apr\u00e8s une belle saison en Premier League. De dix ans son a\u00een\u00e9, Sadio Man\u00e9 dispute son dernier grand tournoi international avec les Lions de la Terranga, apr\u00e8s avoir remport\u00e9 sur le terrain le titre de champion d\u2019Afrique en janvier, puis en avoir \u00e9t\u00e9 d\u00e9poss\u00e9d\u00e9 au profit du Maroc. L\u2019ancien attaquant de Liverpool, parti \u00e0 Al-Nassr o\u00f9 il a \u00e9t\u00e9 couronn\u00e9 champion d\u2019Arabie saoudite cette saison avec Cristiano Ronaldo, a \u00e9t\u00e9 titulaire mais n\u2019a pas marqu\u00e9 lors des trois matches de groupes contre la France (d\u00e9faite 3-1), la Norv\u00e8ge (d\u00e9faite 3-2) et l\u2019Irak (victoire 5-0).<\/p>\n<p><b>Vagues de chaleur aux \u00c9tats-Unis<\/b><\/p>\n<p>Dans les prochains jours, les \u00c9tats-Unis vont \u00e0 leur tour \u00eatre frapp\u00e9s par une intense vague de chaleur. Cette derni\u00e8re pourrait battre des records de temp\u00e9ratures localement et donc affecter la Coupe du Monde tout comme les c\u00e9l\u00e9brations du 250e anniversaire du pays. \u00ab<i> Une vague de chaleur record et dangereuse va s\u2019\u00e9tendre cette semaine sur les deux tiers est du pays <\/i>\u00bb, ont pr\u00e9venu les services m\u00e9t\u00e9orologiques am\u00e9ricains (NWS) sur X. Selon leur site, des temp\u00e9ratures largement sup\u00e9rieures \u00e0 30\u00b0C sont attendues dans la plupart des \u00c9tats \u00ab<i> du centre et de l\u2019est des \u00c9tats-Unis <\/i>\u00bb. Combin\u00e9e \u00e0 un taux d\u2019humidit\u00e9 \u00e9lev\u00e9, la chaleur ressentie pourrait atteindre entre 40 et 46 \u00b0C. Environ 142 millions de personnes se trouvaient dimanche sous alerte canicule, selon NBC.<\/p>\n<\/p><\/div>\n","protected":false},"excerpt":{"rendered":"Deux buts inscrits pour trois encaiss&eacute;s&nbsp;: le bilan des trois premiers matches de poule des internationaux anglais, pourtant consid&eacute;r&eacute;s parmi les grands favoris avant le Mondial, est loin d&rsquo;&ecirc;tre convaincant. &#8230;","protected":false},"author":1,"featured_media":34759,"comment_status":"open","ping_status":"open","sticky":false,"template":"","format":"standard","meta":{"footnotes":""},"categories":[7],"tags":[4549,1097,276,13,5846],"news-destination":[],"news-source":[475],"is_homepage":[],"ta_other":[],"class_list":["post-34758","post","type-post","status-publish","format-standard","has-post-thumbnail","hentry","category-sports","tag-angleterre","tag-coupe-du-monde","tag-etats-unis","tag-football","tag-republique-du-congo","news-source-website"],"_links":{"self":[{"href":"https:\/\/euapp01.newsmemory.com\/lamarseillaise\/news\/wp-json\/wp\/v2\/posts\/34758","targetHints":{"allow":["GET"]}}],"collection":[{"href":"https:\/\/euapp01.newsmemory.com\/lamarseillaise\/news\/wp-json\/wp\/v2\/posts"}],"about":[{"href":"https:\/\/euapp01.newsmemory.com\/lamarseillaise\/news\/wp-json\/wp\/v2\/types\/post"}],"author":[{"embeddable":true,"href":"https:\/\/euapp01.newsmemory.com\/lamarseillaise\/news\/wp-json\/wp\/v2\/users\/1"}],"replies":[{"embeddable":true,"href":"https:\/\/euapp01.newsmemory.com\/lamarseillaise\/news\/wp-json\/wp\/v2\/comments?post=34758"}],"version-history":[{"count":1,"href":"https:\/\/euapp01.newsmemory.com\/lamarseillaise\/news\/wp-json\/wp\/v2\/posts\/34758\/revisions"}],"predecessor-version":[{"id":34760,"href":"https:\/\/euapp01.newsmemory.com\/lamarseillaise\/news\/wp-json\/wp\/v2\/posts\/34758\/revisions\/34760"}],"wp:featuredmedia":[{"embeddable":true,"href":"https:\/\/euapp01.newsmemory.com\/lamarseillaise\/news\/wp-json\/wp\/v2\/media\/34759"}],"wp:attachment":[{"href":"https:\/\/euapp01.newsmemory.com\/lamarseillaise\/news\/wp-json\/wp\/v2\/media?parent=34758"}],"wp:term":[{"taxonomy":"category","embeddable":true,"href":"https:\/\/euapp01.newsmemory.com\/lamarseillaise\/news\/wp-json\/wp\/v2\/categories?post=34758"},{"taxonomy":"post_tag","embeddable":true,"href":"https:\/\/euapp01.newsmemory.com\/lamarseillaise\/news\/wp-json\/wp\/v2\/tags?post=34758"},{"taxonomy":"news-destination","embeddable":true,"href":"https:\/\/euapp01.newsmemory.com\/lamarseillaise\/news\/wp-json\/wp\/v2\/news-destination?post=34758"},{"taxonomy":"news-source","embeddable":true,"href":"https:\/\/euapp01.newsmemory.com\/lamarseillaise\/news\/wp-json\/wp\/v2\/news-source?post=34758"},{"taxonomy":"is_homepage","embeddable":true,"href":"https:\/\/euapp01.newsmemory.com\/lamarseillaise\/news\/wp-json\/wp\/v2\/is_homepage?post=34758"},{"taxonomy":"ta_other","embeddable":true,"href":"https:\/\/euapp01.newsmemory.com\/lamarseillaise\/news\/wp-json\/wp\/v2\/ta_other?post=34758"}],"curies":[{"name":"wp","href":"https:\/\/api.w.org\/{rel}","templated":true}]}}