{"id":34752,"date":"2026-07-01T07:47:00","date_gmt":"2026-07-01T05:47:00","guid":{"rendered":"https:\/\/euapp01.newsmemory.com\/lamarseillaise\/news\/?p=34752"},"modified":"2026-07-04T12:13:57","modified_gmt":"2026-07-04T10:13:57","slug":"plus-de-mille-palestiniens-tues-depuis-la-treve","status":"publish","type":"post","link":"https:\/\/euapp01.newsmemory.com\/lamarseillaise\/news\/2026\/07\/01\/plus-de-mille-palestiniens-tues-depuis-la-treve\/","title":{"rendered":"Plus de mille Palestiniens tu\u00e9s depuis la tr\u00eave"},"content":{"rendered":"<div class=\"paragraph\">\n<p>Malgr\u00e9 la tr\u00eave, cinq personnes ont encore \u00e9t\u00e9 tu\u00e9es, ce lundi 29\u00a0juin dans la bande de Gaza, par des frappes isra\u00e9liennes, ont annonc\u00e9 les responsables d\u2019un h\u00f4pital local et d\u2019un service de secours, le territoire palestinien demeurant la cible de frappes r\u00e9guli\u00e8res. Isra\u00ebl et le Hamas s\u2019accusent presque quotidiennement de violer le cessez-le-feu dans le territoire d\u00e9vast\u00e9.<\/p>\n<p>Au moins 1\u00a0045\u00a0Palestiniens y ont \u00e9t\u00e9 tu\u00e9s depuis l\u2019entr\u00e9e en vigueur en octobre de la tr\u00eave, selon le minist\u00e8re de la Sant\u00e9 du territoire, \u00e9galement plac\u00e9 sous l\u2019autorit\u00e9 du Hamas et dont les chiffres sont jug\u00e9s fiables par l\u2019ONU. Dans le m\u00eame temps, Isra\u00ebl a recens\u00e9 cinq soldats et un contractuel travaillant pour le minist\u00e8re de la D\u00e9fense tu\u00e9s dans le territoire palestinien.<\/p>\n<p>Mardi, le secr\u00e9taire g\u00e9n\u00e9ral de l\u2019ONU a lui condamn\u00e9 \u00ab\u00a0<i>l\u2019expansion et l\u2019acc\u00e9l\u00e9ration implacables<\/i>\u00a0\u00bb des colonies isra\u00e9liennes en Cisjordanie, qui contribuent \u00e0 la plus importante crise de d\u00e9placement depuis 1967 dans le territoire occup\u00e9 \u00e0 l\u2019occasion d\u2019un rapport trimestriel. Antonio Guterres d\u00e9nonce aussi l\u2019augmentation \u00ab\u00a0<i>des violences li\u00e9es aux colons et aux restrictions d\u2019acc\u00e8s des Palestiniens \u00e0 leurs terres<\/i><i>\u00a0<\/i>\u00bb.<\/p>\n<\/p><\/div>\n<div class=\"intext\"> La solution \u00e0 deux \u00c9tats<br \/>\n               <br \/>en p\u00e9ril\n              <\/div>\n<div class=\"paragraph\">\n<p>\u00ab\u00a0<i>Ces d\u00e9veloppements alimentent les tensions, enracinent encore plus l\u2019occupation isra\u00e9lienne ill\u00e9gale, sapent le droit des Palestiniens \u00e0 l\u2019autod\u00e9termination et menacent la viabilit\u00e9 d\u2019un \u00c9tat palestinien totalement ind\u00e9pendant, souverain et en un seul tenant<\/i><i>\u00a0<\/i>\u00bb, ajoute-t-il. Le secr\u00e9taire g\u00e9n\u00e9ral de l\u2019ONU met en particulier en garde contre le projet de d\u00e9veloppement E1 qui \u00ab\u00a0<i>pr\u00e9sente une menace existentielle \u00e0 la solution \u00e0 deux \u00c9tats<\/i><i>\u00a0<\/i>\u00bb, isra\u00e9lien et palestinien en pr\u00e9voyant de couper en deux la Cisjordanie.<\/p>\n<p>Dans une d\u00e9claration commune avant une r\u00e9union du Conseil de s\u00e9curit\u00e9 de l\u2019ONU sur le sujet, cinq membres europ\u00e9ens du Conseil (France, Royaume-Uni, Gr\u00e8ce, Lettonie, Danemark) se sont eux aussi inqui\u00e9t\u00e9s de la \u00ab\u00a0<i>d\u00e9t\u00e9rioration de la situation en Cisjordanie<\/i>\u00a0\u00bb, condamnant \u00ab\u00a0<i>fermement<\/i><i>\u00a0<\/i>\u00bb la poursuite de la colonisation.<\/p>\n<\/p><\/div>\n","protected":false},"excerpt":{"rendered":"Malgr&eacute; la tr&ecirc;ve, cinq personnes ont encore &eacute;t&eacute; tu&eacute;es, ce lundi 29&nbsp;juin dans la bande de Gaza, par des frappes isra&eacute;liennes, ont annonc&eacute; les responsables d&rsquo;un h&ocirc;pital local et &#8230;","protected":false},"author":1,"featured_media":34753,"comment_status":"open","ping_status":"open","sticky":false,"template":"","format":"standard","meta":{"footnotes":""},"categories":[3926,3925,337,20],"tags":[3119,1471,2092,2779,72,2616,73,608,1888,76,2221,1483],"news-destination":[3944],"news-source":[475],"is_homepage":[],"ta_other":[],"class_list":["post-34752","post","type-post","status-publish","format-standard","has-post-thumbnail","hentry","category-accueil-merge","category-accueil-third","category-international","category-societe","tag-bombardements","tag-cessez-le-feu","tag-cisjordanie","tag-colonisation","tag-gaza","tag-hamas","tag-international","tag-israel","tag-ministere-de-la-sante","tag-palestiniens","tag-restrictions","tag-secretaire-general","news-destination-homepage","news-source-website"],"_links":{"self":[{"href":"https:\/\/euapp01.newsmemory.com\/lamarseillaise\/news\/wp-json\/wp\/v2\/posts\/34752","targetHints":{"allow":["GET"]}}],"collection":[{"href":"https:\/\/euapp01.newsmemory.com\/lamarseillaise\/news\/wp-json\/wp\/v2\/posts"}],"about":[{"href":"https:\/\/euapp01.newsmemory.com\/lamarseillaise\/news\/wp-json\/wp\/v2\/types\/post"}],"author":[{"embeddable":true,"href":"https:\/\/euapp01.newsmemory.com\/lamarseillaise\/news\/wp-json\/wp\/v2\/users\/1"}],"replies":[{"embeddable":true,"href":"https:\/\/euapp01.newsmemory.com\/lamarseillaise\/news\/wp-json\/wp\/v2\/comments?post=34752"}],"version-history":[{"count":1,"href":"https:\/\/euapp01.newsmemory.com\/lamarseillaise\/news\/wp-json\/wp\/v2\/posts\/34752\/revisions"}],"predecessor-version":[{"id":34754,"href":"https:\/\/euapp01.newsmemory.com\/lamarseillaise\/news\/wp-json\/wp\/v2\/posts\/34752\/revisions\/34754"}],"wp:featuredmedia":[{"embeddable":true,"href":"https:\/\/euapp01.newsmemory.com\/lamarseillaise\/news\/wp-json\/wp\/v2\/media\/34753"}],"wp:attachment":[{"href":"https:\/\/euapp01.newsmemory.com\/lamarseillaise\/news\/wp-json\/wp\/v2\/media?parent=34752"}],"wp:term":[{"taxonomy":"category","embeddable":true,"href":"https:\/\/euapp01.newsmemory.com\/lamarseillaise\/news\/wp-json\/wp\/v2\/categories?post=34752"},{"taxonomy":"post_tag","embeddable":true,"href":"https:\/\/euapp01.newsmemory.com\/lamarseillaise\/news\/wp-json\/wp\/v2\/tags?post=34752"},{"taxonomy":"news-destination","embeddable":true,"href":"https:\/\/euapp01.newsmemory.com\/lamarseillaise\/news\/wp-json\/wp\/v2\/news-destination?post=34752"},{"taxonomy":"news-source","embeddable":true,"href":"https:\/\/euapp01.newsmemory.com\/lamarseillaise\/news\/wp-json\/wp\/v2\/news-source?post=34752"},{"taxonomy":"is_homepage","embeddable":true,"href":"https:\/\/euapp01.newsmemory.com\/lamarseillaise\/news\/wp-json\/wp\/v2\/is_homepage?post=34752"},{"taxonomy":"ta_other","embeddable":true,"href":"https:\/\/euapp01.newsmemory.com\/lamarseillaise\/news\/wp-json\/wp\/v2\/ta_other?post=34752"}],"curies":[{"name":"wp","href":"https:\/\/api.w.org\/{rel}","templated":true}]}}