{"id":34749,"date":"2026-07-01T07:43:00","date_gmt":"2026-07-01T05:43:00","guid":{"rendered":"https:\/\/euapp01.newsmemory.com\/lamarseillaise\/news\/?p=34749"},"modified":"2026-07-01T10:10:28","modified_gmt":"2026-07-01T08:10:28","slug":"un-carreau-du-coeur-pour-handident","status":"publish","type":"post","link":"https:\/\/euapp01.newsmemory.com\/lamarseillaise\/news\/2026\/07\/01\/un-carreau-du-coeur-pour-handident\/","title":{"rendered":"Un carreau du c\u0153ur pour Handident"},"content":{"rendered":"<div class=\"paragraph\">\n<p>Cr\u00e9\u00e9e le 11\u00a0mai 2005, sa mission est de faciliter l\u2019acc\u00e8s aux soins dentaires pour les personnes handicap\u00e9es ainsi que les personnes \u00e2g\u00e9es d\u00e9pendantes. Dot\u00e9e de moyens vari\u00e9s afin de r\u00e9pondre aux difficult\u00e9s des patients, l\u2019association met l\u2019accent sur une prise en charge compl\u00e8te. D\u2019apr\u00e8s Christine Khoudry, Directrice m\u00e9dicale d\u2019Handident Paca, ce n\u2019est pas le cas de chaque branche. \u00ab<i>\u00a0<\/i><i>Chaque Handident est ind\u00e9pendant. On d\u00e9pend d\u2019une association qui s\u2019appelle SOSS (Sant\u00e9 Orale et Soins Sp\u00e9cifiques) mais on est vraiment ind\u00e9pendant.<\/i><i>\u00a0<\/i>\u00bb Une particularit\u00e9 d\u00e9marque l\u2019\u00ab\u00a0<i>entit\u00e9<\/i><i>\u00a0<\/i>\u00bb en charge de la r\u00e9gion du sud-est de la France, \u00ab\u00a0<i>on est les seuls au niveau national r\u00e9pondant \u00e0 la demande de A \u00e0 Z. C\u2019est-\u00e0-dire on prend en charge le patient pour faire le diagnostic, le plan de traitement et on r\u00e9alise les soins.<\/i><i>\u00a0<\/i>\u00bb<i><\/i><\/p>\n<p><i><\/i><\/p>\n<\/p><\/div>\n<div class=\"intext\"> Une m\u00e9thode particuli\u00e8re\n              <\/div>\n<div class=\"paragraph\">\n<p>Pour agir, plusieurs services sont en place comme le DERAC (Dispositif Expert R\u00e9gional d\u2019Appui \u00e0 la Coordination) recevant les appels des patients et permettant leur orientation vers un chirurgien-dentiste. Sur le terrain, des cabinets dentaires mobiles, ainsi que des interventions au sein d\u2019EHPAD, sont r\u00e9alis\u00e9s afin d\u2019\u00ab<i>\u00a0<\/i><i>aller vers les patients<\/i><i>\u00a0<\/i>\u00bb. \u00ab\u00a0<i>Tout est mobile<\/i><i>\u00a0<\/i>\u00bb<i>,<\/i> nous explique Christine Khoudry. \u00ab\u00a0<i>On a des v\u00e9hicules pour chaque secteur, d\u00e9di\u00e9s aux soins. Il y a tout dedans. On installe et d\u00e9sinstalle \u00e0 chaque fois \u00e0 l\u2019aide du technicien sur place de l\u2019\u00e9tablissement, en pr\u00e9sence de l\u2019assistante dentaire et du chauffeur du v\u00e9hicule.<\/i><i>\u00a0<\/i>\u00bb<\/p>\n<p>Pour cette unit\u00e9 mobile, un bus, au d\u00e9part de cette initiative mobile en 2010, ainsi que trois autres v\u00e9hicules sont r\u00e9partis sur l\u2019ensemble du territoire afin de r\u00e9pondre aux exigences. En d\u00e9veloppement avec une antenne fixe ouverte en mars et 3\u00a0630\u00a0personnes soign\u00e9es en 2025, Handident Paca pourra compter sur la visibilit\u00e9 du Mondial afin de partager le savoir-faire de son service au grand public.<\/p>\n<\/p><\/div>\n","protected":false},"excerpt":{"rendered":"Cr&eacute;&eacute;e le 11&nbsp;mai 2005, sa mission est de faciliter l&rsquo;acc&egrave;s aux soins dentaires pour les personnes handicap&eacute;es ainsi que les personnes &acirc;g&eacute;es d&eacute;pendantes. Dot&eacute;e de moyens vari&eacute;s &#8230;","protected":false},"author":1,"featured_media":34750,"comment_status":"open","ping_status":"open","sticky":false,"template":"","format":"standard","meta":{"footnotes":""},"categories":[20],"tags":[138,10,1161,1003,5659,2714,1754,1066,4581,5560,4339,5260,16,4647,1385,4580,896,80,1943,2471,86,256,382,137,5872,1183],"news-destination":[],"news-source":[475],"is_homepage":[],"ta_other":[],"class_list":["post-34749","post","type-post","status-publish","format-standard","has-post-thumbnail","hentry","category-societe","tag-associations","tag-bouches-du-rhone","tag-boules","tag-concours","tag-dentiste","tag-dents","tag-equipements","tag-handicap","tag-la-marseillaise-2026","tag-le-mondial-la-marseillaise-2026","tag-le-mondial-la-marseillaise-a-petanque","tag-les-carreaux-du-coeur","tag-marseille","tag-mlm2026","tag-mobilite","tag-mondial-la-marseillaise-2026","tag-mondial-la-marseillaise-a-petanque","tag-paca","tag-personnes-agees","tag-prise-en-charge","tag-region","tag-sante","tag-soins","tag-territoire","tag-unite-mobile","tag-vehicules","news-source-website"],"_links":{"self":[{"href":"https:\/\/euapp01.newsmemory.com\/lamarseillaise\/news\/wp-json\/wp\/v2\/posts\/34749","targetHints":{"allow":["GET"]}}],"collection":[{"href":"https:\/\/euapp01.newsmemory.com\/lamarseillaise\/news\/wp-json\/wp\/v2\/posts"}],"about":[{"href":"https:\/\/euapp01.newsmemory.com\/lamarseillaise\/news\/wp-json\/wp\/v2\/types\/post"}],"author":[{"embeddable":true,"href":"https:\/\/euapp01.newsmemory.com\/lamarseillaise\/news\/wp-json\/wp\/v2\/users\/1"}],"replies":[{"embeddable":true,"href":"https:\/\/euapp01.newsmemory.com\/lamarseillaise\/news\/wp-json\/wp\/v2\/comments?post=34749"}],"version-history":[{"count":1,"href":"https:\/\/euapp01.newsmemory.com\/lamarseillaise\/news\/wp-json\/wp\/v2\/posts\/34749\/revisions"}],"predecessor-version":[{"id":34751,"href":"https:\/\/euapp01.newsmemory.com\/lamarseillaise\/news\/wp-json\/wp\/v2\/posts\/34749\/revisions\/34751"}],"wp:featuredmedia":[{"embeddable":true,"href":"https:\/\/euapp01.newsmemory.com\/lamarseillaise\/news\/wp-json\/wp\/v2\/media\/34750"}],"wp:attachment":[{"href":"https:\/\/euapp01.newsmemory.com\/lamarseillaise\/news\/wp-json\/wp\/v2\/media?parent=34749"}],"wp:term":[{"taxonomy":"category","embeddable":true,"href":"https:\/\/euapp01.newsmemory.com\/lamarseillaise\/news\/wp-json\/wp\/v2\/categories?post=34749"},{"taxonomy":"post_tag","embeddable":true,"href":"https:\/\/euapp01.newsmemory.com\/lamarseillaise\/news\/wp-json\/wp\/v2\/tags?post=34749"},{"taxonomy":"news-destination","embeddable":true,"href":"https:\/\/euapp01.newsmemory.com\/lamarseillaise\/news\/wp-json\/wp\/v2\/news-destination?post=34749"},{"taxonomy":"news-source","embeddable":true,"href":"https:\/\/euapp01.newsmemory.com\/lamarseillaise\/news\/wp-json\/wp\/v2\/news-source?post=34749"},{"taxonomy":"is_homepage","embeddable":true,"href":"https:\/\/euapp01.newsmemory.com\/lamarseillaise\/news\/wp-json\/wp\/v2\/is_homepage?post=34749"},{"taxonomy":"ta_other","embeddable":true,"href":"https:\/\/euapp01.newsmemory.com\/lamarseillaise\/news\/wp-json\/wp\/v2\/ta_other?post=34749"}],"curies":[{"name":"wp","href":"https:\/\/api.w.org\/{rel}","templated":true}]}}