{"id":34746,"date":"2026-07-01T07:55:00","date_gmt":"2026-07-01T05:55:00","guid":{"rendered":"https:\/\/euapp01.newsmemory.com\/lamarseillaise\/news\/?p=34746"},"modified":"2026-07-04T12:33:58","modified_gmt":"2026-07-04T10:33:58","slug":"ils-parcourent-le-monde-pour-bad-bunny","status":"publish","type":"post","link":"https:\/\/euapp01.newsmemory.com\/lamarseillaise\/news\/2026\/07\/01\/ils-parcourent-le-monde-pour-bad-bunny\/","title":{"rendered":"Ils parcourent le monde pour Bad Bunny"},"content":{"rendered":"<div class=\"paragraph\">\n<p>\u00ab <i>J<\/i><i>e suis Portoricaine et j\u2019habite \u00e0 New York. J\u2019ai choisi de voir Bad Bunny dans un pays o\u00f9 l\u2019on ne parle pas espagnol, car je pense que c\u2019est une occasion unique de constater son impact mondial<\/i><i><b>\u00a0<\/b><\/i>\u00bb, s\u2019\u00e9merveille Bri, artiste venue des \u00c9tats-Unis avec sa famille.<\/p>\n<p>Portoricains, Costariciens et <span class=\"mln_uppercase_mln\">\u00e9<\/span>tats-uniens arrivent \u00e0 Marseille, depuis le week-end dernier, pour le concert du chanteur latino-am\u00e9ricain Bad Bunny au V\u00e9lodrome, ce mercredi soir, o\u00f9 pr\u00e8s de 70\u00a0000\u00a0spectateurs sont attendus.<\/p>\n<p>En dessous de la place Jean-Jaur\u00e8s, Bri attend son taxi avec sa m\u00e8re, son fr\u00e8re et sa s\u0153ur. \u00ab<i>\u00a0<\/i><i>C\u2019\u00e9tait incroyable de suivre son ascension, depuis ses d\u00e9buts en tant que petit artiste de reggaeton, jusqu\u2019\u00e0 sa prestation en t\u00eate d\u2019affiche du Super Bowl. Je suis fi\u00e8re de lui, c\u2019est comme si j\u2019avais grandi \u00e0 ses c\u00f4t\u00e9s<\/i><i>\u00a0<\/i><i>!<\/i><i>\u00a0<\/i>\u00bb, s\u2019enthousiasme l\u2019artiste new-yorkaise.<\/p>\n<p>Dans les rues du Panier, les fans \u00e9trangers sont nombreux. Yirehi R\u00f4man, Portoricaine de 27\u00a0ans, a fait le d\u00e9placement seule et sp\u00e9cialement pour le concert. \u00ab<i>\u00a0<\/i><i>J\u2019adore Bad Bunny. Il est le porte-parole de nombreux Portoricains, il parle de ma culture et attire l\u2019attention sur plusieurs r\u00e9alit\u00e9s de notre \u00eele avec sa musique<\/i><i>\u00a0<\/i>\u00bb, d\u00e9clare la coach sportive.<i> <\/i>Yirehi ne le savait pas et l\u2019a appris \u00ab<i>\u00a0<\/i><i>\u00e0 la derni\u00e8re minute<\/i><i>\u00a0<\/i>\u00bb, trois amies \u00e9tats-uniennes \u00e0 elles se rendent aussi au V\u00e9lodrome. \u00ab\u00a0<i>Je suis la seule portoricaine, mais elles peuvent aussi l\u2019\u00eatre un peu pour le concert<\/i><i>\u00a0<\/i>\u00bb, ironise-t-elle.<\/p>\n<\/p><\/div>\n<div class=\"intext\"> \u00ab\u00a0Il nous d\u00e9fend contre<br \/>\n               <br \/>le racisme\u00a0\u00bb\n              <\/div>\n<div class=\"paragraph\">\n<p>Un peu plus loin, la famille Gomez, originaire du Costa Rica, arpente les petites ruelles du Panier. Pour ces quatre Latino-Am\u00e9ricains, Bad Bunny est une histoire de famille. Les parents et les enfants \u00e9coutent l\u2019artiste portoricain. De passage sur la Costa Brava et dans le sud de la France pendant plusieurs semaines, ils ont achet\u00e9 des billets pour le concert il y a un mois. \u00ab<i>\u00a0<\/i><i>Je suis chirurgien orthop\u00e9diste, quand j\u2019op\u00e8re mes patients, j\u2019\u00e9coute Bad Bunny<\/i><i>\u00a0<\/i>\u00bb, raconte leur p\u00e8re, Antonio. \u00ab<i>\u00a0<\/i><i>C\u2019est le meilleur du monde. Au Costa Rica, tous les latinos aiment Bad Bunny parce qu\u2019il nous repr\u00e9sente. Il nous d\u00e9fend contre le racisme et les discriminations<\/i><i>\u00a0<\/i>\u00bb, explique Philippe, 16\u00a0ans. \u00ab<i>\u00a0<\/i><i>Oui<\/i><i>\u00a0<\/i>\u00bb, acquiesce sa petite s\u0153ur, Martina, 13\u00a0ans, des \u00e9toiles dans les yeux.<\/p>\n<p>Parmi les fans, des Fran\u00e7ais sont aussi venus jusqu\u2019\u00e0 Marseille pour voir le ph\u00e9nom\u00e8ne portoricain. \u00c0 l\u2019image d\u2019Am\u00e9lie, Toulousaine, et de Tiphaine et In\u00e8s, Paloises, toutes les trois \u00e2g\u00e9es de 24\u00a0ans. Pour ce groupe de copines, se rendre dans la cit\u00e9 phoc\u00e9enne, plut\u00f4t qu\u2019\u00e0 Paris, pour voir Bad Bunny, \u00e9tait \u00e9vident. \u00ab<i>\u00a0<\/i><i>\u00c0 Marseille, il y a la plage et le soleil<\/i><i>\u00a0<\/i>\u00bb<i>, <\/i>explique l\u2019une d\u2019entre elles. \u00ab<i>\u00a0<\/i><i>\u00c7a nous fait une pierre deux coups<\/i><i>\u00a0<\/i><i>: le concert et des petites vacances entre copines<\/i><i>\u00a0<\/i>\u00bb, compl\u00e8te son amie.<\/p>\n<p>C\u2019est aussi le cas de ces quatre Toulousains, amis depuis plusieurs ann\u00e9es, crois\u00e9s pr\u00e8s de la Vieille Charit\u00e9. \u00ab<i>\u00a0<\/i><i>Bad Bunny, c\u2019est des souvenirs de soir\u00e9es pass\u00e9es tous ensemble. C\u2019est aussi les messages qu\u2019il transmet dans ses chansons. Je pense qu\u2019il nous touche tous<\/i><i>\u00a0<\/i>\u00bb, s\u2019exprime Aliz\u00e9e. \u00ab\u00a0<i>Il est tr\u00e8s engag\u00e9. Il a des valeurs qui nous repr\u00e9sentent et auxquelles on tient<\/i><i>\u00a0<\/i>\u00bb, ajoute son ami Adrien.<\/p>\n<p>L\u2019artiste portoricain se produira aussi les 4 et 5\u00a0juillet \u00e0 Paris. La capitale attend des milliers de spectateurs fran\u00e7ais et \u00e9trangers.<\/p>\n<\/p><\/div>\n","protected":false},"excerpt":{"rendered":"&laquo; Je suis Portoricaine et j&rsquo;habite &agrave; New York. J&rsquo;ai choisi de voir Bad Bunny dans un pays o&ugrave; l&rsquo;on ne parle pas espagnol, car je pense que c&rsquo;est une occasion unique de constater son impact &#8230;","protected":false},"author":1,"featured_media":34747,"comment_status":"open","ping_status":"open","sticky":false,"template":"","format":"standard","meta":{"footnotes":""},"categories":[3926,3925,32,20],"tags":[5976,10,34,16,325,857,529],"news-destination":[3944],"news-source":[475],"is_homepage":[],"ta_other":[],"class_list":["post-34746","post","type-post","status-publish","format-standard","has-post-thumbnail","hentry","category-accueil-merge","category-accueil-third","category-culture","category-societe","tag-bad-bunny","tag-bouches-du-rhone","tag-concert","tag-marseille","tag-musique","tag-racisme","tag-spectacle","news-destination-homepage","news-source-website"],"_links":{"self":[{"href":"https:\/\/euapp01.newsmemory.com\/lamarseillaise\/news\/wp-json\/wp\/v2\/posts\/34746","targetHints":{"allow":["GET"]}}],"collection":[{"href":"https:\/\/euapp01.newsmemory.com\/lamarseillaise\/news\/wp-json\/wp\/v2\/posts"}],"about":[{"href":"https:\/\/euapp01.newsmemory.com\/lamarseillaise\/news\/wp-json\/wp\/v2\/types\/post"}],"author":[{"embeddable":true,"href":"https:\/\/euapp01.newsmemory.com\/lamarseillaise\/news\/wp-json\/wp\/v2\/users\/1"}],"replies":[{"embeddable":true,"href":"https:\/\/euapp01.newsmemory.com\/lamarseillaise\/news\/wp-json\/wp\/v2\/comments?post=34746"}],"version-history":[{"count":1,"href":"https:\/\/euapp01.newsmemory.com\/lamarseillaise\/news\/wp-json\/wp\/v2\/posts\/34746\/revisions"}],"predecessor-version":[{"id":34748,"href":"https:\/\/euapp01.newsmemory.com\/lamarseillaise\/news\/wp-json\/wp\/v2\/posts\/34746\/revisions\/34748"}],"wp:featuredmedia":[{"embeddable":true,"href":"https:\/\/euapp01.newsmemory.com\/lamarseillaise\/news\/wp-json\/wp\/v2\/media\/34747"}],"wp:attachment":[{"href":"https:\/\/euapp01.newsmemory.com\/lamarseillaise\/news\/wp-json\/wp\/v2\/media?parent=34746"}],"wp:term":[{"taxonomy":"category","embeddable":true,"href":"https:\/\/euapp01.newsmemory.com\/lamarseillaise\/news\/wp-json\/wp\/v2\/categories?post=34746"},{"taxonomy":"post_tag","embeddable":true,"href":"https:\/\/euapp01.newsmemory.com\/lamarseillaise\/news\/wp-json\/wp\/v2\/tags?post=34746"},{"taxonomy":"news-destination","embeddable":true,"href":"https:\/\/euapp01.newsmemory.com\/lamarseillaise\/news\/wp-json\/wp\/v2\/news-destination?post=34746"},{"taxonomy":"news-source","embeddable":true,"href":"https:\/\/euapp01.newsmemory.com\/lamarseillaise\/news\/wp-json\/wp\/v2\/news-source?post=34746"},{"taxonomy":"is_homepage","embeddable":true,"href":"https:\/\/euapp01.newsmemory.com\/lamarseillaise\/news\/wp-json\/wp\/v2\/is_homepage?post=34746"},{"taxonomy":"ta_other","embeddable":true,"href":"https:\/\/euapp01.newsmemory.com\/lamarseillaise\/news\/wp-json\/wp\/v2\/ta_other?post=34746"}],"curies":[{"name":"wp","href":"https:\/\/api.w.org\/{rel}","templated":true}]}}