{"id":34743,"date":"2026-07-01T07:37:00","date_gmt":"2026-07-01T05:37:00","guid":{"rendered":"https:\/\/euapp01.newsmemory.com\/lamarseillaise\/news\/?p=34743"},"modified":"2026-07-04T12:13:57","modified_gmt":"2026-07-04T10:13:57","slug":"latlas-de-la-biodiversite-de-miramas-cloture-apres-3-ans-dinventaires","status":"publish","type":"post","link":"https:\/\/euapp01.newsmemory.com\/lamarseillaise\/news\/2026\/07\/01\/latlas-de-la-biodiversite-de-miramas-cloture-apres-3-ans-dinventaires\/","title":{"rendered":"L\u2019Atlas de la biodiversit\u00e9 de Miramas cl\u00f4tur\u00e9 apr\u00e8s 3&nbsp;ans d\u2019inventaires"},"content":{"rendered":"<div class=\"paragraph\">\n<p>\u00c0 Miramas, l\u2019Atlas de la biodiversit\u00e9 communale (ABC) touche \u00e0 sa fin. Apr\u00e8s trois ann\u00e9es d\u2019inventaires, d\u2019observations et d\u2019actions de sensibilisation, la Ville cl\u00f4ture en juillet ce vaste programme men\u00e9 depuis 2023 avec le soutien financier de l\u2019Office fran\u00e7ais de la biodiversit\u00e9. \u00ab\u00a0<i>On a travaill\u00e9 avec la Ligue de protection d\u2019oiseaux (LPO) Paca et le groupe Chiropt\u00e8res de Provence, qui sont all\u00e9s sur le territoire et ont relev\u00e9 la faune<\/i><i>\u00a0<\/i>\u00bb, explique Louise Seguinel, charg\u00e9e de mission biodiversit\u00e9 au service transition \u00e9cologique de la municipalit\u00e9.<\/p>\n<p>Au total, 831\u00a0esp\u00e8ces ont \u00e9t\u00e9 recens\u00e9es au cours de 24\u00a0inventaires naturalistes consacr\u00e9s aux oiseaux, amphibiens, chauves-souris, papillons, libellules, criquets et sauterelles. \u00ab\u00a0<i>Le chiffre le plus faramineux, c\u2019est celui qui concerne les papillons de nuit<\/i><i>\u00a0<\/i><i>: on connaissait moins de dix esp\u00e8ces, maintenant on est \u00e0 198, <\/i>poursuit la sp\u00e9cialiste<i>. On a aussi d\u00e9couvert la pr\u00e9sence d\u2019une nouvelle esp\u00e8ce de mammif\u00e8re, qui est le li\u00e8vre ib\u00e9rique, au niveau de la Crau.<\/i>\u00a0\u00bb De nouvelles donn\u00e9es concernant certains sp\u00e9cimens bien connus ont aussi \u00e9t\u00e9 collect\u00e9es, permettant de montrer l\u2019extension de leur \u00e8re d\u2019existence et le renforcement de leur population.<\/p>\n<\/p><\/div>\n<div class=\"intext\"> Un plan d\u2019actions\n              <\/div>\n<div class=\"paragraph\">\n<p>L\u2019Atlas a \u00e9galement mobilis\u00e9 le public \u00e0 travers 34\u00a0actions de sensibilisation r\u00e9unissant plus de 1\u00a0000\u00a0participants. \u00ab\u00a0<i>C\u2019\u00e9tait indispensable d\u2019int\u00e9grer les habitants \u00e0 la d\u00e9marche, <\/i>affirme le conseiller municipal d\u00e9l\u00e9gu\u00e9 au pacte de transition Bernard Gaudill\u00e8re<i>. Si on ne sensibilise pas la population \u00e0 l\u2019int\u00e9r\u00eat de ce travail-l\u00e0, c\u2019est rat\u00e9. Vous savez ce qu\u2019on dit<\/i><i>\u00a0<\/i><i>: on prot\u00e8ge ce qu\u2019on aime, on aime ce qu\u2019on conna\u00eet.<\/i><i>\u00a0<\/i>\u00bb<\/p>\n<p>L\u2019ABC se termine, mais le travail se poursuit. La Ville de Miramas travaille \u00e0 un \u00ab\u00a0<i>plan d\u2019actions pour les dix ans \u00e0 venir<\/i>\u00a0\u00bb, r\u00e9v\u00e8le G\u00e9raldine Buti, adjointe au maire d\u00e9l\u00e9gu\u00e9e \u00e0 l\u2019environnement. Louise S\u00e9guinel d\u00e9veloppe\u00a0: \u00ab\u00a0<i>\u00c7a peut concerner la gestion des espaces verts, avec une fauche tardive, ce qui est d\u00e9j\u00e0 fait actuellement mais peut-\u00eatre pas partout ni syst\u00e9matiquement. On peut aussi faire le choix de laisser une libre \u00e9volution de la flore pour certaines parcelles, de cr\u00e9er des mares \u00e0 certains endroits&#8230; On va probablement poursuivre le travail de connaissances sur la faune ou les arachides du sol par exemple, qui n\u2019a pas \u00e9t\u00e9 \u00e9tudi\u00e9e. On aimerait aussi continuer la sensibilisation aupr\u00e8s des jeunes publics et pousser les enseignants \u00e0 s\u2019emparer des dispositifs comme les aires terrestres \u00e9ducatives ou les classes engag\u00e9es&#8230;<\/i><i>\u00a0<\/i>\u00bb Les pistes sont nombreuses, mais une chose est s\u00fbre\u00a0: l\u2019Atlas n\u2019\u00e9tait qu\u2019une \u00e9tape, un outil au service d\u2019une politique publique globale.<\/p>\n<\/p><\/div>\n","protected":false},"excerpt":{"rendered":"&Agrave; Miramas, l&rsquo;Atlas de la biodiversit&eacute; communale (ABC) touche &agrave; sa fin. Apr&egrave;s trois ann&eacute;es d&rsquo;inventaires, d&rsquo;observations et d&rsquo;actions de sensibilisation, la Ville cl&ocirc;ture en juillet ce &#8230;","protected":false},"author":1,"featured_media":34744,"comment_status":"open","ping_status":"open","sticky":false,"template":"","format":"standard","meta":{"footnotes":""},"categories":[3926,3925,333],"tags":[84,10,1375,2604,2606,376,3362,367,1578,569,1652,136,537,1085,889],"news-destination":[3944],"news-source":[475],"is_homepage":[],"ta_other":[],"class_list":["post-34743","post","type-post","status-publish","format-standard","has-post-thumbnail","hentry","category-accueil-merge","category-accueil-third","category-environnement","tag-biodiversite","tag-bouches-du-rhone","tag-chauves-souris","tag-connaissances","tag-espaces-verts","tag-faune-sauvage","tag-flore","tag-lpo","tag-miramas","tag-oiseaux","tag-papillons","tag-preservation","tag-protection","tag-sensibilisation","tag-transition-ecologique","news-destination-homepage","news-source-website"],"_links":{"self":[{"href":"https:\/\/euapp01.newsmemory.com\/lamarseillaise\/news\/wp-json\/wp\/v2\/posts\/34743","targetHints":{"allow":["GET"]}}],"collection":[{"href":"https:\/\/euapp01.newsmemory.com\/lamarseillaise\/news\/wp-json\/wp\/v2\/posts"}],"about":[{"href":"https:\/\/euapp01.newsmemory.com\/lamarseillaise\/news\/wp-json\/wp\/v2\/types\/post"}],"author":[{"embeddable":true,"href":"https:\/\/euapp01.newsmemory.com\/lamarseillaise\/news\/wp-json\/wp\/v2\/users\/1"}],"replies":[{"embeddable":true,"href":"https:\/\/euapp01.newsmemory.com\/lamarseillaise\/news\/wp-json\/wp\/v2\/comments?post=34743"}],"version-history":[{"count":1,"href":"https:\/\/euapp01.newsmemory.com\/lamarseillaise\/news\/wp-json\/wp\/v2\/posts\/34743\/revisions"}],"predecessor-version":[{"id":34745,"href":"https:\/\/euapp01.newsmemory.com\/lamarseillaise\/news\/wp-json\/wp\/v2\/posts\/34743\/revisions\/34745"}],"wp:featuredmedia":[{"embeddable":true,"href":"https:\/\/euapp01.newsmemory.com\/lamarseillaise\/news\/wp-json\/wp\/v2\/media\/34744"}],"wp:attachment":[{"href":"https:\/\/euapp01.newsmemory.com\/lamarseillaise\/news\/wp-json\/wp\/v2\/media?parent=34743"}],"wp:term":[{"taxonomy":"category","embeddable":true,"href":"https:\/\/euapp01.newsmemory.com\/lamarseillaise\/news\/wp-json\/wp\/v2\/categories?post=34743"},{"taxonomy":"post_tag","embeddable":true,"href":"https:\/\/euapp01.newsmemory.com\/lamarseillaise\/news\/wp-json\/wp\/v2\/tags?post=34743"},{"taxonomy":"news-destination","embeddable":true,"href":"https:\/\/euapp01.newsmemory.com\/lamarseillaise\/news\/wp-json\/wp\/v2\/news-destination?post=34743"},{"taxonomy":"news-source","embeddable":true,"href":"https:\/\/euapp01.newsmemory.com\/lamarseillaise\/news\/wp-json\/wp\/v2\/news-source?post=34743"},{"taxonomy":"is_homepage","embeddable":true,"href":"https:\/\/euapp01.newsmemory.com\/lamarseillaise\/news\/wp-json\/wp\/v2\/is_homepage?post=34743"},{"taxonomy":"ta_other","embeddable":true,"href":"https:\/\/euapp01.newsmemory.com\/lamarseillaise\/news\/wp-json\/wp\/v2\/ta_other?post=34743"}],"curies":[{"name":"wp","href":"https:\/\/api.w.org\/{rel}","templated":true}]}}