{"id":34740,"date":"2026-07-01T07:31:00","date_gmt":"2026-07-01T05:31:00","guid":{"rendered":"https:\/\/euapp01.newsmemory.com\/lamarseillaise\/news\/?p=34740"},"modified":"2026-07-04T12:13:57","modified_gmt":"2026-07-04T10:13:57","slug":"bruno-genesio-doit-sengager-pour-deux-saisons-a-lom","status":"publish","type":"post","link":"https:\/\/euapp01.newsmemory.com\/lamarseillaise\/news\/2026\/07\/01\/bruno-genesio-doit-sengager-pour-deux-saisons-a-lom\/","title":{"rendered":"Bruno Genesio doit s\u2019engager pour deux saisons \u00e0 l\u2019OM"},"content":{"rendered":"<div class=\"paragraph\">\n<p>Attendu depuis pr\u00e8s de deux mois sur la Canebi\u00e8re, Bruno Genesio aurait donn\u00e9 son accord pour s\u2019engager avec l\u2019OM pour les deux prochaines saisons. L\u2019entra\u00eeneur lyonnais est attendu le lundi 6\u00a0juillet pour la reprise de l\u2019entra\u00eenement des Olympiens.<\/p>\n<p>Une page se tourne \u00e0 Marseille. D\u00e9sormais d\u00e9barrass\u00e9 des incertitudes qui entouraient sa situation financi\u00e8re, apr\u00e8s son passage devant l\u2019UEFA et la DNCG, le club peut pleinement pr\u00e9parer la saison 2026-2027. Si les joueurs retrouvent progressivement le chemin de la Commanderie, un seul dossier restait en suspens\u00a0: celui de l\u2019entra\u00eeneur.<\/p>\n<p>Mardi, l\u2019OM a officiellement annonc\u00e9 la fin de sa collaboration avec Habib Beye. Arriv\u00e9 sur le banc olympien dans un contexte d\u00e9licat, l\u2019ancien d\u00e9fenseur quitte donc ses fonctions apr\u00e8s plusieurs semaines de discussions avec sa direction. Cette d\u00e9cision \u00e9tait attendue depuis de longues semaines, les dirigeants marseillais ayant fait de Bruno Genesio leur priorit\u00e9 pour prendre les commandes de l\u2019\u00e9quipe.<\/p>\n<p>Pour autant, le club n\u2019a toujours pas officialis\u00e9 l\u2019arriv\u00e9e de l\u2019ancien entra\u00eeneur de l\u2019Olympique Lyonnais et du Stade Rennais. Selon <i>L\u2019\u00c9quipe<\/i>, les derniers d\u00e9tails contractuels ont \u00e9t\u00e9 r\u00e9gl\u00e9s ces derniers jours, avec un accord trouv\u00e9 sur un contrat de deux ans.<\/p>\n<p>Bruno Genesio devrait arriver \u00e0 Marseille accompagn\u00e9 d\u2019un staff compos\u00e9 de J\u00e9r\u00e9mie Br\u00e9chet et Dimitri Farbos comme adjoints, de Nicolas Dehon pour entra\u00eener les gardiens, ainsi que de Thomas Choinard, responsable de la performance, qu\u2019il avait d\u00e9j\u00e0 c\u00f4toy\u00e9 \u00e0 Rennes. Une \u00e9quipe technique pr\u00e9par\u00e9e depuis plusieurs semaines, alors m\u00eame que sa nomination officielle se faisait toujours attendre.<\/p>\n<\/p><\/div>\n<div class=\"intext\"> Un avenir \u00e0 reconstruire pour Beye\n              <\/div>\n<div class=\"paragraph\">\n<p>Arriv\u00e9 sur le banc olympien dans un contexte particuli\u00e8rement d\u00e9licat, Habib Beye quitte le club apr\u00e8s avoir \u00e9chou\u00e9 dans sa mission de qualifier l\u2019OM en Ligue des Champions.<\/p>\n<p>Pour le technicien franco-s\u00e9n\u00e9galais, l\u2019heure est d\u00e9sormais \u00e0 la recherche d\u2019un nouveau d\u00e9fi. Au cours des derni\u00e8res semaines, son profil a \u00e9t\u00e9 \u00e9voqu\u00e9 aupr\u00e8s de plusieurs clubs de Ligue\u00a01, parmi lesquels l\u2019AJ\u00a0Auxerre, le RC Lens, le Stade Brestois, l\u2019OGC Nice ou encore l\u2019AS Monaco, sans qu\u2019aucune de ces pistes ne d\u00e9bouche sur des discussions avanc\u00e9es.<\/p>\n<p>Plus r\u00e9cemment, le Paris FC s\u2019\u00e9tait \u00e9galement renseign\u00e9 sur sa situation. Mais le club francilien, promu en Ligue\u00a01, a finalement d\u00e9cid\u00e9 de miser sur l\u2019ancien entra\u00eeneur de Strasbourg, Liam Rosenior, attendu pour signer un contrat de deux saisons assorti d\u2019une ann\u00e9e suppl\u00e9mentaire en option. Une nouvelle option qui s\u2019envole donc pour Habib Beye, lequel devrait d\u00e9sormais prendre le temps d\u2019\u00e9tudier les opportunit\u00e9s qui se pr\u00e9senteront au cours de l\u2019\u00e9t\u00e9.<\/p>\n<\/p><\/div>\n<div class=\"paragraph\">\n<p><b>Salaire mirobolant attendu pour Mason Greenwood<\/b><\/p>\n<p>Le dossier Mason Greenwood continue de faire couler beaucoup d\u2019encre. Courtis\u00e9 par l\u2019AS Rome, qui envisagerait de s\u2019attacher ses services pour environ 40 millions d\u2019euros &#8211; une somme jug\u00e9e insuffisante par la direction de l\u2019OM &#8211; l\u2019ailier britannique susciterait d\u00e9sormais \u00e9galement l\u2019int\u00e9r\u00eat prononc\u00e9 de Fenerbah\u00e7e et de son pr\u00e9sident aux moyens importants. Afin de s\u00e9duire le joueur et de mettre une pression suppl\u00e9mentaire sur le club romain, la formation turque aurait formul\u00e9 une offre salariale comprise entre 7 et 8 millions d\u2019euros nets par saison. Pour rappel, l\u2019\u00e9curie italienne aurait d\u00e9j\u00e0 trouv\u00e9 un accord contractuel autour d\u2019un salaire estim\u00e9 \u00e0 4,5 millions d\u2019euros nets annuels.<\/p>\n<\/p><\/div>\n","protected":false},"excerpt":{"rendered":"Attendu depuis pr&egrave;s de deux mois sur la Canebi&egrave;re, Bruno Genesio aurait donn&eacute; son accord pour s&rsquo;engager avec l&rsquo;OM pour les deux prochaines saisons. L&rsquo;entra&icirc;neur lyonnais est attendu le lundi &#8230;","protected":false},"author":1,"featured_media":34741,"comment_status":"open","ping_status":"open","sticky":false,"template":"","format":"standard","meta":{"footnotes":""},"categories":[3926,3925,7],"tags":[10,1370,13,4978,1153,16,1152,1472,14],"news-destination":[3944],"news-source":[475],"is_homepage":[],"ta_other":[],"class_list":["post-34740","post","type-post","status-publish","format-standard","has-post-thumbnail","hentry","category-accueil-merge","category-accueil-third","category-sports","tag-bouches-du-rhone","tag-contrat","tag-football","tag-habib-beye","tag-ligue-1","tag-marseille","tag-mercato","tag-negociations","tag-om","news-destination-homepage","news-source-website"],"_links":{"self":[{"href":"https:\/\/euapp01.newsmemory.com\/lamarseillaise\/news\/wp-json\/wp\/v2\/posts\/34740","targetHints":{"allow":["GET"]}}],"collection":[{"href":"https:\/\/euapp01.newsmemory.com\/lamarseillaise\/news\/wp-json\/wp\/v2\/posts"}],"about":[{"href":"https:\/\/euapp01.newsmemory.com\/lamarseillaise\/news\/wp-json\/wp\/v2\/types\/post"}],"author":[{"embeddable":true,"href":"https:\/\/euapp01.newsmemory.com\/lamarseillaise\/news\/wp-json\/wp\/v2\/users\/1"}],"replies":[{"embeddable":true,"href":"https:\/\/euapp01.newsmemory.com\/lamarseillaise\/news\/wp-json\/wp\/v2\/comments?post=34740"}],"version-history":[{"count":1,"href":"https:\/\/euapp01.newsmemory.com\/lamarseillaise\/news\/wp-json\/wp\/v2\/posts\/34740\/revisions"}],"predecessor-version":[{"id":34742,"href":"https:\/\/euapp01.newsmemory.com\/lamarseillaise\/news\/wp-json\/wp\/v2\/posts\/34740\/revisions\/34742"}],"wp:featuredmedia":[{"embeddable":true,"href":"https:\/\/euapp01.newsmemory.com\/lamarseillaise\/news\/wp-json\/wp\/v2\/media\/34741"}],"wp:attachment":[{"href":"https:\/\/euapp01.newsmemory.com\/lamarseillaise\/news\/wp-json\/wp\/v2\/media?parent=34740"}],"wp:term":[{"taxonomy":"category","embeddable":true,"href":"https:\/\/euapp01.newsmemory.com\/lamarseillaise\/news\/wp-json\/wp\/v2\/categories?post=34740"},{"taxonomy":"post_tag","embeddable":true,"href":"https:\/\/euapp01.newsmemory.com\/lamarseillaise\/news\/wp-json\/wp\/v2\/tags?post=34740"},{"taxonomy":"news-destination","embeddable":true,"href":"https:\/\/euapp01.newsmemory.com\/lamarseillaise\/news\/wp-json\/wp\/v2\/news-destination?post=34740"},{"taxonomy":"news-source","embeddable":true,"href":"https:\/\/euapp01.newsmemory.com\/lamarseillaise\/news\/wp-json\/wp\/v2\/news-source?post=34740"},{"taxonomy":"is_homepage","embeddable":true,"href":"https:\/\/euapp01.newsmemory.com\/lamarseillaise\/news\/wp-json\/wp\/v2\/is_homepage?post=34740"},{"taxonomy":"ta_other","embeddable":true,"href":"https:\/\/euapp01.newsmemory.com\/lamarseillaise\/news\/wp-json\/wp\/v2\/ta_other?post=34740"}],"curies":[{"name":"wp","href":"https:\/\/api.w.org\/{rel}","templated":true}]}}