{"id":34737,"date":"2026-07-01T07:15:00","date_gmt":"2026-07-01T05:15:00","guid":{"rendered":"https:\/\/euapp01.newsmemory.com\/lamarseillaise\/news\/?p=34737"},"modified":"2026-07-01T10:10:28","modified_gmt":"2026-07-01T08:10:28","slug":"conseil-muncipal-davignon-pour-lfi-la-vraie-ruine-est-sociale","status":"publish","type":"post","link":"https:\/\/euapp01.newsmemory.com\/lamarseillaise\/news\/2026\/07\/01\/conseil-muncipal-davignon-pour-lfi-la-vraie-ruine-est-sociale\/","title":{"rendered":"Conseil muncipal d\u2019Avignon : pour LFI, \u00ab&nbsp;la vraie ruine est sociale&nbsp;\u00bb"},"content":{"rendered":"<div class=\"paragraph\">\n<p>\u00ab\u00a0<i>Nous refusons que les arguments financiers servent \u00e0 l\u00e9gitimer des coupes dans les services publics, il faut politiser les chiffres et les choix de la majorit\u00e9 ne vont pas vers les besoins sociaux<\/i>\u00a0\u00bb, estime Mathilde Louvain <a rel=\"noopener noreferrer\" href=\"https:\/\/www.lamarseillaise.fr\/politique\/avignon-galzi-accuse-l-ex-majorite-d-avoir-manipule-les-comptes-OE20428732\" target=\"_blank\">au sujet de la \u00ab\u00a0<\/a><a rel=\"noopener noreferrer\" href=\"https:\/\/www.lamarseillaise.fr\/politique\/avignon-galzi-accuse-l-ex-majorite-d-avoir-manipule-les-comptes-OE20428732\" target=\"_blank\"><i>synth\u00e8se financi\u00e8re<\/i>\u00a0<\/a><a rel=\"noopener noreferrer\" href=\"https:\/\/www.lamarseillaise.fr\/politique\/avignon-galzi-accuse-l-ex-majorite-d-avoir-manipule-les-comptes-OE20428732\" target=\"_blank\">\u00bb pr\u00e9sent\u00e9e vendredi par Olivier Galzi<\/a> (DVD). \u00ab\u00a0<i>Dans une mise en sc\u00e8ne ridicule destin\u00e9e \u00e0 faire peur et justifier l\u2019aust\u00e9rit\u00e9, le maire d\u00e9couvre qu\u2019Avignon est une ville pauvre<\/i><i>\u00a0<\/i>\u00bb, ironise Khalid El\u00a0Yousoufi. Quand Olivier Galzi parle de \u00ab\u00a0<i>champ de ruines<\/i><i>\u00a0<\/i>\u00bb, l\u2019\u00e9lu LFI r\u00e9plique que \u00ab\u00a0<i>la vraie ruine est sociale et \u00e9cologique<\/i>\u00a0\u00bb. Le groupe reproche au maire d\u2019\u00eatre en partie responsable de la situation, sur la foi du rapport de la Chambre r\u00e9gionale des comptes (CRC). \u00ab M.<i>\u00a0<\/i><i>Galzi a fait le contraire des pr\u00e9conisations en embauchant des cadres, en gonflant la masse salariale avec des policiers municipaux, alors que la CRC dit que ce n\u2019est pas un probl\u00e8me d\u2019effectifs, mais de gestion interne<\/i><i>\u00a0<\/i>\u00bb, tance Oukacha Rtili.<\/p>\n<\/p><\/div>\n","protected":false},"excerpt":{"rendered":"&laquo;&nbsp;Nous refusons que les arguments financiers servent &agrave; l&eacute;gitimer des coupes dans les services publics, il faut politiser les chiffres et les choix de la majorit&eacute; ne vont pas vers les besoins sociaux&nbsp;&raquo;, &#8230;","protected":false},"author":1,"featured_media":34738,"comment_status":"open","ping_status":"open","sticky":false,"template":"","format":"standard","meta":{"footnotes":""},"categories":[330],"tags":[495,174,430,148,541,171],"news-destination":[],"news-source":[475],"is_homepage":[],"ta_other":[],"class_list":["post-34737","post","type-post","status-publish","format-standard","has-post-thumbnail","hentry","category-politique","tag-495","tag-avignon","tag-budget","tag-conseil-municipal","tag-lfi","tag-vaucluse","news-source-website"],"_links":{"self":[{"href":"https:\/\/euapp01.newsmemory.com\/lamarseillaise\/news\/wp-json\/wp\/v2\/posts\/34737","targetHints":{"allow":["GET"]}}],"collection":[{"href":"https:\/\/euapp01.newsmemory.com\/lamarseillaise\/news\/wp-json\/wp\/v2\/posts"}],"about":[{"href":"https:\/\/euapp01.newsmemory.com\/lamarseillaise\/news\/wp-json\/wp\/v2\/types\/post"}],"author":[{"embeddable":true,"href":"https:\/\/euapp01.newsmemory.com\/lamarseillaise\/news\/wp-json\/wp\/v2\/users\/1"}],"replies":[{"embeddable":true,"href":"https:\/\/euapp01.newsmemory.com\/lamarseillaise\/news\/wp-json\/wp\/v2\/comments?post=34737"}],"version-history":[{"count":1,"href":"https:\/\/euapp01.newsmemory.com\/lamarseillaise\/news\/wp-json\/wp\/v2\/posts\/34737\/revisions"}],"predecessor-version":[{"id":34739,"href":"https:\/\/euapp01.newsmemory.com\/lamarseillaise\/news\/wp-json\/wp\/v2\/posts\/34737\/revisions\/34739"}],"wp:featuredmedia":[{"embeddable":true,"href":"https:\/\/euapp01.newsmemory.com\/lamarseillaise\/news\/wp-json\/wp\/v2\/media\/34738"}],"wp:attachment":[{"href":"https:\/\/euapp01.newsmemory.com\/lamarseillaise\/news\/wp-json\/wp\/v2\/media?parent=34737"}],"wp:term":[{"taxonomy":"category","embeddable":true,"href":"https:\/\/euapp01.newsmemory.com\/lamarseillaise\/news\/wp-json\/wp\/v2\/categories?post=34737"},{"taxonomy":"post_tag","embeddable":true,"href":"https:\/\/euapp01.newsmemory.com\/lamarseillaise\/news\/wp-json\/wp\/v2\/tags?post=34737"},{"taxonomy":"news-destination","embeddable":true,"href":"https:\/\/euapp01.newsmemory.com\/lamarseillaise\/news\/wp-json\/wp\/v2\/news-destination?post=34737"},{"taxonomy":"news-source","embeddable":true,"href":"https:\/\/euapp01.newsmemory.com\/lamarseillaise\/news\/wp-json\/wp\/v2\/news-source?post=34737"},{"taxonomy":"is_homepage","embeddable":true,"href":"https:\/\/euapp01.newsmemory.com\/lamarseillaise\/news\/wp-json\/wp\/v2\/is_homepage?post=34737"},{"taxonomy":"ta_other","embeddable":true,"href":"https:\/\/euapp01.newsmemory.com\/lamarseillaise\/news\/wp-json\/wp\/v2\/ta_other?post=34737"}],"curies":[{"name":"wp","href":"https:\/\/api.w.org\/{rel}","templated":true}]}}