{"id":34734,"date":"2026-07-01T07:18:00","date_gmt":"2026-07-01T05:18:00","guid":{"rendered":"https:\/\/euapp01.newsmemory.com\/lamarseillaise\/news\/?p=34734"},"modified":"2026-07-01T10:10:28","modified_gmt":"2026-07-01T08:10:28","slug":"forte-mobilisation-contre-la-refonte-du-plan-de-circulation-davignon","status":"publish","type":"post","link":"https:\/\/euapp01.newsmemory.com\/lamarseillaise\/news\/2026\/07\/01\/forte-mobilisation-contre-la-refonte-du-plan-de-circulation-davignon\/","title":{"rendered":"Forte mobilisation contre la refonte du plan de circulation d\u2019Avignon"},"content":{"rendered":"<div class=\"paragraph\">\n<p>\u00c0 l\u2019appel de l\u2019association des Quatre-boulevards, de l\u2019association Bien vivre \u00e0 Saint-Ruf ou de parents d\u2019\u00e9l\u00e8ves de l\u2019\u00e9cole Marcel-Perrin, les manifestants ont bruyamment fait savoir leur opposition \u00e0 la refonte du plan de circulation dans les Faubourgs. Une promesse de campagne du maire,<a rel=\"noopener noreferrer\" href=\"https:\/\/www.lamarseillaise.fr\/politique\/a-avignon-le-maire-lance-la-revision-du-plan-de-circulation-faubourg-BC20220313\" target=\"_blank\"> Olivier Galzi (DVD), vite mise en \u0153uvre<\/a>. Pancartes ironiques sur le \u00ab\u00a0non-sens\u00a0\u00bb ou \u00ab\u00a0Galzi \u00e0 v\u00e9lo\u00a0\u00bb scand\u00e9s par les pr\u00e9sents, qui se sont largement fait entendre sous les fen\u00eatres de la salle du conseil. \u00ab\u00a0<i>Nous sommes l\u00e0 pour demander un moratoire sur le d\u00e9mant\u00e8lement du plan Faubourgs et une v\u00e9ritable concertation<\/i>\u00a0\u00bb, interpelle Val\u00e9rie Vilette, pr\u00e9sidente de l\u2019association des Quatre-boulevards.<\/p>\n<\/p><\/div>\n","protected":false},"excerpt":{"rendered":"&Agrave; l&rsquo;appel de l&rsquo;association des Quatre-boulevards, de l&rsquo;association Bien vivre &agrave; Saint-Ruf ou de parents d&rsquo;&eacute;l&egrave;ves de l&rsquo;&eacute;cole Marcel-Perrin, les manifestants ont bruyamment fait savoir &#8230;","protected":false},"author":1,"featured_media":34735,"comment_status":"open","ping_status":"open","sticky":false,"template":"","format":"standard","meta":{"footnotes":""},"categories":[330],"tags":[174,3070,4914,613,171,807,2552],"news-destination":[],"news-source":[475],"is_homepage":[],"ta_other":[],"class_list":["post-34734","post","type-post","status-publish","format-standard","has-post-thumbnail","hentry","category-politique","tag-avignon","tag-modification-de-circulation","tag-olivier-galzi","tag-rassemblement","tag-vaucluse","tag-velo","tag-velos","news-source-website"],"_links":{"self":[{"href":"https:\/\/euapp01.newsmemory.com\/lamarseillaise\/news\/wp-json\/wp\/v2\/posts\/34734","targetHints":{"allow":["GET"]}}],"collection":[{"href":"https:\/\/euapp01.newsmemory.com\/lamarseillaise\/news\/wp-json\/wp\/v2\/posts"}],"about":[{"href":"https:\/\/euapp01.newsmemory.com\/lamarseillaise\/news\/wp-json\/wp\/v2\/types\/post"}],"author":[{"embeddable":true,"href":"https:\/\/euapp01.newsmemory.com\/lamarseillaise\/news\/wp-json\/wp\/v2\/users\/1"}],"replies":[{"embeddable":true,"href":"https:\/\/euapp01.newsmemory.com\/lamarseillaise\/news\/wp-json\/wp\/v2\/comments?post=34734"}],"version-history":[{"count":1,"href":"https:\/\/euapp01.newsmemory.com\/lamarseillaise\/news\/wp-json\/wp\/v2\/posts\/34734\/revisions"}],"predecessor-version":[{"id":34736,"href":"https:\/\/euapp01.newsmemory.com\/lamarseillaise\/news\/wp-json\/wp\/v2\/posts\/34734\/revisions\/34736"}],"wp:featuredmedia":[{"embeddable":true,"href":"https:\/\/euapp01.newsmemory.com\/lamarseillaise\/news\/wp-json\/wp\/v2\/media\/34735"}],"wp:attachment":[{"href":"https:\/\/euapp01.newsmemory.com\/lamarseillaise\/news\/wp-json\/wp\/v2\/media?parent=34734"}],"wp:term":[{"taxonomy":"category","embeddable":true,"href":"https:\/\/euapp01.newsmemory.com\/lamarseillaise\/news\/wp-json\/wp\/v2\/categories?post=34734"},{"taxonomy":"post_tag","embeddable":true,"href":"https:\/\/euapp01.newsmemory.com\/lamarseillaise\/news\/wp-json\/wp\/v2\/tags?post=34734"},{"taxonomy":"news-destination","embeddable":true,"href":"https:\/\/euapp01.newsmemory.com\/lamarseillaise\/news\/wp-json\/wp\/v2\/news-destination?post=34734"},{"taxonomy":"news-source","embeddable":true,"href":"https:\/\/euapp01.newsmemory.com\/lamarseillaise\/news\/wp-json\/wp\/v2\/news-source?post=34734"},{"taxonomy":"is_homepage","embeddable":true,"href":"https:\/\/euapp01.newsmemory.com\/lamarseillaise\/news\/wp-json\/wp\/v2\/is_homepage?post=34734"},{"taxonomy":"ta_other","embeddable":true,"href":"https:\/\/euapp01.newsmemory.com\/lamarseillaise\/news\/wp-json\/wp\/v2\/ta_other?post=34734"}],"curies":[{"name":"wp","href":"https:\/\/api.w.org\/{rel}","templated":true}]}}