{"id":34727,"date":"2026-07-01T07:20:00","date_gmt":"2026-07-01T05:20:00","guid":{"rendered":"https:\/\/euapp01.newsmemory.com\/lamarseillaise\/news\/?p=34727"},"modified":"2026-07-04T12:13:57","modified_gmt":"2026-07-04T10:13:57","slug":"la-situation-chaotique-des-finances-met-presque-ko-la-ville-davignon","status":"publish","type":"post","link":"https:\/\/euapp01.newsmemory.com\/lamarseillaise\/news\/2026\/07\/01\/la-situation-chaotique-des-finances-met-presque-ko-la-ville-davignon\/","title":{"rendered":"La situation chaotique des finances met presque KO la Ville d\u2019Avignon"},"content":{"rendered":"<div class=\"paragraph\">\n<p>Le Festival d\u2019Avignon ne commence que dans trois jours, mais une sacr\u00e9e pi\u00e8ce th\u00e9\u00e2trale s\u2019est jou\u00e9e, ce mardi soir, au cours d\u2019un conseil municipal fleuve. S\u2019il y a eu plusieurs actes (administratifs), le point culminant a \u00e9t\u00e9 atteint d\u2019entr\u00e9e sur la partie financi\u00e8re. \u00ab\u00a0<i>Vous \u00eates habitu\u00e9s du th\u00e9\u00e2tre politique, moi non<\/i><i>\u00a0<\/i>\u00bb, lance, goguenard, Olivier Galzi \u00e0 son opposition, alors que <a href=\"https:\/\/www.lamarseillaise.fr\/politique\/forte-mobilisation-contre-la-refonte-du-plan-de-circulation-d-avignon-GC20440701\">sous les fen\u00eatres de l\u2019h\u00f4tel de Ville, la col\u00e8re gronde<\/a>. Mais le maire (DVD) n\u2019avait pas vraiment le sourire en \u00e9voquant, en pr\u00e9ambule, le contenu de l\u2019audit financier, command\u00e9 par <a rel=\"noopener noreferrer\" href=\"https:\/\/www.lamarseillaise.fr\/politique\/avignon-galzi-accuse-l-ex-majorite-d-avoir-manipule-les-comptes-OE20428732\" target=\"_blank\">ses soins et pr\u00e9sent\u00e9 vendredi \u00e0 la presse<\/a>.<\/p>\n<p>\u00ab<i>\u00a0<\/i><i>Il y a 20<\/i><i>\u00a0<\/i><i>millions d\u2019euros \u00e0 trouver, chaque ann\u00e9e, pour \u00e9viter le mur budg\u00e9taire en 2028 ou bien on \u00e9teint la lumi\u00e8re<\/i><i>\u00a0<\/i>\u00bb, mart\u00e8le-t-il en redisant vouloir \u00e9viter \u00ab\u00a0<i>le levier fiscal<\/i><i>\u00a0<\/i>\u00bb ou \u00ab<i>\u00a0<\/i><i>les coupes dans les services publics<\/i>\u00a0\u00bb. Et alors qu\u2019Anne-Sophie Rigault (RN) se d\u00e9lecte de la situation, rappelant que \u00ab<i>\u00a0<\/i><i>depuis des ann\u00e9es, je disais que les caisses \u00e9taient vides<\/i>\u00a0\u00bb, elle redemande la mise sous tutelle, comme l\u2019avait fait Marie-Jos\u00e9e Roig il y a 30\u00a0ans [ex-maire 95-2014]. \u00ab\u00a0<i>La tutelle n\u2019est pas une fatalit\u00e9, mais une possibilit\u00e9 qu\u2019on essaye d\u2019\u00e9viter<\/i>\u00a0\u00bb, assure Olivier Galzi. Le couperet n\u2019est pourtant pas pass\u00e9 loin, ce mardi soir, \u00e0 l\u2019issue des votes des comptes de gestion et administratifs 2025.<\/p>\n<p>Le sujet est tr\u00e8s technique\u00a0: le compte de gestion est r\u00e9dig\u00e9 par le comptable public, quand le compte administratif (CA) est lui \u00e9tabli par l\u2019ordonnateur public, en l\u2019occurrence le maire. N\u2019acceptant pas \u00ab<i>\u00a0<\/i><i>l\u2019h\u00e9ritage<\/i><i>\u00a0<\/i>\u00bb, Olivier Galzi a annonc\u00e9 s\u2019abstenir sur le CA, laissant \u00ab\u00a0<i>libre choix<\/i>\u00a0\u00bb de vote \u00e0 sa majorit\u00e9. Le CA a \u00e9t\u00e9 rejet\u00e9 par 22\u00a0voix, et seulement 7 pour et 22\u00a0abstentions. Ce vote n\u00e9gatif entra\u00eene de fait une saisie de la Chambre r\u00e9gionale des comptes par le pr\u00e9fet. Ce qui, bien souvent, entra\u00eene la mise sous tutelle. Or, le compte de gestion ayant \u00e9t\u00e9 approuv\u00e9 et faisant foi, la Ville reste donc ma\u00eetresse de ses finances. Un point ayant tout de m\u00eame entra\u00een\u00e9 un certain flottement dans l\u2019assistance, Olivier Galzi retirant les d\u00e9lib\u00e9rations suivantes ayant trait au budget 2026.<\/p>\n<\/p><\/div>\n<div class=\"intext\"> \u00ab\u00a0Il n\u2019y a ni mensonge,<br \/>\n               <br \/>ni maquillage\u00a0\u00bb\n              <\/div>\n<div class=\"paragraph\">\n<p>Avant ce vote, l\u2019ex-majorit\u00e9 de gauche, sous la f\u00e9rule de David Fournier (PS), s\u2019est escrim\u00e9e \u00e0 d\u00e9cr\u00e9dibiliser les conclusions de l\u2019audit. \u00ab\u00a0<i>Le tr\u00e9sorier public, qui a la comp\u00e9tence de l\u2019\u00c9tat pour validation des finances d\u2019une collectivit\u00e9, a repris et valid\u00e9 toutes les op\u00e9rations constat\u00e9es au cours de l\u2019exercice clos, il n\u2019y a donc aucun mensonge, ni maquillage<\/i>\u00a0\u00bb, affirme l\u2019ex-adjoint \u00e0 l\u2019administration municipale, assurant qu\u2019\u00ab\u00a0<i>en 2014, lorsque nous sommes arriv\u00e9s aux responsabilit\u00e9s, nous avons trouv\u00e9 une situation tr\u00e8s complexe alors qu\u2019aujourd\u2019hui, elle est saine<\/i>\u00a0\u00bb. Olivier Galzi ne peut retenir un ricanement, le rebaptisant \u00ab\u00a0David Copperfield\u00a0\u00bb, avant de s\u2019agacer et citant plusieurs contre-exemples, sur le montant des dettes cumul\u00e9es notamment. \u00ab\u00a0<i>Vous \u00eates absolument nul en gestion<\/i><i>\u00a0<\/i><i>!<\/i><i>\u00a0<\/i>\u00bb, accuse le maire.<\/p>\n<p>Le ton monte aussi avec un autre ex-adjoint (PS), Fabrice Tocabens, sans cesse interrompu dans son intervention. \u00ab\u00a0<i>Vous construisez votre discours dans une logique du chaos, alors que les services de l\u2019\u00c9tat et la Chambre r\u00e9gionale des comptes disent des choses pas trop mal qui ne vous conviennent pas<\/i>\u00a0\u00bb, rel\u00e8ve-t-il. \u00ab\u00a0<i>Vous allumez un contre-feu de dramaturgie au lieu d\u2019assumer vos choix politiques avec des postes sur la communication ou la police municipale<\/i><i>\u00a0<\/i>\u00bb, embraye <a href=\"https:\/\/www.lamarseillaise.fr\/politique\/conseil-muncipal-d-avignon-pour-lfi-la-vraie-ruine-est-sociale-PC20440681\">R\u00e9my Blanc (PCF), seul du groupe de Mathilde Louvain \u00e0 avoir vot\u00e9 le compte administratif<\/a>.<\/p>\n<p>Le vote du budget suppl\u00e9mentaire, retir\u00e9, et qui pourrait revenir au prochain conseil municipal, devrait en dire davantage sur les marges de man\u0153uvre et orientations politiques.<\/p>\n<\/p><\/div>\n","protected":false},"excerpt":{"rendered":"Le Festival d&rsquo;Avignon ne commence que dans trois jours, mais une sacr&eacute;e pi&egrave;ce th&eacute;&acirc;trale s&rsquo;est jou&eacute;e, ce mardi soir, au cours d&rsquo;un conseil municipal fleuve. S&rsquo;il y a eu plusieurs actes &#8230;","protected":false},"author":1,"featured_media":34728,"comment_status":"open","ping_status":"open","sticky":false,"template":"","format":"standard","meta":{"footnotes":""},"categories":[3926,3925,330],"tags":[495,174,430,591,148,913,4914,171,720],"news-destination":[3944],"news-source":[475],"is_homepage":[],"ta_other":[],"class_list":["post-34727","post","type-post","status-publish","format-standard","has-post-thumbnail","hentry","category-accueil-merge","category-accueil-third","category-politique","tag-495","tag-avignon","tag-budget","tag-chambre-regionale-des-comptes","tag-conseil-municipal","tag-finances","tag-olivier-galzi","tag-vaucluse","tag-ville","news-destination-homepage","news-source-website"],"_links":{"self":[{"href":"https:\/\/euapp01.newsmemory.com\/lamarseillaise\/news\/wp-json\/wp\/v2\/posts\/34727","targetHints":{"allow":["GET"]}}],"collection":[{"href":"https:\/\/euapp01.newsmemory.com\/lamarseillaise\/news\/wp-json\/wp\/v2\/posts"}],"about":[{"href":"https:\/\/euapp01.newsmemory.com\/lamarseillaise\/news\/wp-json\/wp\/v2\/types\/post"}],"author":[{"embeddable":true,"href":"https:\/\/euapp01.newsmemory.com\/lamarseillaise\/news\/wp-json\/wp\/v2\/users\/1"}],"replies":[{"embeddable":true,"href":"https:\/\/euapp01.newsmemory.com\/lamarseillaise\/news\/wp-json\/wp\/v2\/comments?post=34727"}],"version-history":[{"count":1,"href":"https:\/\/euapp01.newsmemory.com\/lamarseillaise\/news\/wp-json\/wp\/v2\/posts\/34727\/revisions"}],"predecessor-version":[{"id":34729,"href":"https:\/\/euapp01.newsmemory.com\/lamarseillaise\/news\/wp-json\/wp\/v2\/posts\/34727\/revisions\/34729"}],"wp:featuredmedia":[{"embeddable":true,"href":"https:\/\/euapp01.newsmemory.com\/lamarseillaise\/news\/wp-json\/wp\/v2\/media\/34728"}],"wp:attachment":[{"href":"https:\/\/euapp01.newsmemory.com\/lamarseillaise\/news\/wp-json\/wp\/v2\/media?parent=34727"}],"wp:term":[{"taxonomy":"category","embeddable":true,"href":"https:\/\/euapp01.newsmemory.com\/lamarseillaise\/news\/wp-json\/wp\/v2\/categories?post=34727"},{"taxonomy":"post_tag","embeddable":true,"href":"https:\/\/euapp01.newsmemory.com\/lamarseillaise\/news\/wp-json\/wp\/v2\/tags?post=34727"},{"taxonomy":"news-destination","embeddable":true,"href":"https:\/\/euapp01.newsmemory.com\/lamarseillaise\/news\/wp-json\/wp\/v2\/news-destination?post=34727"},{"taxonomy":"news-source","embeddable":true,"href":"https:\/\/euapp01.newsmemory.com\/lamarseillaise\/news\/wp-json\/wp\/v2\/news-source?post=34727"},{"taxonomy":"is_homepage","embeddable":true,"href":"https:\/\/euapp01.newsmemory.com\/lamarseillaise\/news\/wp-json\/wp\/v2\/is_homepage?post=34727"},{"taxonomy":"ta_other","embeddable":true,"href":"https:\/\/euapp01.newsmemory.com\/lamarseillaise\/news\/wp-json\/wp\/v2\/ta_other?post=34727"}],"curies":[{"name":"wp","href":"https:\/\/api.w.org\/{rel}","templated":true}]}}