{"id":34724,"date":"2026-07-01T07:10:00","date_gmt":"2026-07-01T05:10:00","guid":{"rendered":"https:\/\/euapp01.newsmemory.com\/lamarseillaise\/news\/?p=34724"},"modified":"2026-07-04T09:41:56","modified_gmt":"2026-07-04T07:41:56","slug":"le-maire-daubagne-annonce-le-retrait-de-ses-elus-de-la-societe-publique-leau-des-collines","status":"publish","type":"post","link":"https:\/\/euapp01.newsmemory.com\/lamarseillaise\/news\/2026\/07\/01\/le-maire-daubagne-annonce-le-retrait-de-ses-elus-de-la-societe-publique-leau-des-collines\/","title":{"rendered":"Le maire d\u2019Aubagne annonce le retrait de ses \u00e9lus de la soci\u00e9t\u00e9 publique L\u2019Eau des Collines"},"content":{"rendered":"<div class=\"paragraph\">\n<p>\u00ab <i>U<\/i><i>n passage en force<\/i>\u00a0\u00bb valid\u00e9 par le \u00ab\u00a0<i>silence assourdissant de la M\u00e9tropole<\/i><i>\u00a0<\/i>\u00bb, discr\u00e9ditant \u00ab\u00a0<i>la promesse d\u2019une M\u00e9tropole des maires <\/i>[ laquelle devait, selon son pr\u00e9sident Nicolas Isnard (LR), laisser les comp\u00e9tences de proximit\u00e9 aux communes]\u00a0\u00bb. C\u2019est l\u2019accablante analyse que fait la Ville d\u2019Aubagne de l\u2019\u00e9lection de Serge Perottino, maire (DVD) de Cadolive et vice-pr\u00e9sident de la M\u00e9tropole Aix-Marseille, \u00e0 la t\u00eate de la Soci\u00e9t\u00e9 publique locale (SPL) L\u2019Eau des collines.<\/p>\n<p>Cette structure publique est responsable de la gestion du service de collecte et de transport des eaux us\u00e9es de l\u2019ensemble des communes du Pays d\u2019Aubagne et de l\u2019\u00c9toile, ainsi que de la production et de la distribution de l\u2019eau potable dans les communes d\u2019Aubagne, La-Penne-sur-Huveaune, Cuges-les-Pins et Saint-Zacharie. La M\u00e9tropole et les communes en sont actionnaires. La SPL est depuis sa cr\u00e9ation pr\u00e9sid\u00e9e par un \u00e9lu aubagnais. Mais, lundi soir, lors du conseil d\u2019administration de la SPL, c\u2019est la candidature du maire de Cadolive qui a remport\u00e9 les suffrages.<\/p>\n<\/p><\/div>\n<div class=\"intext\"> La Ville veut quitter la SPL\n              <\/div>\n<div class=\"paragraph\">\n<p>\u00ab<i>\u00a0<\/i><i>Comment un \u00e9lu, dont la commune n\u2019est m\u00eame pas desservie par le r\u00e9seau, peut-il justifier de pr\u00e9sider un outil dont les habitants de Cadolive ne sont m\u00eame pas usagers<\/i><i>\u00a0<\/i><i>? C\u2019est un m\u00e9pris total de l\u2019histoire et du travail des communes fondatrices<\/i>\u00a0\u00bb, s\u2019est indign\u00e9 Jean-Pierre Squillari, maire (DVG) d\u2019Aubagne.<\/p>\n<p>En r\u00e9action, il annonce le retrait de ses \u00e9lus du conseil d\u2019administration de la SPL, l\u2019engagement imm\u00e9diat de \u00ab\u00a0<i>d\u00e9marches pour pr\u00e9parer la sortie de la Ville d\u2019Aubagne de la SPL<\/i>\u00a0\u00bb et l\u2019ouverture d\u2019une \u00ab\u00a0<i>r\u00e9flexion approfondie, avec l\u2019ensemble de la majorit\u00e9 municipale, pour d\u00e9finir un nouveau chemin et une nouvelle strat\u00e9gie en mati\u00e8re d\u2019intercommunalit\u00e9.<\/i><i>\u00a0<\/i><i>\u00bb \u00ab<\/i><i>\u00a0<\/i><i>Cette structure est-elle encore un outil au service des habitants, ou est-elle devenue un obstacle \u00e0 notre autonomie et \u00e0 notre action<\/i><i>\u00a0<\/i><i>? Nous attendons des actes, pas des promesses. Aubagne sera respect\u00e9e<\/i><i>\u00a0<\/i><i>\u00bb, <\/i>conclut-il.<\/p>\n<p>La mairie indique n\u2019avoir pour l\u2019instant pas obtenu de r\u00e9ponse officielle de Nicolas Isnard, pr\u00e9sident (DVD) de la M\u00e9tropole.<\/p>\n<\/p><\/div>\n","protected":false},"excerpt":{"rendered":"&laquo; Un passage en force&nbsp;&raquo; valid&eacute; par le &laquo;&nbsp;silence assourdissant de la M&eacute;tropole&nbsp;&raquo;, discr&eacute;ditant &laquo;&nbsp;la promesse d&rsquo;une M&eacute;tropole des maires [ laquelle devait, selon son &#8230;","protected":false},"author":1,"featured_media":34725,"comment_status":"open","ping_status":"open","sticky":false,"template":"","format":"standard","meta":{"footnotes":""},"categories":[3926,3925,330],"tags":[493,10,513,212,309,3162,3499,671,4009,5431,720],"news-destination":[3944],"news-source":[475],"is_homepage":[],"ta_other":[],"class_list":["post-34724","post","type-post","status-publish","format-standard","has-post-thumbnail","hentry","category-accueil-merge","category-accueil-third","category-politique","tag-aubagne","tag-bouches-du-rhone","tag-communes","tag-distribution","tag-eau","tag-elu","tag-jean-pierre-squillari","tag-metropole-aix-marseille","tag-nicolas-isnard","tag-serge-perottino","tag-ville","news-destination-homepage","news-source-website"],"_links":{"self":[{"href":"https:\/\/euapp01.newsmemory.com\/lamarseillaise\/news\/wp-json\/wp\/v2\/posts\/34724","targetHints":{"allow":["GET"]}}],"collection":[{"href":"https:\/\/euapp01.newsmemory.com\/lamarseillaise\/news\/wp-json\/wp\/v2\/posts"}],"about":[{"href":"https:\/\/euapp01.newsmemory.com\/lamarseillaise\/news\/wp-json\/wp\/v2\/types\/post"}],"author":[{"embeddable":true,"href":"https:\/\/euapp01.newsmemory.com\/lamarseillaise\/news\/wp-json\/wp\/v2\/users\/1"}],"replies":[{"embeddable":true,"href":"https:\/\/euapp01.newsmemory.com\/lamarseillaise\/news\/wp-json\/wp\/v2\/comments?post=34724"}],"version-history":[{"count":1,"href":"https:\/\/euapp01.newsmemory.com\/lamarseillaise\/news\/wp-json\/wp\/v2\/posts\/34724\/revisions"}],"predecessor-version":[{"id":34726,"href":"https:\/\/euapp01.newsmemory.com\/lamarseillaise\/news\/wp-json\/wp\/v2\/posts\/34724\/revisions\/34726"}],"wp:featuredmedia":[{"embeddable":true,"href":"https:\/\/euapp01.newsmemory.com\/lamarseillaise\/news\/wp-json\/wp\/v2\/media\/34725"}],"wp:attachment":[{"href":"https:\/\/euapp01.newsmemory.com\/lamarseillaise\/news\/wp-json\/wp\/v2\/media?parent=34724"}],"wp:term":[{"taxonomy":"category","embeddable":true,"href":"https:\/\/euapp01.newsmemory.com\/lamarseillaise\/news\/wp-json\/wp\/v2\/categories?post=34724"},{"taxonomy":"post_tag","embeddable":true,"href":"https:\/\/euapp01.newsmemory.com\/lamarseillaise\/news\/wp-json\/wp\/v2\/tags?post=34724"},{"taxonomy":"news-destination","embeddable":true,"href":"https:\/\/euapp01.newsmemory.com\/lamarseillaise\/news\/wp-json\/wp\/v2\/news-destination?post=34724"},{"taxonomy":"news-source","embeddable":true,"href":"https:\/\/euapp01.newsmemory.com\/lamarseillaise\/news\/wp-json\/wp\/v2\/news-source?post=34724"},{"taxonomy":"is_homepage","embeddable":true,"href":"https:\/\/euapp01.newsmemory.com\/lamarseillaise\/news\/wp-json\/wp\/v2\/is_homepage?post=34724"},{"taxonomy":"ta_other","embeddable":true,"href":"https:\/\/euapp01.newsmemory.com\/lamarseillaise\/news\/wp-json\/wp\/v2\/ta_other?post=34724"}],"curies":[{"name":"wp","href":"https:\/\/api.w.org\/{rel}","templated":true}]}}