{"id":34721,"date":"2026-07-01T06:57:00","date_gmt":"2026-07-01T04:57:00","guid":{"rendered":"https:\/\/euapp01.newsmemory.com\/lamarseillaise\/news\/?p=34721"},"modified":"2026-07-04T09:29:56","modified_gmt":"2026-07-04T07:29:56","slug":"entretien-fadwa-barghouti-marwan-barghouti-est-une-figure-federatrice","status":"publish","type":"post","link":"https:\/\/euapp01.newsmemory.com\/lamarseillaise\/news\/2026\/07\/01\/entretien-fadwa-barghouti-marwan-barghouti-est-une-figure-federatrice\/","title":{"rendered":"[Entretien] Fadwa Barghouti : \u00ab&nbsp;Marwan Barghouti est une figure f\u00e9d\u00e9ratrice&nbsp;\u00bb"},"content":{"rendered":"<div class=\"paragraph\">\n<p><b>La Marseillaise :<\/b> <b>Quel est l\u2019objet de votre d\u00e9placement en France<\/b><b>\u00a0<\/b><b>? <\/b><\/p>\n<p>Fadwa Barghouti : Depuis plus de vingt ans, la France est l\u2019un des pays les plus actifs dans la campagne internationale pour la lib\u00e9ration de mon \u00e9poux, o\u00f9 elle recueille un large soutien. Plusieurs dizaines de communes lui ont d\u00e9cern\u00e9 la citoyennet\u00e9 d\u2019honneur. Depuis le 7\u00a0octobre et l\u2019attention croissante autour de la cause palestinienne, il est tr\u00e8s important de veiller \u00e0 poursuivre cette campagne, car Marwan incarne l\u2019espoir pour le peuple palestinien.<\/p>\n<p><b>Vous avez pr\u00e9vu de nombreuses rencontres avec des personnalit\u00e9s politiques de gauche. Sont-elles les seules \u00e0 soutenir votre combat ? <\/b><\/p>\n<p>F.B. : \u00c0 chaque fois que je me rends en France ou dans n\u2019importe quel autre pays, je veille \u00e0 rencontrer diff\u00e9rents partis, qu\u2019ils soient de centre-droit ou de gauche. C\u2019est tr\u00e8s important de parler \u00e0 tout le monde car nous ne voulons pas que ce soit un sujet de division, au contraire. Il y a quelques mois, le gouvernement fran\u00e7ais annon\u00e7ait la reconnaissance de l\u2019\u00c9tat de Palestine. Pour qu\u2019elle ne soit pas purement symbolique, il faut prendre des mesures concr\u00e8tes sur le terrain en faveur de la cr\u00e9ation d\u2019un \u00c9tat palestinien vivant c\u00f4te \u00e0 c\u00f4te avec Isra\u00ebl, conform\u00e9ment au droit international. La seule fa\u00e7on d\u2019y parvenir est de soutenir les acteurs et les initiatives qui y contribueront. La lib\u00e9ration de mon \u00e9poux est en t\u00eate de liste, car c\u2019est une figure f\u00e9d\u00e9ratrice. C\u2019est le dirigeant palestinien le plus populaire, qui a clairement affirm\u00e9 partager les convictions du gouvernement fran\u00e7ais, \u00e0 savoir la solution \u00e0 deux \u00c9tats et le respect du droit international.<\/p>\n<p><b>Que savez-vous des conditions de d\u00e9tention de votre \u00e9poux ?<\/b><\/p>\n<p>F.B. : Depuis le 7\u00a0octobre, une politique de punition collective est men\u00e9e contre l\u2019ensemble du peuple palestinien. Personne n\u2019est \u00e0 l\u2019abri des attaques isra\u00e9liennes. \u00c0 Gaza, c\u2019est la d\u00e9vastation et le g\u00e9nocide. En Cisjordanie, on assiste au pillage des terres et au terrorisme des colons. Au sein d\u2019Isra\u00ebl, les Palestiniens sont confront\u00e9s \u00e0 une discrimination et \u00e0 un racisme extr\u00eames. Dans ce contexte, ce que subissent les prisonniers politiques palestiniens est ce que j\u2019appelle \u00ab\u00a0l\u2019arri\u00e8re-cour du g\u00e9nocide\u00a0\u00bb. Plus de 100 Palestiniens ont \u00e9t\u00e9 tu\u00e9s en prison. Ce ne sont pas des combattants ni des personnes repr\u00e9sentant une quelconque menace mais des d\u00e9tenus, tu\u00e9s \u00e0 l\u2019int\u00e9rieur m\u00eame de la prison. Nous disposons des rapports de l\u2019ONU et du <i>New York Times<\/i> concernant les viols de prisonniers palestiniens et les mauvais traitements inflig\u00e9s aux prisonniers politiques palestiniens. Mon \u00e9poux fait partie de ces victimes. Ils l\u2019ont pris pour cible d\u00e8s le 7\u00a0octobre, date \u00e0 laquelle ils l\u2019ont transf\u00e9r\u00e9 en isolement cellulaire. Il s\u2019y trouve depuis lors, et il est transf\u00e9r\u00e9 de prison en prison. D\u2019apr\u00e8s les documents dont nous disposons, il a \u00e9t\u00e9 agress\u00e9 au moins dix fois. On lui refuse toute visite familiale. Je suis la derni\u00e8re de ses proches \u00e0 l\u2019avoir vu et c\u2019\u00e9tait il y a trois ans et demi. Il est donc tr\u00e8s important que les gens comprennent que cette situation dure depuis longtemps, bien avant le 7\u00a0octobre. Son \u00e9tat de sant\u00e9 nous inqui\u00e8te, il a perdu beaucoup de poids et a \u00e9t\u00e9 bless\u00e9 \u00e0 plusieurs reprises. On craint r\u00e9ellement pour sa s\u00e9curit\u00e9 au sein d\u2019un syst\u00e8me p\u00e9nitentiaire en pleine d\u00e9rive dirig\u00e9 par nul autre que Ben-Gvir [ministre isra\u00e9lien d\u2019extr\u00eame droite, en charge de la S\u00e9curit\u00e9 nationale, Ndlr], connu pour \u00eatre un partisan du g\u00e9nocide et du nettoyage ethnique du peuple palestinien.<\/p>\n<p><b>Justement, en ao\u00fbt<\/b><b>\u00a0<\/b><b>2025, Itamar Ben-Gvir a diffus\u00e9, sur les r\u00e9seaux sociaux, une vid\u00e9o dans laquelle il menace votre \u00e9poux dans sa cellule. Le gouvernement isra\u00e9lien craint-il votre \u00e9poux ?<\/b><\/p>\n<p>F.B. : C\u2019est une honte pour Isra\u00ebl de violer ouvertement le droit international. Mais la communaut\u00e9 internationale a aussi sa part de responsabilit\u00e9 pour ne pas avoir clairement d\u00e9nonc\u00e9 le fait qu\u2019un d\u00e9put\u00e9 \u00e9lu au Parlement palestinien, quelqu\u2019un qui est, comme je l\u2019ai dit, une figure qui rassemble, un militant pacifiste, soit humili\u00e9 aux yeux du monde entier. C\u2019est tout simplement r\u00e9voltant. Cette sc\u00e8ne entre Itamar Ben-Gvir et mon \u00e9poux illustre parfaitement la lutte. Car on voit ici un dirigeant palestinien qui a \u00e9t\u00e9 agress\u00e9 et humili\u00e9, comme l\u2019est son peuple. Il incarne en cela la lutte palestinienne. Et vous avez, en la personne d\u2019Itamar Ben-Gvir, le visage du gouvernement isra\u00e9lien actuel et de sa politique. Connaissant mon \u00e9poux, je pense qu\u2019il a crois\u00e9 des dizaines de Ben-Gvir au cours de sa vie et il reste r\u00e9silient. Nous n\u2019avons aucune crainte quant \u00e0 son \u00e9tat mental, ses capacit\u00e9s intellectuelles et sa force d\u2019esprit. Nous sommes en revanche vraiment inquiets pour sa sant\u00e9.<\/p>\n<p><b>Marwan Barghouti est souvent compar\u00e9 \u00e0 Nelson Mandela. Quelles sont les similitudes entre les deux ?<\/b><\/p>\n<p>F.B. : Nelson Mandela et mon \u00e9poux ont tous deux lutt\u00e9 contre le r\u00e9gime d\u2019apartheid. En Palestine, malheureusement, cela s\u2019ajoute au nettoyage ethnique, au g\u00e9nocide, \u00e0 l\u2019occupation et \u00e0 de nombreux crimes de guerre. Marwan Barghouti se bat contre cela depuis plus de 50\u00a0ans. Ce qui les rapproche, c\u2019est qu\u2019ils sont tous deux des figures f\u00e9d\u00e9ratrices pour leur peuple. Tous deux ont incarn\u00e9 l\u2019espoir dans une p\u00e9riode de d\u00e9sespoir. Si vous aviez dit \u00e0 un Sud-Africain au d\u00e9but des ann\u00e9es 1980 que dans dix ans, l\u2019apartheid prendrait fin dans son pays, je ne pense pas qu\u2019il vous aurait cru. C\u2019est cet espoir que Nelson Mandela a insuffl\u00e9 au peuple. Ces figures historiques sont essentielles pour que les mouvements de lib\u00e9ration gardent espoir. C\u2019est pr\u00e9cis\u00e9ment pour cette raison que le gouvernement isra\u00e9lien actuel tente de r\u00e9duire mon \u00e9poux au silence car il ne veut pas de quelqu\u2019un qui incarne cet espoir. Le fait que Nelson Mandela ait \u00e9t\u00e9 qualifi\u00e9 de terroriste par l\u2019Occident et par le r\u00e9gime d\u2019apartheid en Afrique du Sud constitue une autre similitude car le terrorisme est un terme colonial qui a toujours \u00e9t\u00e9 utilis\u00e9 pour d\u00e9signer les opprim\u00e9s qui tentent de lutter contre leur oppresseur.<\/p>\n<p><b>Mahmoud Abbas a annonc\u00e9 la tenue d\u2019\u00e9lections l\u00e9gislatives en novembre prochain et une pr\u00e9sidentielle en d\u00e9but d\u2019ann\u00e9e 2027. Marwan Barghouti sera-t-il candidat ?<\/b><\/p>\n<p>F.B. : Il est encore trop t\u00f4t pour se prononcer l\u00e0-dessus. C\u2019est \u00e0 lui de prendre cette d\u00e9cision, pas \u00e0 nous. N\u00e9anmoins, nous saluons la d\u00e9cision d\u2019organiser des \u00e9lections car nous n\u2019en avions pas eu depuis plus de vingt ans. Nous n\u2019avons pas de conseil l\u00e9gislatif op\u00e9rationnel ce qui pose de nombreux obstacles \u00e0 tout syst\u00e8me politique. Nous saluons donc cette initiative et nous regardons vers l\u2019avenir, pas seulement pour l\u2019\u00e9lection pr\u00e9sidentielle mais pour l\u2019ensemble du syst\u00e8me politique qui a besoin d\u2019un renouveau et qui va se renouveler. La vision politique de mon \u00e9poux a toujours \u00e9t\u00e9 ax\u00e9e sur la lutte contre la corruption ainsi que sur une plus grande participation des femmes et des jeunes au pouvoir. Cela ne peut se produire que si nous nous engageons dans un processus d\u00e9mocratique. Marwan croit en la d\u00e9mocratie et il est fier de n\u2019avoir jamais occup\u00e9 de poste sans avoir \u00e9t\u00e9 \u00e9lu. Je pense qu\u2019il se r\u00e9jouit de cette d\u00e9cision, de m\u00eame que nous tous, en tant que peuple palestinien. Nous en avons d\u00e9sesp\u00e9r\u00e9ment besoin. Ainsi, l\u2019Autorit\u00e9 palestinienne pourra se renforcer face aux d\u00e9fis et aux tentatives du gouvernement isra\u00e9lien visant \u00e0 faire dispara\u00eetre les institutions palestiniennes.<\/p>\n<p><b>Qu\u2019a concr\u00e8tement chang\u00e9 sur le terrain la reconnaissance de l\u2019\u00c9tat de Palestine par la France<\/b><b>\u00a0<\/b><b>?<\/b><\/p>\n<p>F.B. : Honn\u00eatement, sur le terrain, on ne per\u00e7oit aucun changement. La situation empire car, malheureusement, Isra\u00ebl agit en dehors du cadre de la loi. C\u2019est ainsi qu\u2019il fonctionne depuis des d\u00e9cennies. Notre r\u00f4le en tant que Palestiniens est d\u2019essayer de trouver et de tisser des liens avec la communaut\u00e9 internationale pour nous assurer qu\u2019elle comprenne qu\u2019il existe un partenaire pour la paix du c\u00f4t\u00e9 palestinien mais qu\u2019il n\u2019y en a pas c\u00f4t\u00e9 isra\u00e9lien. Pour y parvenir, des mesures doivent \u00eatre prises. Les \u00e9lections constituent un grand pas en avant. Depuis le cessez-le-feu et jusqu\u2019aujourd\u2019hui, plus d\u2019un millier de personnes y ont \u00e9t\u00e9 tu\u00e9es. Les souffrances n\u2019ont malheureusement pas pris fin. Il faut veiller \u00e0 ce qu\u2019un v\u00e9ritable cessez-le-feu soit en place, \u00e0 ce qu\u2019il y ait un retrait total des forces isra\u00e9liennes de Gaza et des territoires occup\u00e9s en Palestine, et bien s\u00fbr, \u00e0 ce que la reconstruction commence. C\u2019est une priorit\u00e9 absolue pour les Palestiniens. Nous devons aller de l\u2019avant, en r\u00e9clamant la lib\u00e9ration de mon \u00e9poux et en faisant appel aux personnalit\u00e9s qui peuvent r\u00e9ellement contribuer \u00e0 apporter la paix et la stabilit\u00e9 dans la r\u00e9gion. Telles sont les mesures par lesquelles la communaut\u00e9 internationale, y compris la France, peuvent v\u00e9ritablement aider.<\/p>\n<p><b>L\u2019ambassadeur de Palestine aupr\u00e8s de l\u2019ONU a alert\u00e9, lundi, sur l\u2019acc\u00e9l\u00e9ration de l\u2019annexion de terres palestiniennes par Isra\u00ebl. Comment la stopper ?<\/b><\/p>\n<p>F.B. : Si l\u2019exp\u00e9rience sud-africaine nous enseigne quelque chose, ce n\u2019est pas que le r\u00e9gime de l\u2019apartheid s\u2019est r\u00e9veill\u00e9 un beau matin en d\u00e9cidant de traiter \u00e9quitablement les populations autochtones, c\u2019est la pression de la communaut\u00e9 internationale qui a permis de concr\u00e9tiser cela. La seule fa\u00e7on pour qu\u2019Isra\u00ebl cesse ses agissements et comprenne qu\u2019un changement s\u2019impose, c\u2019est qu\u2019il constate qu\u2019il y a un prix \u00e0 payer pour avoir viol\u00e9 le droit international. Nous ne demandons pas \u00e0 la communaut\u00e9 internationale de prendre parti pour nous mais de prendre des mesures \u00e0 l\u2019encontre de tout pays et de tout \u00c9tat qui viole le droit international. Et Isra\u00ebl enfreint manifestement ce droit.<\/p>\n<p><b>Comment votre famille garde espoir ?<\/b><\/p>\n<p>F.B. : Nous puisons notre force dans mon \u00e9poux et dans la r\u00e9silience dont il a fait preuve au fil des ann\u00e9es. Un jour, il a dit \u00e0 notre fils Arab, que le d\u00e9sespoir est un privil\u00e8ge que nous, Palestiniens, ne pouvons pas nous permettre, et qu\u2019il fallait rayer ce mot de notre vocabulaire. J\u2019aimerais vraiment que notre famille soit la seule \u00e0 traverser ce que nous vivons. Mais il y a des milliers de familles palestiniennes qui vivent la m\u00eame souffrance. C\u2019est ce qui nous rend plus forts ensemble, car nous savons que ce combat vise un grand objectif\u00a0: la libert\u00e9 des Palestiniens, pour que nos enfants puissent vivre en paix et en s\u00e9curit\u00e9. L\u2019ampleur des sacrifices que nous endurons ne signifie pas que nous devrions abandonner \u00e0 un moment donn\u00e9. D\u2019un point de vue historique, ce n\u2019est pas de cette fa\u00e7on que les peuples obtiennent leur lib\u00e9ration et leur libert\u00e9.<\/p>\n<\/p><\/div>\n<div class=\"paragraph\">\n<p><b>Son programme \u00e0 Marseille<\/b><\/p>\n<p>Un comit\u00e9 d\u2019accueil viendra saluer Fadwa Barghouti \u00e0 la gare, \u00e0 14h30 jeudi. Une r\u00e9ception sera tenue en son honneur \u00e0 l\u2019espace Mistral de l\u2019Estaque d\u00e8s 18h30. Elle participera vendredi \u00e0 19h30, au Gyptis, \u00e0 la diffusion du film <i>Tomorrow\u2019s Freedom<\/i>. Elle sera pr\u00e9sente samedi \u00e0 14h \u00e0 un d\u00e9bat, sur le Vieux-Port, dans le cadre du festival Palestine United 2. Durant sa visite, elle rencontrera des responsables politiques dont le communiste J\u00e9r\u00e9my Bacchi et des syndicats, dont l\u2019UD CGT 13.<\/p>\n<\/p><\/div>\n","protected":false},"excerpt":{"rendered":"La Marseillaise : Quel est l&rsquo;objet de votre d&eacute;placement en France&nbsp;?","protected":false},"author":1,"featured_media":34722,"comment_status":"open","ping_status":"open","sticky":false,"template":"","format":"standard","meta":{"footnotes":""},"categories":[3926,3925,337],"tags":[69,10,2587,1467,343,572,72,2409,74,16,121,3161],"news-destination":[3944],"news-source":[475],"is_homepage":[],"ta_other":[],"class_list":["post-34721","post","type-post","status-publish","format-standard","has-post-thumbnail","hentry","category-accueil-merge","category-accueil-third","category-international","tag-7-octobre","tag-bouches-du-rhone","tag-discrimination","tag-droit-international","tag-entretien","tag-france","tag-gaza","tag-genocide","tag-israel-palestine","tag-marseille","tag-paix","tag-prisonniers-politiques","news-destination-homepage","news-source-website"],"_links":{"self":[{"href":"https:\/\/euapp01.newsmemory.com\/lamarseillaise\/news\/wp-json\/wp\/v2\/posts\/34721","targetHints":{"allow":["GET"]}}],"collection":[{"href":"https:\/\/euapp01.newsmemory.com\/lamarseillaise\/news\/wp-json\/wp\/v2\/posts"}],"about":[{"href":"https:\/\/euapp01.newsmemory.com\/lamarseillaise\/news\/wp-json\/wp\/v2\/types\/post"}],"author":[{"embeddable":true,"href":"https:\/\/euapp01.newsmemory.com\/lamarseillaise\/news\/wp-json\/wp\/v2\/users\/1"}],"replies":[{"embeddable":true,"href":"https:\/\/euapp01.newsmemory.com\/lamarseillaise\/news\/wp-json\/wp\/v2\/comments?post=34721"}],"version-history":[{"count":1,"href":"https:\/\/euapp01.newsmemory.com\/lamarseillaise\/news\/wp-json\/wp\/v2\/posts\/34721\/revisions"}],"predecessor-version":[{"id":34723,"href":"https:\/\/euapp01.newsmemory.com\/lamarseillaise\/news\/wp-json\/wp\/v2\/posts\/34721\/revisions\/34723"}],"wp:featuredmedia":[{"embeddable":true,"href":"https:\/\/euapp01.newsmemory.com\/lamarseillaise\/news\/wp-json\/wp\/v2\/media\/34722"}],"wp:attachment":[{"href":"https:\/\/euapp01.newsmemory.com\/lamarseillaise\/news\/wp-json\/wp\/v2\/media?parent=34721"}],"wp:term":[{"taxonomy":"category","embeddable":true,"href":"https:\/\/euapp01.newsmemory.com\/lamarseillaise\/news\/wp-json\/wp\/v2\/categories?post=34721"},{"taxonomy":"post_tag","embeddable":true,"href":"https:\/\/euapp01.newsmemory.com\/lamarseillaise\/news\/wp-json\/wp\/v2\/tags?post=34721"},{"taxonomy":"news-destination","embeddable":true,"href":"https:\/\/euapp01.newsmemory.com\/lamarseillaise\/news\/wp-json\/wp\/v2\/news-destination?post=34721"},{"taxonomy":"news-source","embeddable":true,"href":"https:\/\/euapp01.newsmemory.com\/lamarseillaise\/news\/wp-json\/wp\/v2\/news-source?post=34721"},{"taxonomy":"is_homepage","embeddable":true,"href":"https:\/\/euapp01.newsmemory.com\/lamarseillaise\/news\/wp-json\/wp\/v2\/is_homepage?post=34721"},{"taxonomy":"ta_other","embeddable":true,"href":"https:\/\/euapp01.newsmemory.com\/lamarseillaise\/news\/wp-json\/wp\/v2\/ta_other?post=34721"}],"curies":[{"name":"wp","href":"https:\/\/api.w.org\/{rel}","templated":true}]}}