{"id":34718,"date":"2026-07-01T06:44:00","date_gmt":"2026-07-01T04:44:00","guid":{"rendered":"https:\/\/euapp01.newsmemory.com\/lamarseillaise\/news\/?p=34718"},"modified":"2026-07-01T12:06:16","modified_gmt":"2026-07-01T10:06:16","slug":"agir-pour-une-paix-juste-et-durable","status":"publish","type":"post","link":"https:\/\/euapp01.newsmemory.com\/lamarseillaise\/news\/2026\/07\/01\/agir-pour-une-paix-juste-et-durable\/","title":{"rendered":"Agir pour une paix juste et durable"},"content":{"rendered":"<div class=\"paragraph\"> <\/div>\n<div class=\"paragraph\">\n<p>La paix pourra-t-elle advenir un jour au Proche-Orient\u00a0? Tant de sang, tant de larmes ont coul\u00e9 que le d\u00e9sespoir s\u2019\u00e9tend un peu plus chaque jour dans les peuples palestinien et isra\u00e9lien et, au-del\u00e0, dans le reste du globe.<\/p>\n<p>Pour signer la paix, il faut \u00eatre deux. Les terroristes islamistes du Hamas et l\u2019extr\u00eame droite raciste isra\u00e9lienne n\u2019y parviendront pas. Les peuples palestinien et isra\u00e9lien ne sont pas condamn\u00e9s \u00e0 vivre sous l\u2019emprise du pire.<\/p>\n<p><b>Nelson Mandela palestinien<\/b><\/p>\n<p>Marwan Barghouti, \u00e9lu d\u00e9put\u00e9 \u00e0 deux reprises, est une figure porteuse d\u2019un projet de r\u00e9alisation des droits nationaux des Palestiniens, d\u2019inspiration la\u00efque et d\u00e9mocratique. Souvent compar\u00e9, y compris dans la presse isra\u00e9lienne, \u00e0 Nelson Mandela, qui avait \u00e9t\u00e9 lui aussi consid\u00e9r\u00e9 comme un terroriste et emprisonn\u00e9 durant de longues ann\u00e9es, il pourrait incarner un chemin de rassemblement et de paix pour son peuple.<\/p>\n<p>C\u00f4t\u00e9 isra\u00e9lien, m\u00eame si le massacre antis\u00e9mite du 7\u00a0octobre a renforc\u00e9 le camp de l\u2019extr\u00e9misme, des voix d\u00e9mocrates et progressistes n\u2019ont jamais cess\u00e9 de se faire entendre pour appeler \u00e0 la r\u00e9solution du conflit en commen\u00e7ant par une tr\u00eave.<\/p>\n<p>Mais l\u2019absence de guerre ouverte n\u2019est pas la paix. La situation tragique dans laquelle sont plong\u00e9es les populations civiles de Gaza, o\u00f9 73\u00a0000 morts ont \u00e9t\u00e9 d\u00e9nombr\u00e9s, et de Cisjordanie, en t\u00e9moigne.<\/p>\n<p>Cr\u00e9er les conditions d\u2019une fin durable du conflit, c\u2019est fonder la paix sur la justice, le droit international et garantir \u00e0 ces deux peuples, deux \u00c9tats.<\/p>\n<\/p><\/div>\n","protected":false},"excerpt":{"rendered":"La paix pourra-t-elle advenir un jour au Proche-Orient&nbsp;? Tant de sang, tant de larmes ont coul&eacute; que le d&eacute;sespoir s&rsquo;&eacute;tend un peu plus chaque jour dans les peuples palestinien et isra&eacute;lien et, au-del&agrave;, &#8230;","protected":false},"author":1,"featured_media":34719,"comment_status":"open","ping_status":"open","sticky":false,"template":"","format":"standard","meta":{"footnotes":""},"categories":[332],"tags":[1372,74,121],"news-destination":[],"news-source":[475],"is_homepage":[],"ta_other":[],"class_list":["post-34718","post","type-post","status-publish","format-standard","has-post-thumbnail","hentry","category-edito","tag-editoriaux","tag-israel-palestine","tag-paix","news-source-website"],"_links":{"self":[{"href":"https:\/\/euapp01.newsmemory.com\/lamarseillaise\/news\/wp-json\/wp\/v2\/posts\/34718","targetHints":{"allow":["GET"]}}],"collection":[{"href":"https:\/\/euapp01.newsmemory.com\/lamarseillaise\/news\/wp-json\/wp\/v2\/posts"}],"about":[{"href":"https:\/\/euapp01.newsmemory.com\/lamarseillaise\/news\/wp-json\/wp\/v2\/types\/post"}],"author":[{"embeddable":true,"href":"https:\/\/euapp01.newsmemory.com\/lamarseillaise\/news\/wp-json\/wp\/v2\/users\/1"}],"replies":[{"embeddable":true,"href":"https:\/\/euapp01.newsmemory.com\/lamarseillaise\/news\/wp-json\/wp\/v2\/comments?post=34718"}],"version-history":[{"count":1,"href":"https:\/\/euapp01.newsmemory.com\/lamarseillaise\/news\/wp-json\/wp\/v2\/posts\/34718\/revisions"}],"predecessor-version":[{"id":34720,"href":"https:\/\/euapp01.newsmemory.com\/lamarseillaise\/news\/wp-json\/wp\/v2\/posts\/34718\/revisions\/34720"}],"wp:featuredmedia":[{"embeddable":true,"href":"https:\/\/euapp01.newsmemory.com\/lamarseillaise\/news\/wp-json\/wp\/v2\/media\/34719"}],"wp:attachment":[{"href":"https:\/\/euapp01.newsmemory.com\/lamarseillaise\/news\/wp-json\/wp\/v2\/media?parent=34718"}],"wp:term":[{"taxonomy":"category","embeddable":true,"href":"https:\/\/euapp01.newsmemory.com\/lamarseillaise\/news\/wp-json\/wp\/v2\/categories?post=34718"},{"taxonomy":"post_tag","embeddable":true,"href":"https:\/\/euapp01.newsmemory.com\/lamarseillaise\/news\/wp-json\/wp\/v2\/tags?post=34718"},{"taxonomy":"news-destination","embeddable":true,"href":"https:\/\/euapp01.newsmemory.com\/lamarseillaise\/news\/wp-json\/wp\/v2\/news-destination?post=34718"},{"taxonomy":"news-source","embeddable":true,"href":"https:\/\/euapp01.newsmemory.com\/lamarseillaise\/news\/wp-json\/wp\/v2\/news-source?post=34718"},{"taxonomy":"is_homepage","embeddable":true,"href":"https:\/\/euapp01.newsmemory.com\/lamarseillaise\/news\/wp-json\/wp\/v2\/is_homepage?post=34718"},{"taxonomy":"ta_other","embeddable":true,"href":"https:\/\/euapp01.newsmemory.com\/lamarseillaise\/news\/wp-json\/wp\/v2\/ta_other?post=34718"}],"curies":[{"name":"wp","href":"https:\/\/api.w.org\/{rel}","templated":true}]}}