{"id":34715,"date":"2026-06-30T18:37:00","date_gmt":"2026-06-30T16:37:00","guid":{"rendered":"https:\/\/euapp01.newsmemory.com\/lamarseillaise\/news\/?p=34715"},"modified":"2026-07-01T07:32:02","modified_gmt":"2026-07-01T05:32:02","slug":"le-secteur-de-la-gare-routiere-daix-en-provence-boucle-apres-une-fuite-de-gaz","status":"publish","type":"post","link":"https:\/\/euapp01.newsmemory.com\/lamarseillaise\/news\/2026\/06\/30\/le-secteur-de-la-gare-routiere-daix-en-provence-boucle-apres-une-fuite-de-gaz\/","title":{"rendered":"Le secteur de la gare routi\u00e8re d\u2019Aix-en-Provence boucl\u00e9 apr\u00e8s une fuite de gaz"},"content":{"rendered":"<div class=\"paragraph\">\n<p>Une fuite de gaz, localis\u00e9e \u00ab sur une r\u00e9sidence proche \u00bb selon le site des transports de la M\u00e9tropole, a \u00e9t\u00e9 d\u00e9tect\u00e9e rue des Allumettes aux alentours de 17 heures, selon les informations recueillies sur place. S\u2019il n\u2019y a pas eu d\u2019\u00e9vacuation, plusieurs \u00e9tablissements, dont la gare routi\u00e8re et la biblioth\u00e8que M\u00e9janes, ont \u00e9t\u00e9 confin\u00e9s jusqu\u2019\u00e0 nouvel ordre.<\/p>\n<p>Depuis 17h, aucun bus n\u2019a pu partir de la gare routi\u00e8re et les points de d\u00e9part ont \u00e9t\u00e9 modifi\u00e9s. Sur place, plusieurs m\u00e9diateurs de la M\u00e9tropole ont inform\u00e9 les usagers de l\u2019\u00e9volution de la situation.<\/p>\n<p>Aux alentours de 18h, le quartier demeurait boucl\u00e9. \u00ab<i> Nous ne savons pas pour le moment quand nous pourrons rouvrir<\/i> \u00bb, indiquaient les forces de l\u2019ordre. Les informations concernant les d\u00e9parts de bus \u00e9taient disponibles sur le site de la M\u00e9tropole.<\/p>\n<p>Toutefois, vers 18h20, les pompiers annon\u00e7aient <i>\u00ab que la fuite de gaz \u00e9tait coup\u00e9e depuis plus d\u2019une heure. Il faut attendre la fin des relev\u00e9s pour \u00eatre s\u00fbr qu\u2019il n\u2019y ait pas de poches. Pas de retours \u00e0 ce stade sur la fin des relev\u00e9s en cours.\u00bb<\/i><i> <\/i><\/p>\n<\/p><\/div>\n<div class=\"paragraph\">\n<p>Les informations concernant les d\u00e9parts de bus et leurs horaires sont \u00e0 retrouver sur le site de la <a rel=\"nofollow noopener noreferrer\" href=\"https:\/\/www.lametropolemobilite.fr\/\" target=\"_blank\">M\u00e9tropole<\/a> et les applications de transport.<\/p>\n<\/p><\/div>\n","protected":false},"excerpt":{"rendered":"Une fuite de gaz, localis&eacute;e &laquo; sur une r&eacute;sidence proche &raquo; selon le site des transports de la M&eacute;tropole, a &eacute;t&eacute; d&eacute;tect&eacute;e rue des Allumettes aux alentours de 17 heures, selon les informations &#8230;","protected":false},"author":1,"featured_media":34716,"comment_status":"open","ping_status":"open","sticky":false,"template":"","format":"standard","meta":{"footnotes":""},"categories":[918,3926,3925,20],"tags":[556,10,5987,1047,535,1977,320,700,1064,666],"news-destination":[3944],"news-source":[475],"is_homepage":[],"ta_other":[],"class_list":["post-34715","post","type-post","status-publish","format-standard","has-post-thumbnail","hentry","category-accueil","category-accueil-merge","category-accueil-third","category-societe","tag-aix-en-provence","tag-bouches-du-rhone","tag-fuite-de-gaz","tag-informations","tag-metropole","tag-police-nationale","tag-pompiers","tag-quartier","tag-riverains","tag-transports","news-destination-homepage","news-source-website"],"_links":{"self":[{"href":"https:\/\/euapp01.newsmemory.com\/lamarseillaise\/news\/wp-json\/wp\/v2\/posts\/34715","targetHints":{"allow":["GET"]}}],"collection":[{"href":"https:\/\/euapp01.newsmemory.com\/lamarseillaise\/news\/wp-json\/wp\/v2\/posts"}],"about":[{"href":"https:\/\/euapp01.newsmemory.com\/lamarseillaise\/news\/wp-json\/wp\/v2\/types\/post"}],"author":[{"embeddable":true,"href":"https:\/\/euapp01.newsmemory.com\/lamarseillaise\/news\/wp-json\/wp\/v2\/users\/1"}],"replies":[{"embeddable":true,"href":"https:\/\/euapp01.newsmemory.com\/lamarseillaise\/news\/wp-json\/wp\/v2\/comments?post=34715"}],"version-history":[{"count":1,"href":"https:\/\/euapp01.newsmemory.com\/lamarseillaise\/news\/wp-json\/wp\/v2\/posts\/34715\/revisions"}],"predecessor-version":[{"id":34717,"href":"https:\/\/euapp01.newsmemory.com\/lamarseillaise\/news\/wp-json\/wp\/v2\/posts\/34715\/revisions\/34717"}],"wp:featuredmedia":[{"embeddable":true,"href":"https:\/\/euapp01.newsmemory.com\/lamarseillaise\/news\/wp-json\/wp\/v2\/media\/34716"}],"wp:attachment":[{"href":"https:\/\/euapp01.newsmemory.com\/lamarseillaise\/news\/wp-json\/wp\/v2\/media?parent=34715"}],"wp:term":[{"taxonomy":"category","embeddable":true,"href":"https:\/\/euapp01.newsmemory.com\/lamarseillaise\/news\/wp-json\/wp\/v2\/categories?post=34715"},{"taxonomy":"post_tag","embeddable":true,"href":"https:\/\/euapp01.newsmemory.com\/lamarseillaise\/news\/wp-json\/wp\/v2\/tags?post=34715"},{"taxonomy":"news-destination","embeddable":true,"href":"https:\/\/euapp01.newsmemory.com\/lamarseillaise\/news\/wp-json\/wp\/v2\/news-destination?post=34715"},{"taxonomy":"news-source","embeddable":true,"href":"https:\/\/euapp01.newsmemory.com\/lamarseillaise\/news\/wp-json\/wp\/v2\/news-source?post=34715"},{"taxonomy":"is_homepage","embeddable":true,"href":"https:\/\/euapp01.newsmemory.com\/lamarseillaise\/news\/wp-json\/wp\/v2\/is_homepage?post=34715"},{"taxonomy":"ta_other","embeddable":true,"href":"https:\/\/euapp01.newsmemory.com\/lamarseillaise\/news\/wp-json\/wp\/v2\/ta_other?post=34715"}],"curies":[{"name":"wp","href":"https:\/\/api.w.org\/{rel}","templated":true}]}}