{"id":34707,"date":"2026-06-30T10:23:00","date_gmt":"2026-06-30T08:23:00","guid":{"rendered":"https:\/\/euapp01.newsmemory.com\/lamarseillaise\/news\/?p=34707"},"modified":"2026-06-30T12:24:42","modified_gmt":"2026-06-30T10:24:42","slug":"sketches-of-spain-lance-et-chauffe-le-marseille-jazz-des-cinq-continents","status":"publish","type":"post","link":"https:\/\/euapp01.newsmemory.com\/lamarseillaise\/news\/2026\/06\/30\/sketches-of-spain-lance-et-chauffe-le-marseille-jazz-des-cinq-continents\/","title":{"rendered":"\u00ab&nbsp;Sketches of Spain&nbsp;\u00bb lance et chauffe le Marseille jazz des cinq continents"},"content":{"rendered":"<div class=\"paragraph\">\n<p>Un voyage dans les musiques traditionnelles espagnoles dont s\u2019enivrent le trompettiste new-yorkais Michael Leonhart et le danseur-chor\u00e9graphe Israel Galvan, \u00ab<i>\u00a0<\/i><i>l\u2019un des plus \u00e9minents repr\u00e9sentants du flamenco contemporain<\/i>\u00a0\u00bb, situe Hughes Kieffer, directeur artistique du Marseille jazz des cinq continents, \u00e0 propos de ce spectacle qui lance le festival, mercredi 1<sup>er<\/sup> juillet \u00e0 20h, \u00e0 la Vieille Charit\u00e9. Les deux artistes revisitent cet opus dont les premi\u00e8res notes \u00e9clairent sur ce que la musique et ses m\u00e9langes ont fait de plus beau. Ses ingr\u00e9dients\u00a0? une sauce \u00e0 base de <i>Concerto d\u2019Aranjuez<\/i>, compos\u00e9 par Joaquin Rodrigo 20\u00a0ans plus t\u00f4t, li\u00e9e par le g\u00e9nie de Miles Davis, sur des arrangements de Gil Evans. Une \u0153uvre m\u00e9lancolique et ensoleill\u00e9e qui nous tabasse l\u2019\u00e2me dont Miles Davis disait\u00a0: \u00ab\u00a0<i>Cette m\u00e9lodie est si forte que, plus elle est jou\u00e9e douce, plus elle est forte et, plus elle est jou\u00e9e forte, plus elle devient faible.<\/i>\u00a0\u00bb<\/p>\n<p><i><a rel=\"nofollow noopener noreferrer\" href=\"https:\/\/www.marseillejazz.com\/\" target=\"_blank\">www.marseillejazz.com<\/a><\/i><\/p>\n<\/p><\/div>\n","protected":false},"excerpt":{"rendered":"Un voyage dans les musiques traditionnelles espagnoles dont s&rsquo;enivrent le trompettiste new-yorkais Michael Leonhart et le danseur-chor&eacute;graphe Israel Galvan, &laquo;&nbsp;l&rsquo;un des plus &eacute;minents repr&eacute;sentants du &#8230;","protected":false},"author":1,"featured_media":34708,"comment_status":"open","ping_status":"open","sticky":false,"template":"","format":"standard","meta":{"footnotes":""},"categories":[32],"tags":[10,400,40,5763,16,325],"news-destination":[],"news-source":[475],"is_homepage":[],"ta_other":[],"class_list":["post-34707","post","type-post","status-publish","format-standard","has-post-thumbnail","hentry","category-culture","tag-bouches-du-rhone","tag-concerts","tag-jazz","tag-jazz-des-cinq-continents","tag-marseille","tag-musique","news-source-website"],"_links":{"self":[{"href":"https:\/\/euapp01.newsmemory.com\/lamarseillaise\/news\/wp-json\/wp\/v2\/posts\/34707","targetHints":{"allow":["GET"]}}],"collection":[{"href":"https:\/\/euapp01.newsmemory.com\/lamarseillaise\/news\/wp-json\/wp\/v2\/posts"}],"about":[{"href":"https:\/\/euapp01.newsmemory.com\/lamarseillaise\/news\/wp-json\/wp\/v2\/types\/post"}],"author":[{"embeddable":true,"href":"https:\/\/euapp01.newsmemory.com\/lamarseillaise\/news\/wp-json\/wp\/v2\/users\/1"}],"replies":[{"embeddable":true,"href":"https:\/\/euapp01.newsmemory.com\/lamarseillaise\/news\/wp-json\/wp\/v2\/comments?post=34707"}],"version-history":[{"count":1,"href":"https:\/\/euapp01.newsmemory.com\/lamarseillaise\/news\/wp-json\/wp\/v2\/posts\/34707\/revisions"}],"predecessor-version":[{"id":34709,"href":"https:\/\/euapp01.newsmemory.com\/lamarseillaise\/news\/wp-json\/wp\/v2\/posts\/34707\/revisions\/34709"}],"wp:featuredmedia":[{"embeddable":true,"href":"https:\/\/euapp01.newsmemory.com\/lamarseillaise\/news\/wp-json\/wp\/v2\/media\/34708"}],"wp:attachment":[{"href":"https:\/\/euapp01.newsmemory.com\/lamarseillaise\/news\/wp-json\/wp\/v2\/media?parent=34707"}],"wp:term":[{"taxonomy":"category","embeddable":true,"href":"https:\/\/euapp01.newsmemory.com\/lamarseillaise\/news\/wp-json\/wp\/v2\/categories?post=34707"},{"taxonomy":"post_tag","embeddable":true,"href":"https:\/\/euapp01.newsmemory.com\/lamarseillaise\/news\/wp-json\/wp\/v2\/tags?post=34707"},{"taxonomy":"news-destination","embeddable":true,"href":"https:\/\/euapp01.newsmemory.com\/lamarseillaise\/news\/wp-json\/wp\/v2\/news-destination?post=34707"},{"taxonomy":"news-source","embeddable":true,"href":"https:\/\/euapp01.newsmemory.com\/lamarseillaise\/news\/wp-json\/wp\/v2\/news-source?post=34707"},{"taxonomy":"is_homepage","embeddable":true,"href":"https:\/\/euapp01.newsmemory.com\/lamarseillaise\/news\/wp-json\/wp\/v2\/is_homepage?post=34707"},{"taxonomy":"ta_other","embeddable":true,"href":"https:\/\/euapp01.newsmemory.com\/lamarseillaise\/news\/wp-json\/wp\/v2\/ta_other?post=34707"}],"curies":[{"name":"wp","href":"https:\/\/api.w.org\/{rel}","templated":true}]}}