{"id":34704,"date":"2026-06-30T11:56:00","date_gmt":"2026-06-30T09:56:00","guid":{"rendered":"https:\/\/euapp01.newsmemory.com\/lamarseillaise\/news\/?p=34704"},"modified":"2026-06-30T12:24:42","modified_gmt":"2026-06-30T10:24:42","slug":"vaucluse-un-parcours-de-62-kilometres-a-velo-inaugure","status":"publish","type":"post","link":"https:\/\/euapp01.newsmemory.com\/lamarseillaise\/news\/2026\/06\/30\/vaucluse-un-parcours-de-62-kilometres-a-velo-inaugure\/","title":{"rendered":"Vaucluse : un parcours de 62&nbsp;kilom\u00e8tres \u00e0 v\u00e9lo inaugur\u00e9"},"content":{"rendered":"<div class=\"paragraph\">\n<p>Sur la route, les cyclistes amateurs pourront d\u00e9couvrir les 40\u00a0bornes blanches et jaunes qui jalonnent ce parcours dont le d\u00e9nivel\u00e9 positif s\u2019\u00e9l\u00e8ve \u00e0 1\u00a0495\u00a0m.<\/p>\n<\/p><\/div>\n","protected":false},"excerpt":{"rendered":"Sur la route, les cyclistes amateurs pourront d&eacute;couvrir les 40&nbsp;bornes blanches et jaunes qui jalonnent ce parcours dont le d&eacute;nivel&eacute; positif s&rsquo;&eacute;l&egrave;ve &agrave; 1&nbsp;495&nbsp;m.","protected":false},"author":1,"featured_media":34705,"comment_status":"open","ping_status":"open","sticky":false,"template":"","format":"standard","meta":{"footnotes":""},"categories":[20],"tags":[495,1144,1146,133,402,3345,1142,3253,171,2552],"news-destination":[],"news-source":[475],"is_homepage":[],"ta_other":[],"class_list":["post-34704","post","type-post","status-publish","format-standard","has-post-thumbnail","hentry","category-societe","tag-495","tag-cyclisme","tag-cyclistes","tag-departement","tag-inauguration","tag-itineraires","tag-parcours","tag-tour-de-france","tag-vaucluse","tag-velos","news-source-website"],"_links":{"self":[{"href":"https:\/\/euapp01.newsmemory.com\/lamarseillaise\/news\/wp-json\/wp\/v2\/posts\/34704","targetHints":{"allow":["GET"]}}],"collection":[{"href":"https:\/\/euapp01.newsmemory.com\/lamarseillaise\/news\/wp-json\/wp\/v2\/posts"}],"about":[{"href":"https:\/\/euapp01.newsmemory.com\/lamarseillaise\/news\/wp-json\/wp\/v2\/types\/post"}],"author":[{"embeddable":true,"href":"https:\/\/euapp01.newsmemory.com\/lamarseillaise\/news\/wp-json\/wp\/v2\/users\/1"}],"replies":[{"embeddable":true,"href":"https:\/\/euapp01.newsmemory.com\/lamarseillaise\/news\/wp-json\/wp\/v2\/comments?post=34704"}],"version-history":[{"count":1,"href":"https:\/\/euapp01.newsmemory.com\/lamarseillaise\/news\/wp-json\/wp\/v2\/posts\/34704\/revisions"}],"predecessor-version":[{"id":34706,"href":"https:\/\/euapp01.newsmemory.com\/lamarseillaise\/news\/wp-json\/wp\/v2\/posts\/34704\/revisions\/34706"}],"wp:featuredmedia":[{"embeddable":true,"href":"https:\/\/euapp01.newsmemory.com\/lamarseillaise\/news\/wp-json\/wp\/v2\/media\/34705"}],"wp:attachment":[{"href":"https:\/\/euapp01.newsmemory.com\/lamarseillaise\/news\/wp-json\/wp\/v2\/media?parent=34704"}],"wp:term":[{"taxonomy":"category","embeddable":true,"href":"https:\/\/euapp01.newsmemory.com\/lamarseillaise\/news\/wp-json\/wp\/v2\/categories?post=34704"},{"taxonomy":"post_tag","embeddable":true,"href":"https:\/\/euapp01.newsmemory.com\/lamarseillaise\/news\/wp-json\/wp\/v2\/tags?post=34704"},{"taxonomy":"news-destination","embeddable":true,"href":"https:\/\/euapp01.newsmemory.com\/lamarseillaise\/news\/wp-json\/wp\/v2\/news-destination?post=34704"},{"taxonomy":"news-source","embeddable":true,"href":"https:\/\/euapp01.newsmemory.com\/lamarseillaise\/news\/wp-json\/wp\/v2\/news-source?post=34704"},{"taxonomy":"is_homepage","embeddable":true,"href":"https:\/\/euapp01.newsmemory.com\/lamarseillaise\/news\/wp-json\/wp\/v2\/is_homepage?post=34704"},{"taxonomy":"ta_other","embeddable":true,"href":"https:\/\/euapp01.newsmemory.com\/lamarseillaise\/news\/wp-json\/wp\/v2\/ta_other?post=34704"}],"curies":[{"name":"wp","href":"https:\/\/api.w.org\/{rel}","templated":true}]}}