{"id":34696,"date":"2026-06-30T09:48:00","date_gmt":"2026-06-30T07:48:00","guid":{"rendered":"https:\/\/euapp01.newsmemory.com\/lamarseillaise\/news\/?p=34696"},"modified":"2026-06-30T10:37:41","modified_gmt":"2026-06-30T08:37:41","slug":"avec-pierre-paulin-le-design-fait-son-entree-au-musee-fabre","status":"publish","type":"post","link":"https:\/\/euapp01.newsmemory.com\/lamarseillaise\/news\/2026\/06\/30\/avec-pierre-paulin-le-design-fait-son-entree-au-musee-fabre\/","title":{"rendered":"Avec Pierre Paulin, le design fait son entr\u00e9e au mus\u00e9e Fabre"},"content":{"rendered":"<div class=\"paragraph\">\n<p>\u00ab <i>O<\/i><i>n est tr\u00e8s heureux de faire entrer le design par la grande porte au mus\u00e9e Fabre en consacrant cette exposition \u00e0 celui qui fut assur\u00e9ment un des plus grands designers fran\u00e7ais<\/i><i>\u00a0<\/i><i>\u00bb<\/i>, introduit Juliette Trey, directrice du mus\u00e9e montpelli\u00e9rain. Premier en r\u00e9gion \u00e0 proposer une grande r\u00e9trospective d\u00e9di\u00e9e \u00e0 la carri\u00e8re de Pierre Paulin, le mus\u00e9e Fabre a b\u00e9n\u00e9fici\u00e9, pour ce projet, de l\u2019accompagnement et du pr\u00eat de nombreux objets et archives provenant du Fonds Pierre-Paulin, ainsi que de pr\u00eats du Mobilier national, avec lequel le designer a coop\u00e9r\u00e9 durant 40 ans. Notamment une pi\u00e8ce qui constitue le clou de l\u2019exposition\u00a0: le Fumoir de l\u2019\u00c9lys\u00e9e (photo\u00a01), une commande pr\u00e9sidentielle r\u00e9alis\u00e9e sous Georges Pompidou. Rest\u00e9 en r\u00e9serve depuis son d\u00e9montage en 1974 et restaur\u00e9 pour l\u2019occasion, il est expos\u00e9 pour<i> <\/i>la premi\u00e8re fois \u00e0 Montpellier.<\/p>\n<p><b>Un design utile et confortable<\/b><\/p>\n<p>N\u00e9 en 1927 \u00e0 Paris, Pierre Paulin, venu s\u2019installer en 1982 dans les contreforts des C\u00e9vennes et d\u00e9c\u00e9d\u00e9 \u00e0 Montpellier en 2009, fut l\u2019un des pionniers du design moderne. \u00c0 travers un parcours chronologique, cette exposition retrace les diff\u00e9rentes \u00e9tapes de sa carri\u00e8re, <i>\u00ab<\/i><i>\u00a0<\/i><i>qui \u00e9pouse v\u00e9ritablement l\u2019essor du design en France<\/i><i>\u00a0<\/i><i>\u00bb<\/i>, commente la commissaire Florence Hudowicz, conservatrice en chef du patrimoine au mus\u00e9e Fabre. Le designer a marqu\u00e9 son \u00e9poque par sa capacit\u00e9 \u00e0 imaginer des formes nouvelles tout en restant attentif aux usages du quotidien. Et \u00e0 l\u2019imp\u00e9ratif de confort.<i> \u00ab Ce qui a fait le d\u00e9but de sa popularit\u00e9, ce sont les salons des arts m\u00e9nagers et d\u00e9coratifs. D\u00e8s 1953, Paulin y expose et obtient imm\u00e9diatement une reconnaissance populaire<\/i><i>\u00a0<\/i><i>\u00bb<\/i>, rapporte Florence Hudowicz. <i>\u00ab<\/i><i>\u00a0<\/i><i>On est \u00e0 l\u2019\u00e9poque o\u00f9 la modernit\u00e9 est en marche, avec le r\u00e9frig\u00e9rateur, l\u2019aspirateur&#8230; Une \u00e8re nouvelle s\u2019ouvre pour le couple moderne. Paulin veut s\u2019adresser au plus grand nombre, montrer que le design n\u2019est pas du luxe ou du gadget, mais qu\u2019il peut servir \u00e0 am\u00e9liorer voire transformer le quotidien.<\/i><i>\u00a0<\/i><i>\u00bb<\/i> Il va notamment fa\u00e7onner des fauteuils devenus iconiques -Mushroom chair (1960), Ribbon chair (1966), Tongue Chair (1967) &#8211; avec une structure simplifi\u00e9e et un garnissage de plus en plus souple dans lesquels le corps se love. Des cr\u00e9ations intemporelles alliant confort et \u00e9l\u00e9gance au service des usages, qui continuent d\u2019incarner la modernit\u00e9 et d\u2019inspirer aujourd\u2019hui.<i> \u00ab<\/i><i>\u00a0<\/i><i>Dans l\u2019effervescence des ann\u00e9es 1960 et 1970, marqu\u00e9es par l\u2019\u00e9mergence de nouveaux modes de vie, de nouvelles technologies et d\u2019un d\u00e9sir de libert\u00e9, il invente des formes in\u00e9dites, souples et profond\u00e9ment humaines<\/i><i>\u00a0<\/i><i>\u00bb<\/i>, souligne Micha\u00ebl Delafosse, maire PS de Montpellier et pr\u00e9sident de la M\u00e9tropole. <i>\u00ab<\/i><i>\u00a0<\/i><i>Cette exposition montre comment le travail de Pierre Paulin a \u00e9t\u00e9 le produit de son \u00e9poque, mais \u00e9galement sa dimension visionnaire<\/i><i>\u00a0<\/i><i>\u00bb<\/i>, compl\u00e8te la directrice du mus\u00e9e.<\/p>\n<\/p><\/div>\n","protected":false},"excerpt":{"rendered":"&laquo; On est tr&egrave;s heureux de faire entrer le design par la grande porte au mus&eacute;e Fabre en consacrant cette exposition &agrave; celui qui fut assur&eacute;ment un des plus grands designers fran&ccedil;ais&nbsp;&raquo;, introduit &#8230;","protected":false},"author":1,"featured_media":34697,"comment_status":"open","ping_status":"open","sticky":false,"template":"","format":"standard","meta":{"footnotes":""},"categories":[32],"tags":[1005,279,239,742,240,2805,284],"news-destination":[],"news-source":[475],"is_homepage":[],"ta_other":[],"class_list":["post-34696","post","type-post","status-publish","format-standard","has-post-thumbnail","hentry","category-culture","tag-design","tag-exposition","tag-herault","tag-michael-delafosse","tag-montpellier","tag-musee-fabre","tag-occitanie","news-source-website"],"_links":{"self":[{"href":"https:\/\/euapp01.newsmemory.com\/lamarseillaise\/news\/wp-json\/wp\/v2\/posts\/34696","targetHints":{"allow":["GET"]}}],"collection":[{"href":"https:\/\/euapp01.newsmemory.com\/lamarseillaise\/news\/wp-json\/wp\/v2\/posts"}],"about":[{"href":"https:\/\/euapp01.newsmemory.com\/lamarseillaise\/news\/wp-json\/wp\/v2\/types\/post"}],"author":[{"embeddable":true,"href":"https:\/\/euapp01.newsmemory.com\/lamarseillaise\/news\/wp-json\/wp\/v2\/users\/1"}],"replies":[{"embeddable":true,"href":"https:\/\/euapp01.newsmemory.com\/lamarseillaise\/news\/wp-json\/wp\/v2\/comments?post=34696"}],"version-history":[{"count":1,"href":"https:\/\/euapp01.newsmemory.com\/lamarseillaise\/news\/wp-json\/wp\/v2\/posts\/34696\/revisions"}],"predecessor-version":[{"id":34698,"href":"https:\/\/euapp01.newsmemory.com\/lamarseillaise\/news\/wp-json\/wp\/v2\/posts\/34696\/revisions\/34698"}],"wp:featuredmedia":[{"embeddable":true,"href":"https:\/\/euapp01.newsmemory.com\/lamarseillaise\/news\/wp-json\/wp\/v2\/media\/34697"}],"wp:attachment":[{"href":"https:\/\/euapp01.newsmemory.com\/lamarseillaise\/news\/wp-json\/wp\/v2\/media?parent=34696"}],"wp:term":[{"taxonomy":"category","embeddable":true,"href":"https:\/\/euapp01.newsmemory.com\/lamarseillaise\/news\/wp-json\/wp\/v2\/categories?post=34696"},{"taxonomy":"post_tag","embeddable":true,"href":"https:\/\/euapp01.newsmemory.com\/lamarseillaise\/news\/wp-json\/wp\/v2\/tags?post=34696"},{"taxonomy":"news-destination","embeddable":true,"href":"https:\/\/euapp01.newsmemory.com\/lamarseillaise\/news\/wp-json\/wp\/v2\/news-destination?post=34696"},{"taxonomy":"news-source","embeddable":true,"href":"https:\/\/euapp01.newsmemory.com\/lamarseillaise\/news\/wp-json\/wp\/v2\/news-source?post=34696"},{"taxonomy":"is_homepage","embeddable":true,"href":"https:\/\/euapp01.newsmemory.com\/lamarseillaise\/news\/wp-json\/wp\/v2\/is_homepage?post=34696"},{"taxonomy":"ta_other","embeddable":true,"href":"https:\/\/euapp01.newsmemory.com\/lamarseillaise\/news\/wp-json\/wp\/v2\/ta_other?post=34696"}],"curies":[{"name":"wp","href":"https:\/\/api.w.org\/{rel}","templated":true}]}}