{"id":34693,"date":"2026-06-30T09:17:00","date_gmt":"2026-06-30T07:17:00","guid":{"rendered":"https:\/\/euapp01.newsmemory.com\/lamarseillaise\/news\/?p=34693"},"modified":"2026-07-04T08:54:03","modified_gmt":"2026-07-04T06:54:03","slug":"la-region-occitanie-enregistre-un-bilan-touristique-contraste-a-laube-de-lete","status":"publish","type":"post","link":"https:\/\/euapp01.newsmemory.com\/lamarseillaise\/news\/2026\/06\/30\/la-region-occitanie-enregistre-un-bilan-touristique-contraste-a-laube-de-lete\/","title":{"rendered":"La r\u00e9gion Occitanie enregistre un bilan touristique contrast\u00e9 \u00e0 l\u2019aube de l\u2019\u00e9t\u00e9"},"content":{"rendered":"<div class=\"paragraph\">\n<p>Le calendrier des jours f\u00e9ri\u00e9s \u00e9tait favorable aux \u00e9chapp\u00e9es touristiques ce mois de mai. Alors que la saison des ponts s\u2019ach\u00e8ve pour laisser place \u00e0 l\u2019arriv\u00e9e de l\u2019\u00e9t\u00e9, l\u2019Occitanie y a enregistr\u00e9 20\u00a0millions de nuit\u00e9es touristiques, soit 31% de sa fr\u00e9quentation depuis le d\u00e9but de l\u2019ann\u00e9e.<\/p>\n<p>Mais le pont de l\u2019Ascension et le week-end de la Pentec\u00f4te ont affich\u00e9 une fr\u00e9quentation en retrait par rapport \u00e0 l\u2019ann\u00e9e pr\u00e9c\u00e9dente. L\u2019agence Ad\u2019Occ privil\u00e9gie la piste m\u00e9t\u00e9orologique pour justifier le recul des r\u00e9servations.<\/p>\n<\/p><\/div>\n<div class=\"intext\"> Pr\u00e9parer l\u2019\u00e9t\u00e9\n              <\/div>\n<div class=\"paragraph\">\n<p>D\u00e9sign\u00e9 comme le plus chaud jamais enregistr\u00e9 en France, le printemps 2026 a \u00e9t\u00e9 singulier. Marqu\u00e9 aussi bien par cette anomalie de +1,7\u00b0C en moyenne par rapport \u00e0 la p\u00e9riode 1991-2020, que par l\u2019environnement g\u00e9opolitique instable, ce climat global a impact\u00e9 les professionnels du secteur.<\/p>\n<p>Fin avril, 60% d\u2019entre eux redoutaient un impact n\u00e9gatif des tensions internationales sur leur activit\u00e9. Une inqui\u00e9tude qui co\u00efncide avec le ralentissement des arriv\u00e9es a\u00e9riennes internationales en France\u00a0: le pays s\u2019efface l\u00e9g\u00e8rement derri\u00e8re d\u2019autres Europ\u00e9ens comme l\u2019Espagne et l\u2019Italie. Il est cependant \u00e0 noter que les client\u00e8les fran\u00e7aises demeurent majoritaires sur l\u2019ensemble de la r\u00e9gion et g\u00e9n\u00e8rent une fr\u00e9quentation<br \/>similaire \u00e0 2025. Plus d\u2019un acteur du tourisme sur deux tire un bilan positif de ce mois de mai, un niveau de satisfaction en retrait de 5\u00a0points par rapport \u00e0 mai 2025. Mais l\u2019agence Ad\u2019Occ reste optimiste\u00a0: Airbnb, qui repr\u00e9sente 81% de l\u2019offre d\u2019h\u00e9bergement en Occitanie, annonce des r\u00e9servations pour juillet et ao\u00fbt qui d\u00e9passent les scores de l\u2019an pass\u00e9. Parmi les destinations choisies, les espaces urbains sont donn\u00e9s favoris et Toulouse se distingue avec une nette avance.<\/p>\n<p>Pour Vincent Garel, administrateur de l\u2019agence, <i>\u00ab<\/i><i>\u00a0<\/i><i>le tourisme est l\u2019un des moteurs de l\u2019attractivit\u00e9 de l\u2019Occitanie. Dans un contexte marqu\u00e9 par des d\u00e9cisions de voyage de plus en plus tardives, les perspectives estivales restent encourageantes et t\u00e9moignent de la confiance accord\u00e9e \u00e0 notre destination<\/i><i>\u00a0<\/i><i>\u00bb. <\/i>Les prochaines semaines seront d\u00e9cisives.<\/p>\n<p>Oriane Castan<\/p>\n<\/p><\/div>\n","protected":false},"excerpt":{"rendered":"Le calendrier des jours f&eacute;ri&eacute;s &eacute;tait favorable aux &eacute;chapp&eacute;es touristiques ce mois de mai. Alors que la saison des ponts s&rsquo;ach&egrave;ve pour laisser place &agrave; l&rsquo;arriv&eacute;e de &#8230;","protected":false},"author":1,"featured_media":34694,"comment_status":"open","ping_status":"open","sticky":false,"template":"","format":"standard","meta":{"footnotes":""},"categories":[3926,3925,338],"tags":[2101,723,1202,284,419,86,347],"news-destination":[3944],"news-source":[475],"is_homepage":[],"ta_other":[],"class_list":["post-34693","post","type-post","status-publish","format-standard","has-post-thumbnail","hentry","category-accueil-merge","category-accueil-third","category-economie","tag-attractivite","tag-bilan","tag-meteo","tag-occitanie","tag-rechauffement-climatique","tag-region","tag-tourisme","news-destination-homepage","news-source-website"],"_links":{"self":[{"href":"https:\/\/euapp01.newsmemory.com\/lamarseillaise\/news\/wp-json\/wp\/v2\/posts\/34693","targetHints":{"allow":["GET"]}}],"collection":[{"href":"https:\/\/euapp01.newsmemory.com\/lamarseillaise\/news\/wp-json\/wp\/v2\/posts"}],"about":[{"href":"https:\/\/euapp01.newsmemory.com\/lamarseillaise\/news\/wp-json\/wp\/v2\/types\/post"}],"author":[{"embeddable":true,"href":"https:\/\/euapp01.newsmemory.com\/lamarseillaise\/news\/wp-json\/wp\/v2\/users\/1"}],"replies":[{"embeddable":true,"href":"https:\/\/euapp01.newsmemory.com\/lamarseillaise\/news\/wp-json\/wp\/v2\/comments?post=34693"}],"version-history":[{"count":1,"href":"https:\/\/euapp01.newsmemory.com\/lamarseillaise\/news\/wp-json\/wp\/v2\/posts\/34693\/revisions"}],"predecessor-version":[{"id":34695,"href":"https:\/\/euapp01.newsmemory.com\/lamarseillaise\/news\/wp-json\/wp\/v2\/posts\/34693\/revisions\/34695"}],"wp:featuredmedia":[{"embeddable":true,"href":"https:\/\/euapp01.newsmemory.com\/lamarseillaise\/news\/wp-json\/wp\/v2\/media\/34694"}],"wp:attachment":[{"href":"https:\/\/euapp01.newsmemory.com\/lamarseillaise\/news\/wp-json\/wp\/v2\/media?parent=34693"}],"wp:term":[{"taxonomy":"category","embeddable":true,"href":"https:\/\/euapp01.newsmemory.com\/lamarseillaise\/news\/wp-json\/wp\/v2\/categories?post=34693"},{"taxonomy":"post_tag","embeddable":true,"href":"https:\/\/euapp01.newsmemory.com\/lamarseillaise\/news\/wp-json\/wp\/v2\/tags?post=34693"},{"taxonomy":"news-destination","embeddable":true,"href":"https:\/\/euapp01.newsmemory.com\/lamarseillaise\/news\/wp-json\/wp\/v2\/news-destination?post=34693"},{"taxonomy":"news-source","embeddable":true,"href":"https:\/\/euapp01.newsmemory.com\/lamarseillaise\/news\/wp-json\/wp\/v2\/news-source?post=34693"},{"taxonomy":"is_homepage","embeddable":true,"href":"https:\/\/euapp01.newsmemory.com\/lamarseillaise\/news\/wp-json\/wp\/v2\/is_homepage?post=34693"},{"taxonomy":"ta_other","embeddable":true,"href":"https:\/\/euapp01.newsmemory.com\/lamarseillaise\/news\/wp-json\/wp\/v2\/ta_other?post=34693"}],"curies":[{"name":"wp","href":"https:\/\/api.w.org\/{rel}","templated":true}]}}