{"id":34690,"date":"2026-06-30T09:26:00","date_gmt":"2026-06-30T07:26:00","guid":{"rendered":"https:\/\/euapp01.newsmemory.com\/lamarseillaise\/news\/?p=34690"},"modified":"2026-07-04T08:43:28","modified_gmt":"2026-07-04T06:43:28","slug":"entretien-clara-gimenez-on-a-besoin-de-reconstruire-un-parti-communiste-qui-soit-fort","status":"publish","type":"post","link":"https:\/\/euapp01.newsmemory.com\/lamarseillaise\/news\/2026\/06\/30\/entretien-clara-gimenez-on-a-besoin-de-reconstruire-un-parti-communiste-qui-soit-fort\/","title":{"rendered":"[Entretien] Clara Gimenez : \u00ab&nbsp;On a besoin de reconstruire un Parti communiste qui soit fort&nbsp;\u00bb"},"content":{"rendered":"<div class=\"paragraph\">\n<p><b>La Marseillaise :<\/b><b> Pouvez-vous nous r\u00e9sumer votre parcours <br \/>au PCF<\/b><b>\u00a0<\/b><b>? <\/b><\/p>\n<p>Clara Gimenez : J\u2019ai adh\u00e9r\u00e9 au PCF \u00e0 14 ans en 2009 apr\u00e8s un cours d\u2019histoire sur Marx o\u00f9 j\u2019ai d\u00e9couvert que des gens avaient une grille d\u2019analyse de la soci\u00e9t\u00e9 qui me correspondait assez. J\u2019\u00e9tais depuis un an chez les Jeunes communistes et j\u2019ai adh\u00e9r\u00e9 \u00e0 la cellule de Pignan. Vers 2013, j\u2019ai int\u00e9gr\u00e9 l\u2019ex\u00e9cutif du conseil d\u00e9partemental aux c\u00f4t\u00e9s de Michel Passet. En 2014, j\u2019ai \u00e9t\u00e9 \u00e9lue d\u2019opposition \u00e0 la mairie de Pignan puis j\u2019ai d\u00e9m\u00e9nag\u00e9 \u00e0 Montpellier et donc d\u00e9missionn\u00e9. Je suis membre du conseil national du PCF depuis 2018. Dimanche 21 juin, le d\u00e9bat a eu lieu et ma candidature a \u00e9t\u00e9 retenue. Je suis \u00e9lue dans la majorit\u00e9 de la Ville et de la M\u00e9tropole de Montpellier depuis 2020.<\/p>\n<p><b>Certains militants attendent une gestion plus collective. Comment pensez-vous g\u00e9rer la f\u00e9d\u00e9ration ?<\/b><\/p>\n<p>C.G. : Je partage le besoin du travail collectif. On est toujours plus intelligents \u00e0 plusieurs. Seul on va plus vite, mais collectivement on va plus loin. \u00c0 31\u00a0ans, j\u2019ai encore beaucoup \u00e0 apprendre de mes camarades. Je vais aller \u00e0 la rencontre des sections et des cellules qui organisent des f\u00eates durant l\u2019\u00e9t\u00e9 et des responsables dans les mois \u00e0 venir. On va travailler collectivement \u00e0 la proposition d\u2019un ex\u00e9cutif d\u00e9partemental \u00e0 la mi-juillet, qui sera compos\u00e9 d\u2019une petite dizaine de personnes. Le conseil d\u00e9partemental d\u00e9signera les camarades qui en seront. L\u2019id\u00e9e c\u2019est d\u2019avoir une repr\u00e9sentation la plus diverse possible et d\u2019avoir des camarades qui aient des responsabilit\u00e9s, des missions, pas un groupe de bureaucrates. L\u2019ambition c\u2019est, en septembre, de pouvoir adopter une feuille de route d\u00e9partementale qui vienne d\u00e9cliner les d\u00e9cisions du congr\u00e8s d\u00e9partemental.<\/p>\n<p><b><\/b><\/p>\n<p><b>Qu\u2019attendez-vous du congr\u00e8s national et pourquoi soutenir la base commune du conseil national ? <\/b><\/p>\n<p>C.G. : J\u2019attends de ce congr\u00e8s qu\u2019il permette de partir en ordre de marche pour la p\u00e9riode qui s\u2019ouvre, qui n\u2019est pas seulement la pr\u00e9sidentielle. Je souhaite un d\u00e9bat sur : qu\u2019est-ce qu\u2019un Parti communiste utile demain pour le monde du travail ? J\u2019attends des d\u00e9bats sur les modalit\u00e9s d\u2019organisation, notre strat\u00e9gie, notre vision. C\u2019est pour cela que j\u2019ai soutenu le texte du conseil national. Je crois que c\u2019est un texte qui nous permet de nous r\u00e9inscrire dans le paysage. Pas uniquement sur la pr\u00e9sidentielle, m\u00eame si je pense qu\u2019il y a une n\u00e9cessit\u00e9 d\u2019avoir un candidat. Pas forc\u00e9ment pour le score qu\u2019on fera, mais pour se saisir de tous les moyens qu\u2019on aura pour parler \u00e0 notre classe sociale, la reconqu\u00e9rir et faire grandir la conscience de classe. C\u2019est aussi une \u00e9tape dans la r\u00e9flexion sur ce que pourrait \u00eatre le socialisme \u00e0 la fran\u00e7aise comme moyen d\u2019atteindre une soci\u00e9t\u00e9 communiste, qui rompe profond\u00e9ment avec la soci\u00e9t\u00e9 capitaliste.<\/p>\n<p><b>Quelle sera votre position vis-\u00e0-vis des partenaires de gauche dans l\u2019optique des futures \u00e9lections ? <\/b><\/p>\n<p>C.G. : Je d\u00e9fendrai mon point de vue dans ma r\u00e9union de section mais au final ce sera une position collective, je crois \u00e0 d\u00e9mocratie interne. Je porterai le choix de tous les communistes. Pour ce qui est des relations avec nos partenaires de gauche, c\u2019est la question du rapport de force des luttes dans le pays. Ces derni\u00e8res ann\u00e9es, on a d\u00e9j\u00e0 prouv\u00e9 qu\u2019on savait faire des accords de sommet, ce n\u2019est pas un probl\u00e8me. La r\u00e9alit\u00e9 c\u2019est qu\u2019on a une gauche qui, toute mouill\u00e9e, ne d\u00e9passe pas 30%. La question c\u2019est : comment on fait grandir des choses dans la population. Pour moi, c\u2019est la cl\u00e9. Historiquement la gauche a toujours \u00e9t\u00e9 forte quand le PCF \u00e9tait fort. On a besoin de reconstruire un Parti communiste qui soit fort. C\u2019est la t\u00e2che \u00e0 laquelle je vais m\u2019atteler dans les mois qui viennent dans l\u2019H\u00e9rault et au plan national. Ce sera l\u2019une des conditions de la victoire de la gauche. Dans l\u2019H\u00e9rault, on a eu davantage de votants <br \/>[sur les 4\u00a0textes, Ndlr]. Quand on fait le travail, on arrive \u00e0 enrayer l\u2019\u00e9rosion naturelle des adh\u00e9rents en faisant des adh\u00e9sions et en fid\u00e9lisant nos adh\u00e9rents. Il faut poursuivre le travail engag\u00e9 de reconstruction des cellules au plus pr\u00e8s des lieux de vie de nos adh\u00e9rents, ce qui est de nature \u00e0 encourager la participation r\u00e9guli\u00e8re aux diff\u00e9rents moments forts du parti. Avoir de plus petites r\u00e9unions permet de s\u2019exprimer plus facilement, notamment pour les nouveaux adh\u00e9rents, c\u2019est moins intimidant.<\/p>\n<p><b>Pour vous, que signifie \u00eatre communiste en France en 2026 ? <\/b><\/p>\n<p>C.G. : C\u2019est vouloir rompre avec le syst\u00e8me capitaliste tel qu\u2019il est aujourd\u2019hui, vouloir transformer profond\u00e9ment la soci\u00e9t\u00e9 dans laquelle on vit. C\u2019est avoir \u00e0 c\u0153ur de reconstruire une conscience de classe qui nous permette de gagner la lutte des classes. C\u2019est aussi \u00eatre au plus pr\u00e8s des habitants o\u00f9 qu\u2019ils soient, apporter des r\u00e9ponses concr\u00e8tes \u00e0 leur quotidien. Mais c\u2019est aussi coller des affiches, distribuer des tracts, car ce sont des moyens pour reconqu\u00e9rir cette conscience de classe.<\/p>\n<\/p><\/div>\n","protected":false},"excerpt":{"rendered":"La Marseillaise : Pouvez-vous nous r&eacute;sumer votre parcours au PCF&nbsp;?","protected":false},"author":1,"featured_media":34691,"comment_status":"open","ping_status":"open","sticky":false,"template":"","format":"standard","meta":{"footnotes":""},"categories":[3926,3925,330],"tags":[2577,2363,465,193,3886,343,540,239,3830,1263,4453,240,284,623,250],"news-destination":[3944],"news-source":[475],"is_homepage":[],"ta_other":[],"class_list":["post-34690","post","type-post","status-publish","format-standard","has-post-thumbnail","hentry","category-accueil-merge","category-accueil-third","category-politique","tag-cellule","tag-clara-gimenez","tag-communistes","tag-conseil-departemental","tag-conseil-national","tag-entretien","tag-gauche","tag-herault","tag-lutte-des-classes","tag-militants","tag-monde-du-travail","tag-montpellier","tag-occitanie","tag-parti-communiste","tag-pcf","news-destination-homepage","news-source-website"],"_links":{"self":[{"href":"https:\/\/euapp01.newsmemory.com\/lamarseillaise\/news\/wp-json\/wp\/v2\/posts\/34690","targetHints":{"allow":["GET"]}}],"collection":[{"href":"https:\/\/euapp01.newsmemory.com\/lamarseillaise\/news\/wp-json\/wp\/v2\/posts"}],"about":[{"href":"https:\/\/euapp01.newsmemory.com\/lamarseillaise\/news\/wp-json\/wp\/v2\/types\/post"}],"author":[{"embeddable":true,"href":"https:\/\/euapp01.newsmemory.com\/lamarseillaise\/news\/wp-json\/wp\/v2\/users\/1"}],"replies":[{"embeddable":true,"href":"https:\/\/euapp01.newsmemory.com\/lamarseillaise\/news\/wp-json\/wp\/v2\/comments?post=34690"}],"version-history":[{"count":1,"href":"https:\/\/euapp01.newsmemory.com\/lamarseillaise\/news\/wp-json\/wp\/v2\/posts\/34690\/revisions"}],"predecessor-version":[{"id":34692,"href":"https:\/\/euapp01.newsmemory.com\/lamarseillaise\/news\/wp-json\/wp\/v2\/posts\/34690\/revisions\/34692"}],"wp:featuredmedia":[{"embeddable":true,"href":"https:\/\/euapp01.newsmemory.com\/lamarseillaise\/news\/wp-json\/wp\/v2\/media\/34691"}],"wp:attachment":[{"href":"https:\/\/euapp01.newsmemory.com\/lamarseillaise\/news\/wp-json\/wp\/v2\/media?parent=34690"}],"wp:term":[{"taxonomy":"category","embeddable":true,"href":"https:\/\/euapp01.newsmemory.com\/lamarseillaise\/news\/wp-json\/wp\/v2\/categories?post=34690"},{"taxonomy":"post_tag","embeddable":true,"href":"https:\/\/euapp01.newsmemory.com\/lamarseillaise\/news\/wp-json\/wp\/v2\/tags?post=34690"},{"taxonomy":"news-destination","embeddable":true,"href":"https:\/\/euapp01.newsmemory.com\/lamarseillaise\/news\/wp-json\/wp\/v2\/news-destination?post=34690"},{"taxonomy":"news-source","embeddable":true,"href":"https:\/\/euapp01.newsmemory.com\/lamarseillaise\/news\/wp-json\/wp\/v2\/news-source?post=34690"},{"taxonomy":"is_homepage","embeddable":true,"href":"https:\/\/euapp01.newsmemory.com\/lamarseillaise\/news\/wp-json\/wp\/v2\/is_homepage?post=34690"},{"taxonomy":"ta_other","embeddable":true,"href":"https:\/\/euapp01.newsmemory.com\/lamarseillaise\/news\/wp-json\/wp\/v2\/ta_other?post=34690"}],"curies":[{"name":"wp","href":"https:\/\/api.w.org\/{rel}","templated":true}]}}