{"id":34687,"date":"2026-06-30T09:19:00","date_gmt":"2026-06-30T07:19:00","guid":{"rendered":"https:\/\/euapp01.newsmemory.com\/lamarseillaise\/news\/?p=34687"},"modified":"2026-07-04T08:54:03","modified_gmt":"2026-07-04T06:54:03","slug":"le-marche-du-livre-doccasion-est-il-la-solution","status":"publish","type":"post","link":"https:\/\/euapp01.newsmemory.com\/lamarseillaise\/news\/2026\/06\/30\/le-marche-du-livre-doccasion-est-il-la-solution\/","title":{"rendered":"Le march\u00e9 du livre d\u2019occasion est-il la solution ?"},"content":{"rendered":"<div class=\"paragraph\">\n<p>En 2022, la part de l\u2019occasion dans le march\u00e9 du livre a atteint les 20%, selon une \u00e9tude de 2024 men\u00e9e par le minist\u00e8re de la Culture et la Soci\u00e9t\u00e9 fran\u00e7aise des int\u00e9r\u00eats des auteurs de l\u2019\u00e9crit (Sofia). Pour autant, celle-ci repr\u00e9senterait toujours moins de 10% de la valeur du march\u00e9.<\/p>\n<p>\u00c0 Montpellier, Waldeck Moreau a ouvert sa librairie L\u2019Opuscule il y a sept ans et y a toujours propos\u00e9 une majorit\u00e9 de livres neufs. <i>\u00ab<\/i><i>\u00a0<\/i><i>Je constate cependant qu\u2019il y a de plus en plus de demande pour les livres d\u2019occasion<\/i>, explique ce professionnel. <i>Nous allons donc ouvrir une salle d\u00e9di\u00e9e, parce que notre local s\u2019y pr\u00eate.<\/i><i>\u00a0<\/i><i>\u00bb <\/i>Selon lui, cette augmentation de la demande s\u2019explique par les prix plus bas et la baisse du pouvoir d\u2019achat.<i> \u00ab<\/i><i>\u00a0<\/i><i>Les gens nous demandent aussi de plus en plus de livres de poche<\/i><i>\u00a0<\/i><i>\u00bb, <\/i>affirme-t-il<i>. <\/i>Un constat confirm\u00e9 par l\u2019\u00e9tude de la Sofia,<i> <\/i>qui montre que<i> <\/i>c\u2019est avant tout pour payer moins cher leurs livres que les Fran\u00e7ais ach\u00e8tent d\u2019occasion. Les consid\u00e9rations \u00e9cologiques ne p\u00e8sent pratiquement pas dans leurs motivations.<\/p>\n<p>Par ailleurs, 4 Fran\u00e7ais sur 10 ont d\u00e9j\u00e0 revendu d\u2019occasion un livre. S\u2019ils cherchent avant tout \u00e0 gagner un peu d\u2019argent, deux revendeurs sur trois c\u00e8dent moins de 10 livres par an, repr\u00e9sentant un gain inf\u00e9rieur \u00e0 50\u00a0euros.<\/p>\n<p>De son c\u00f4t\u00e9, le groupe Gibert-Joseph, qui se revendique premi\u00e8re librairie ind\u00e9pendante de France, a \u00e9t\u00e9 plac\u00e9 en redressement judiciaire \u00e0 la fin du mois d\u2019avril 2026. Le jour m\u00eame, le <i>Figaro <\/i>rapportait que le groupe avait pour plan de miser sur <i>\u00ab<\/i><i>\u00a0<\/i><i>un virage strat\u00e9gique autour du livre d\u2019occasion<\/i><i>\u00a0<\/i><i>\u00bb<\/i>. Le groupe r\u00e9aliserait d\u00e9j\u00e0 35% de son chiffre d\u2019affaires sur ce segment et esp\u00e8re doubler la part de ses ventes d\u2019ici \u00e0 2029.<\/p>\n<p>La librairie Gibert-Joseph de Montpellier, elle, ne serait pas concern\u00e9e par cette proc\u00e9dure de redressement judiciaire. L\u2019enseigne n\u2019a pas r\u00e9pondu \u00e0 nos sollicitations.<\/p>\n<\/p><\/div>\n<div class=\"intext\"> Un march\u00e9 massivement<br \/>\n               <br \/>op\u00e9r\u00e9 en ligne\n              <\/div>\n<div class=\"paragraph\">\n<p>Mohammed Samari, lui, a ouvert sa librairie d\u2019occasion la Gare aux livres, \u00e0 N\u00eemes, en 2021. Il est aujourd\u2019hui en reconversion et veut se lancer dans la vente en ligne. <i>\u00ab<\/i><i>\u00a0<\/i><i>Peut-\u00eatre que \u00e7a d\u00e9pend des villes mais \u00e0 N\u00eemes, l\u2019occasion ne marche pas si bien, <\/i>explique-t-il.<i> M\u00eame quand je faisais des livres \u00e0 un e<\/i><i>uro<\/i> <i>pour les \u00e9tudiants, \u00e7a ne partait pas tant. Peut-\u00eatre aussi que les bo\u00eetes \u00e0 livres, qui sont nombreuses ici, participent \u00e0 la baisse des ventes&#8230; En tout cas, je suis persuad\u00e9 que l\u2019avenir est \u00e0 la vente en ligne<\/i><i>\u00a0<\/i><i>: m\u00eame Vinted s\u2019est mis \u00e0 vendre des livres d\u2019occasion.<\/i><i>\u00a0<\/i><i>\u00bb<\/i><\/p>\n<\/p><\/div>\n","protected":false},"excerpt":{"rendered":"En 2022, la part de l&rsquo;occasion dans le march&eacute; du livre a atteint les 20%, selon une &eacute;tude de 2024 men&eacute;e par le minist&egrave;re de la Culture et la Soci&eacute;t&eacute; fran&ccedil;aise des int&eacute;r&ecirc;ts des &#8230;","protected":false},"author":1,"featured_media":34688,"comment_status":"open","ping_status":"open","sticky":false,"template":"","format":"standard","meta":{"footnotes":""},"categories":[3926,3925,338],"tags":[954,238,239,3422,1244,284,1024],"news-destination":[3944],"news-source":[475],"is_homepage":[],"ta_other":[],"class_list":["post-34687","post","type-post","status-publish","format-standard","has-post-thumbnail","hentry","category-accueil-merge","category-accueil-third","category-economie","tag-consommateurs","tag-gard","tag-herault","tag-librairies-independantes","tag-livres","tag-occitanie","tag-pouvoir-dachat","news-destination-homepage","news-source-website"],"_links":{"self":[{"href":"https:\/\/euapp01.newsmemory.com\/lamarseillaise\/news\/wp-json\/wp\/v2\/posts\/34687","targetHints":{"allow":["GET"]}}],"collection":[{"href":"https:\/\/euapp01.newsmemory.com\/lamarseillaise\/news\/wp-json\/wp\/v2\/posts"}],"about":[{"href":"https:\/\/euapp01.newsmemory.com\/lamarseillaise\/news\/wp-json\/wp\/v2\/types\/post"}],"author":[{"embeddable":true,"href":"https:\/\/euapp01.newsmemory.com\/lamarseillaise\/news\/wp-json\/wp\/v2\/users\/1"}],"replies":[{"embeddable":true,"href":"https:\/\/euapp01.newsmemory.com\/lamarseillaise\/news\/wp-json\/wp\/v2\/comments?post=34687"}],"version-history":[{"count":1,"href":"https:\/\/euapp01.newsmemory.com\/lamarseillaise\/news\/wp-json\/wp\/v2\/posts\/34687\/revisions"}],"predecessor-version":[{"id":34689,"href":"https:\/\/euapp01.newsmemory.com\/lamarseillaise\/news\/wp-json\/wp\/v2\/posts\/34687\/revisions\/34689"}],"wp:featuredmedia":[{"embeddable":true,"href":"https:\/\/euapp01.newsmemory.com\/lamarseillaise\/news\/wp-json\/wp\/v2\/media\/34688"}],"wp:attachment":[{"href":"https:\/\/euapp01.newsmemory.com\/lamarseillaise\/news\/wp-json\/wp\/v2\/media?parent=34687"}],"wp:term":[{"taxonomy":"category","embeddable":true,"href":"https:\/\/euapp01.newsmemory.com\/lamarseillaise\/news\/wp-json\/wp\/v2\/categories?post=34687"},{"taxonomy":"post_tag","embeddable":true,"href":"https:\/\/euapp01.newsmemory.com\/lamarseillaise\/news\/wp-json\/wp\/v2\/tags?post=34687"},{"taxonomy":"news-destination","embeddable":true,"href":"https:\/\/euapp01.newsmemory.com\/lamarseillaise\/news\/wp-json\/wp\/v2\/news-destination?post=34687"},{"taxonomy":"news-source","embeddable":true,"href":"https:\/\/euapp01.newsmemory.com\/lamarseillaise\/news\/wp-json\/wp\/v2\/news-source?post=34687"},{"taxonomy":"is_homepage","embeddable":true,"href":"https:\/\/euapp01.newsmemory.com\/lamarseillaise\/news\/wp-json\/wp\/v2\/is_homepage?post=34687"},{"taxonomy":"ta_other","embeddable":true,"href":"https:\/\/euapp01.newsmemory.com\/lamarseillaise\/news\/wp-json\/wp\/v2\/ta_other?post=34687"}],"curies":[{"name":"wp","href":"https:\/\/api.w.org\/{rel}","templated":true}]}}