{"id":34684,"date":"2026-06-30T08:18:00","date_gmt":"2026-06-30T06:18:00","guid":{"rendered":"https:\/\/euapp01.newsmemory.com\/lamarseillaise\/news\/?p=34684"},"modified":"2026-07-04T08:19:20","modified_gmt":"2026-07-04T06:19:20","slug":"provence-bleue-presente-a-letat","status":"publish","type":"post","link":"https:\/\/euapp01.newsmemory.com\/lamarseillaise\/news\/2026\/06\/30\/provence-bleue-presente-a-letat\/","title":{"rendered":"\u00ab&nbsp;Provence Bleue&nbsp;\u00bb pr\u00e9sent\u00e9 \u00e0 l\u2019\u00c9tat"},"content":{"rendered":"<div class=\"paragraph\">\n<p>Publi\u00e9e en 2020, la note strat\u00e9gique du rapport parlementaire men\u00e9 par Jean-Marc Zulesi (Ren), Pierre Dharr\u00e9ville (PCF) et \u00c9ric Diard (LR) a \u00e9t\u00e9 remise sur la table du gouvernement. L\u2019ancien d\u00e9put\u00e9 de la 8<sup>e<\/sup> circonscription des Bouches-du-Rh\u00f4ne a rencontr\u00e9 le ministre d\u00e9l\u00e9gu\u00e9 \u00e0 la Transition \u00e9cologique Mathieu Lef\u00e8vre pour lui rappeler que \u00ab<b>\u00a0<\/b><i>la r\u00e9habilitation de l\u2019\u00e9tang de Berre (&#8230;) s\u2019inscrit au croisement des d\u00e9fis li\u00e9s \u00e0 la pr\u00e9servation de la ressource en eau, \u00e0 la transition \u00e9nerg\u00e9tique, \u00e0 l\u2019adaptation au changement climatique et \u00e0 la souverainet\u00e9 industrielle de notre pays<\/i><i>\u00a0<\/i>\u00bb, explique-t-il.<\/p>\n<p>Au centre de cette ambition\u00a0: le projet \u00ab<b>\u00a0<\/b>Provence Bleue<b>\u00a0<\/b>\u00bb, actuellement \u00e9tudi\u00e9 par EDF. Cette solution technique d\u2019envergure, dont la vision d\u2019am\u00e9nagement porte sur 50\u00a0ans pour un investissement estim\u00e9 \u00e0 1,4\u00a0milliard d\u2019euros, pourrait r\u00e9gler le probl\u00e8me des rejets de la centrale hydro-\u00e9lectrique de Saint-Chamas.<\/p>\n<p>Des mesures ont conduit \u00e0 les limiter \u00e0 1,2\u00a0milliard de\u00a0m\u00b3 d\u2019eau douce et 60\u00a0000\u00a0tonnes de s\u00e9diments, ce qui a permis une am\u00e9lioration progressive de l\u2019\u00e9tat \u00e9cologique de l\u2019\u00e9tang en entra\u00eenant n\u00e9anmoins une perte de 600\u00a0millions de kWh d\u2019\u00e9lectricit\u00e9 par an selon l\u2019ancien parlementaire. \u00ab<b>\u00a0<\/b>Provence Bleue<b>\u00a0<\/b>\u00bb vise \u00e0 concilier ces enjeux en cr\u00e9ant des infrastructures pour valoriser les eaux aujourd\u2019hui inutilis\u00e9es\u00a0: un bassin de d\u00e9cantation permettrait de s\u00e9parer les limons de la Durance, un tunnel de restituer la ressource vers le Rh\u00f4ne tout en la mobilisant au b\u00e9n\u00e9fice des besoins agricoles, industriels et d\u2019alimentation en eau potable.<\/p>\n<\/p><\/div>\n","protected":false},"excerpt":{"rendered":"Publi&eacute;e en 2020, la note strat&eacute;gique du rapport parlementaire men&eacute; par Jean-Marc Zulesi (Ren), Pierre Dharr&eacute;ville (PCF) et &Eacute;ric Diard (LR) a &eacute;t&eacute; remise sur la table du gouvernement. L&rsquo;ancien &#8230;","protected":false},"author":1,"featured_media":34685,"comment_status":"open","ping_status":"open","sticky":false,"template":"","format":"standard","meta":{"footnotes":""},"categories":[3926,3925,333],"tags":[10,536,471,532,1392,3709,1456,488,108,5097,2750,136,157,2920,1453],"news-destination":[3944],"news-source":[475],"is_homepage":[],"ta_other":[],"class_list":["post-34684","post","type-post","status-publish","format-standard","has-post-thumbnail","hentry","category-accueil-merge","category-accueil-third","category-environnement","tag-bouches-du-rhone","tag-centrale","tag-eau-potable","tag-edf","tag-electrique","tag-eric-diard","tag-etang-de-berre","tag-industriels","tag-investissement","tag-jean-marc-zulesi","tag-pierre-dharreville","tag-preservation","tag-rehabilitation","tag-ressource-en-eau","tag-saint-chamas","news-destination-homepage","news-source-website"],"_links":{"self":[{"href":"https:\/\/euapp01.newsmemory.com\/lamarseillaise\/news\/wp-json\/wp\/v2\/posts\/34684","targetHints":{"allow":["GET"]}}],"collection":[{"href":"https:\/\/euapp01.newsmemory.com\/lamarseillaise\/news\/wp-json\/wp\/v2\/posts"}],"about":[{"href":"https:\/\/euapp01.newsmemory.com\/lamarseillaise\/news\/wp-json\/wp\/v2\/types\/post"}],"author":[{"embeddable":true,"href":"https:\/\/euapp01.newsmemory.com\/lamarseillaise\/news\/wp-json\/wp\/v2\/users\/1"}],"replies":[{"embeddable":true,"href":"https:\/\/euapp01.newsmemory.com\/lamarseillaise\/news\/wp-json\/wp\/v2\/comments?post=34684"}],"version-history":[{"count":1,"href":"https:\/\/euapp01.newsmemory.com\/lamarseillaise\/news\/wp-json\/wp\/v2\/posts\/34684\/revisions"}],"predecessor-version":[{"id":34686,"href":"https:\/\/euapp01.newsmemory.com\/lamarseillaise\/news\/wp-json\/wp\/v2\/posts\/34684\/revisions\/34686"}],"wp:featuredmedia":[{"embeddable":true,"href":"https:\/\/euapp01.newsmemory.com\/lamarseillaise\/news\/wp-json\/wp\/v2\/media\/34685"}],"wp:attachment":[{"href":"https:\/\/euapp01.newsmemory.com\/lamarseillaise\/news\/wp-json\/wp\/v2\/media?parent=34684"}],"wp:term":[{"taxonomy":"category","embeddable":true,"href":"https:\/\/euapp01.newsmemory.com\/lamarseillaise\/news\/wp-json\/wp\/v2\/categories?post=34684"},{"taxonomy":"post_tag","embeddable":true,"href":"https:\/\/euapp01.newsmemory.com\/lamarseillaise\/news\/wp-json\/wp\/v2\/tags?post=34684"},{"taxonomy":"news-destination","embeddable":true,"href":"https:\/\/euapp01.newsmemory.com\/lamarseillaise\/news\/wp-json\/wp\/v2\/news-destination?post=34684"},{"taxonomy":"news-source","embeddable":true,"href":"https:\/\/euapp01.newsmemory.com\/lamarseillaise\/news\/wp-json\/wp\/v2\/news-source?post=34684"},{"taxonomy":"is_homepage","embeddable":true,"href":"https:\/\/euapp01.newsmemory.com\/lamarseillaise\/news\/wp-json\/wp\/v2\/is_homepage?post=34684"},{"taxonomy":"ta_other","embeddable":true,"href":"https:\/\/euapp01.newsmemory.com\/lamarseillaise\/news\/wp-json\/wp\/v2\/ta_other?post=34684"}],"curies":[{"name":"wp","href":"https:\/\/api.w.org\/{rel}","templated":true}]}}