{"id":34681,"date":"2026-06-30T08:47:00","date_gmt":"2026-06-30T06:47:00","guid":{"rendered":"https:\/\/euapp01.newsmemory.com\/lamarseillaise\/news\/?p=34681"},"modified":"2026-06-30T10:26:00","modified_gmt":"2026-06-30T08:26:00","slug":"a-gap-un-collectif-pour-la-loi-integrale-sorganise","status":"publish","type":"post","link":"https:\/\/euapp01.newsmemory.com\/lamarseillaise\/news\/2026\/06\/30\/a-gap-un-collectif-pour-la-loi-integrale-sorganise\/","title":{"rendered":"\u00c0 Gap, un collectif pour la loi int\u00e9grale s\u2019organise"},"content":{"rendered":"<div class=\"paragraph\">\n<p>\u00ab <i>C<\/i><i>ollectif pour une loi int\u00e9grale<\/i><i>\u00a0<\/i>\u00bb\u00a0: tel sera le nom de ce groupe citoyen, n\u00e9 de la mobilisation hebdomadaire organis\u00e9e devant le palais de justice de Gap, en hommage \u00e0 la jeune Lyhanna, assassin\u00e9e fin mai, ainsi qu\u2019\u00e0 toutes les femmes et tous les enfants victimes de violences sexuelles.<\/p>\n<p>\u00ab<i>\u00a0<\/i><i>Lundi dernier, nous avons pris la d\u00e9cision de nous constituer en collectif. Pour faire passer notre message dans les m\u00e9dias et poursuivre notre action de plaidoyer, il fallait que nous soyons plusieurs et que chacun puisse prendre sa part dans cette mobilisation<\/i><i>\u00a0<\/i>\u00bb, explique Madeleine, l\u2019une des initiatrices du mouvement. Constituer un collectif permet aussi de d\u00e9poser des demandes de manifestation aupr\u00e8s des autorit\u00e9s.<\/p>\n<p>Lors des rassemblements, les participants ne d\u00e9fendent pas forc\u00e9ment les m\u00eames r\u00e9ponses politiques au probl\u00e8me. Afin de d\u00e9finir ce qui les rassemble malgr\u00e9 leurs divergences, les membres du collectif pr\u00e9voient la r\u00e9daction d\u2019une charte.<i> <\/i>\u00ab<i>\u00a0<\/i><i>S\u2019il y a des divergences politiques, on est tous d\u2019accord pour le soutien \u00e0 la loi int\u00e9grale<\/i><i>\u00a0<\/i>\u00bb, affirme Lisa<i>. <\/i>\u00ab<i>\u00a0<\/i><i>Pas plus, pas moins<\/i><i>\u00a0<\/i>\u00bb, compl\u00e8te Xavier.<\/p>\n<p>Pour le groupe, l\u2019essentiel est de maintenir la mobilisation en faveur de l\u2019adoption de cette loi. \u00ab<i>\u00a0<\/i><i>Comme la loi a \u00e9t\u00e9 inscrite pour \u00eatre vot\u00e9e en septembre, des gens vont peut-\u00eatre se dire &#8220;\u00e7a y est c\u2019est gagn\u00e9&#8221;, il faut donc rester mobilis\u00e9, \u00eatre en surveillance<\/i><i>\u00a0<\/i>\u00bb, affirme Madeleine.<\/p>\n<p>Xavier ajoute\u00a0: \u00ab<i>\u00a0<\/i><i>S\u00e9bastien Lecornu, Premier ministre, a dit qu\u2019ils allaient la pr\u00e9senter, mais hachur\u00e9e, avec seulement 78 des 140<\/i><i>\u00a0<\/i><i>mesures initialement propos\u00e9es. Et l\u00e0-dedans, huit d\u00e9pendraient de l\u2019\u00e9quilibre budg\u00e9taire. Cela montre bien que la mobilisation doit rester constante. Quand on voit la fa\u00e7on dont les arbitrages budg\u00e9taires sont parfois rendus par le gouvernement, cela suscite de grosses inqui\u00e9tudes. Le texte ferait passer le budget en la mati\u00e8re de 12<\/i><i>\u00a0<\/i><i>millions actuellement \u00e0 3<\/i><i>\u00a0<\/i><i>milliards, on se demande comment ils vont arbitrer.<\/i><i>\u00a0<\/i>\u00bb<\/p>\n<\/p><\/div>\n<div class=\"intext\"> Une charte est en cours d\u2019\u00e9laboration\n              <\/div>\n<div class=\"paragraph\">\n<p>Pour le moment, Madeleine affirme n\u2019avoir eu \u00ab<i>\u00a0<\/i><i>aucune r\u00e9ponse<\/i><i>\u00a0<\/i>\u00bb des associations locales concern\u00e9es par les questions de violences faites aux femmes et aux enfants. Selon les membres du collectif, leur objectif est donc aussi de combler un manque de mobilisation locale sur ces sujets.<\/p>\n<\/p><\/div>\n","protected":false},"excerpt":{"rendered":"&laquo; Collectif pour une loi int&eacute;grale&nbsp;&raquo;&nbsp;: tel sera le nom de ce groupe citoyen, n&eacute; de la mobilisation hebdomadaire organis&eacute;e devant le palais de justice de Gap, en hommage &agrave; la jeune Lyhanna, &#8230;","protected":false},"author":1,"featured_media":34682,"comment_status":"open","ping_status":"open","sticky":false,"template":"","format":"standard","meta":{"footnotes":""},"categories":[20],"tags":[4768,3015,1303,4468,2800,847,2908,1089,1304],"news-destination":[],"news-source":[475],"is_homepage":[],"ta_other":[],"class_list":["post-34681","post","type-post","status-publish","format-standard","has-post-thumbnail","hentry","category-societe","tag-alpes","tag-droits-des-enfants","tag-feminisme","tag-hautes-alpes","tag-loi","tag-manifestations","tag-viol","tag-violences-sexistes","tag-violences-sexuelles","news-source-website"],"_links":{"self":[{"href":"https:\/\/euapp01.newsmemory.com\/lamarseillaise\/news\/wp-json\/wp\/v2\/posts\/34681","targetHints":{"allow":["GET"]}}],"collection":[{"href":"https:\/\/euapp01.newsmemory.com\/lamarseillaise\/news\/wp-json\/wp\/v2\/posts"}],"about":[{"href":"https:\/\/euapp01.newsmemory.com\/lamarseillaise\/news\/wp-json\/wp\/v2\/types\/post"}],"author":[{"embeddable":true,"href":"https:\/\/euapp01.newsmemory.com\/lamarseillaise\/news\/wp-json\/wp\/v2\/users\/1"}],"replies":[{"embeddable":true,"href":"https:\/\/euapp01.newsmemory.com\/lamarseillaise\/news\/wp-json\/wp\/v2\/comments?post=34681"}],"version-history":[{"count":1,"href":"https:\/\/euapp01.newsmemory.com\/lamarseillaise\/news\/wp-json\/wp\/v2\/posts\/34681\/revisions"}],"predecessor-version":[{"id":34683,"href":"https:\/\/euapp01.newsmemory.com\/lamarseillaise\/news\/wp-json\/wp\/v2\/posts\/34681\/revisions\/34683"}],"wp:featuredmedia":[{"embeddable":true,"href":"https:\/\/euapp01.newsmemory.com\/lamarseillaise\/news\/wp-json\/wp\/v2\/media\/34682"}],"wp:attachment":[{"href":"https:\/\/euapp01.newsmemory.com\/lamarseillaise\/news\/wp-json\/wp\/v2\/media?parent=34681"}],"wp:term":[{"taxonomy":"category","embeddable":true,"href":"https:\/\/euapp01.newsmemory.com\/lamarseillaise\/news\/wp-json\/wp\/v2\/categories?post=34681"},{"taxonomy":"post_tag","embeddable":true,"href":"https:\/\/euapp01.newsmemory.com\/lamarseillaise\/news\/wp-json\/wp\/v2\/tags?post=34681"},{"taxonomy":"news-destination","embeddable":true,"href":"https:\/\/euapp01.newsmemory.com\/lamarseillaise\/news\/wp-json\/wp\/v2\/news-destination?post=34681"},{"taxonomy":"news-source","embeddable":true,"href":"https:\/\/euapp01.newsmemory.com\/lamarseillaise\/news\/wp-json\/wp\/v2\/news-source?post=34681"},{"taxonomy":"is_homepage","embeddable":true,"href":"https:\/\/euapp01.newsmemory.com\/lamarseillaise\/news\/wp-json\/wp\/v2\/is_homepage?post=34681"},{"taxonomy":"ta_other","embeddable":true,"href":"https:\/\/euapp01.newsmemory.com\/lamarseillaise\/news\/wp-json\/wp\/v2\/ta_other?post=34681"}],"curies":[{"name":"wp","href":"https:\/\/api.w.org\/{rel}","templated":true}]}}