{"id":34678,"date":"2026-06-30T08:52:00","date_gmt":"2026-06-30T06:52:00","guid":{"rendered":"https:\/\/euapp01.newsmemory.com\/lamarseillaise\/news\/?p=34678"},"modified":"2026-06-30T10:26:00","modified_gmt":"2026-06-30T08:26:00","slug":"a-aix-les-robes-noires-aussi-en-colere","status":"publish","type":"post","link":"https:\/\/euapp01.newsmemory.com\/lamarseillaise\/news\/2026\/06\/30\/a-aix-les-robes-noires-aussi-en-colere\/","title":{"rendered":"\u00c0 Aix, les robes noires aussi en col\u00e8re"},"content":{"rendered":"<div class=\"paragraph\">\n<p>\u00ab<i>\u00a0<\/i><i>On nous pr\u00e9sente cette r\u00e9forme comme une modernisation. En r\u00e9alit\u00e9, c\u2019est une justice plus rapide, toujours plus de rendements, de statistiques, toujours moins de garanties. Or, la justice n\u2019est pas une usine<\/i><i>\u00a0<\/i>\u00bb<i>, <\/i>a notamment d\u00e9nonc\u00e9 M<sup>e<\/sup>\u00a0Xavier Pietra, b\u00e2tonnier du barreau d\u2019Aix-en-Provence.<\/p>\n<\/p><\/div>\n","protected":false},"excerpt":{"rendered":"&laquo;&nbsp;On nous pr&eacute;sente cette r&eacute;forme comme une modernisation. En r&eacute;alit&eacute;, c&rsquo;est une justice plus rapide, toujours plus de rendements, de statistiques, toujours moins de garanties. Or, la justice n&rsquo;est &#8230;","protected":false},"author":1,"featured_media":34679,"comment_status":"open","ping_status":"open","sticky":false,"template":"","format":"standard","meta":{"footnotes":""},"categories":[20],"tags":[556,1114,10,200,1541,1401,3077],"news-destination":[],"news-source":[475],"is_homepage":[],"ta_other":[],"class_list":["post-34678","post","type-post","status-publish","format-standard","has-post-thumbnail","hentry","category-societe","tag-aix-en-provence","tag-avocats","tag-bouches-du-rhone","tag-justice","tag-magistrats","tag-reforme","tag-robes-noires","news-source-website"],"_links":{"self":[{"href":"https:\/\/euapp01.newsmemory.com\/lamarseillaise\/news\/wp-json\/wp\/v2\/posts\/34678","targetHints":{"allow":["GET"]}}],"collection":[{"href":"https:\/\/euapp01.newsmemory.com\/lamarseillaise\/news\/wp-json\/wp\/v2\/posts"}],"about":[{"href":"https:\/\/euapp01.newsmemory.com\/lamarseillaise\/news\/wp-json\/wp\/v2\/types\/post"}],"author":[{"embeddable":true,"href":"https:\/\/euapp01.newsmemory.com\/lamarseillaise\/news\/wp-json\/wp\/v2\/users\/1"}],"replies":[{"embeddable":true,"href":"https:\/\/euapp01.newsmemory.com\/lamarseillaise\/news\/wp-json\/wp\/v2\/comments?post=34678"}],"version-history":[{"count":1,"href":"https:\/\/euapp01.newsmemory.com\/lamarseillaise\/news\/wp-json\/wp\/v2\/posts\/34678\/revisions"}],"predecessor-version":[{"id":34680,"href":"https:\/\/euapp01.newsmemory.com\/lamarseillaise\/news\/wp-json\/wp\/v2\/posts\/34678\/revisions\/34680"}],"wp:featuredmedia":[{"embeddable":true,"href":"https:\/\/euapp01.newsmemory.com\/lamarseillaise\/news\/wp-json\/wp\/v2\/media\/34679"}],"wp:attachment":[{"href":"https:\/\/euapp01.newsmemory.com\/lamarseillaise\/news\/wp-json\/wp\/v2\/media?parent=34678"}],"wp:term":[{"taxonomy":"category","embeddable":true,"href":"https:\/\/euapp01.newsmemory.com\/lamarseillaise\/news\/wp-json\/wp\/v2\/categories?post=34678"},{"taxonomy":"post_tag","embeddable":true,"href":"https:\/\/euapp01.newsmemory.com\/lamarseillaise\/news\/wp-json\/wp\/v2\/tags?post=34678"},{"taxonomy":"news-destination","embeddable":true,"href":"https:\/\/euapp01.newsmemory.com\/lamarseillaise\/news\/wp-json\/wp\/v2\/news-destination?post=34678"},{"taxonomy":"news-source","embeddable":true,"href":"https:\/\/euapp01.newsmemory.com\/lamarseillaise\/news\/wp-json\/wp\/v2\/news-source?post=34678"},{"taxonomy":"is_homepage","embeddable":true,"href":"https:\/\/euapp01.newsmemory.com\/lamarseillaise\/news\/wp-json\/wp\/v2\/is_homepage?post=34678"},{"taxonomy":"ta_other","embeddable":true,"href":"https:\/\/euapp01.newsmemory.com\/lamarseillaise\/news\/wp-json\/wp\/v2\/ta_other?post=34678"}],"curies":[{"name":"wp","href":"https:\/\/api.w.org\/{rel}","templated":true}]}}