{"id":34675,"date":"2026-06-30T08:53:00","date_gmt":"2026-06-30T06:53:00","guid":{"rendered":"https:\/\/euapp01.newsmemory.com\/lamarseillaise\/news\/?p=34675"},"modified":"2026-06-30T10:13:07","modified_gmt":"2026-06-30T08:13:07","slug":"surchauffe-a-la-clinique-psychiatrique-saint-roch","status":"publish","type":"post","link":"https:\/\/euapp01.newsmemory.com\/lamarseillaise\/news\/2026\/06\/30\/surchauffe-a-la-clinique-psychiatrique-saint-roch\/","title":{"rendered":"Surchauffe \u00e0 la clinique psychiatrique Saint Roch"},"content":{"rendered":"<div class=\"paragraph\">\n<p>\u00ab <i>I<\/i><i>ls ont fait une erreur comptable et nous demandent de rembourser la part Urssaf<\/i>\u00a0\u00bb, s\u2019indignent les repr\u00e9sentants des personnels de la clinique du 11<sup>e<\/sup>\u00a0arrondissement. Cet oubli de la part des cotisations sociale dans le calcul d\u2019une participation au b\u00e9n\u00e9fice, accord d\u2019entreprise obtenu de longue date, a d\u00e9clench\u00e9 un mouvement la col\u00e8re des salari\u00e9s.<\/p>\n<p>\u00ab<i>\u00a0<\/i><i>C\u2019est un accord d\u2019entreprise obtenu depuis plusieurs ann\u00e9es. On a du mal \u00e0 comprendre cette erreur et la direction ne nous fournissait pas les documents comptables tout en nous demandant de pr\u00e9venir les agents<\/i><i>\u00a0<\/i>\u00bb<i>,<\/i> pr\u00e9cise Amandine Brachet, d\u00e9l\u00e9gu\u00e9e syndicale. Ce point d\u2019orgue fait suite \u00e0 une s\u00e9rie de m\u00e9contentements\u00a0: \u00ab\u00a0<i>Les salaires n\u2019ont pas \u00e9t\u00e9 augment\u00e9s depuis trois ans<\/i><i>\u00a0<\/i>\u00bb, d\u00e9nonce le secr\u00e9taire d\u00e9partemental FO sant\u00e9 priv\u00e9e, Andr\u00e9 Descamps, qui soutient le mouvement. \u00ab\u00a0<i>Les t\u00e9l\u00e9phones portables ne passent pas. On doit se servir de nos appareils personnels car il nous est impossible de communiquer entre services en cas de probl\u00e8me<\/i><i>\u00a0<\/i>\u00bb<i>, <\/i>ajoute la repr\u00e9sentante des personnels.<\/p>\n<p>Par ailleurs, patients et soignants souffriraient d\u2019une \u00ab\u00a0<i>chaleur atteignant 37\u00b0C<\/i><i>\u00a0<\/i>\u00bb, en d\u00e9pit de climatiseurs. La semaine pass\u00e9e, c\u2019est \u00e0 l\u2019h\u00f4pital Edouard-Toulouse que le syndicat Sud alertait sur une climatisation inadapt\u00e9e. Contact\u00e9e, la direction de l\u2019\u00e9tablissement Montfleuri Saint Roch n\u2019a pas donn\u00e9 suite. Lundi, apr\u00e8s une nouvelle r\u00e9union, la gr\u00e8ve \u00e9tait reconduite.<\/p>\n<\/p><\/div>\n","protected":false},"excerpt":{"rendered":"&laquo; Ils ont fait une erreur comptable et nous demandent de rembourser la part Urssaf&nbsp;&raquo;, s&rsquo;indignent les repr&eacute;sentants des personnels de la clinique du 11e&nbsp;arrondissement. Cet oubli de la part des cotisations sociale &#8230;","protected":false},"author":1,"featured_media":34676,"comment_status":"open","ping_status":"open","sticky":false,"template":"","format":"standard","meta":{"footnotes":""},"categories":[331],"tags":[1503,10,372,2776,1017,876,16,363,962],"news-destination":[],"news-source":[475],"is_homepage":[],"ta_other":[],"class_list":["post-34675","post","type-post","status-publish","format-standard","has-post-thumbnail","hentry","category-social","tag-blocus","tag-bouches-du-rhone","tag-canicule","tag-clinique","tag-fo","tag-greve","tag-marseille","tag-psychiatrie","tag-salaries","news-source-website"],"_links":{"self":[{"href":"https:\/\/euapp01.newsmemory.com\/lamarseillaise\/news\/wp-json\/wp\/v2\/posts\/34675","targetHints":{"allow":["GET"]}}],"collection":[{"href":"https:\/\/euapp01.newsmemory.com\/lamarseillaise\/news\/wp-json\/wp\/v2\/posts"}],"about":[{"href":"https:\/\/euapp01.newsmemory.com\/lamarseillaise\/news\/wp-json\/wp\/v2\/types\/post"}],"author":[{"embeddable":true,"href":"https:\/\/euapp01.newsmemory.com\/lamarseillaise\/news\/wp-json\/wp\/v2\/users\/1"}],"replies":[{"embeddable":true,"href":"https:\/\/euapp01.newsmemory.com\/lamarseillaise\/news\/wp-json\/wp\/v2\/comments?post=34675"}],"version-history":[{"count":1,"href":"https:\/\/euapp01.newsmemory.com\/lamarseillaise\/news\/wp-json\/wp\/v2\/posts\/34675\/revisions"}],"predecessor-version":[{"id":34677,"href":"https:\/\/euapp01.newsmemory.com\/lamarseillaise\/news\/wp-json\/wp\/v2\/posts\/34675\/revisions\/34677"}],"wp:featuredmedia":[{"embeddable":true,"href":"https:\/\/euapp01.newsmemory.com\/lamarseillaise\/news\/wp-json\/wp\/v2\/media\/34676"}],"wp:attachment":[{"href":"https:\/\/euapp01.newsmemory.com\/lamarseillaise\/news\/wp-json\/wp\/v2\/media?parent=34675"}],"wp:term":[{"taxonomy":"category","embeddable":true,"href":"https:\/\/euapp01.newsmemory.com\/lamarseillaise\/news\/wp-json\/wp\/v2\/categories?post=34675"},{"taxonomy":"post_tag","embeddable":true,"href":"https:\/\/euapp01.newsmemory.com\/lamarseillaise\/news\/wp-json\/wp\/v2\/tags?post=34675"},{"taxonomy":"news-destination","embeddable":true,"href":"https:\/\/euapp01.newsmemory.com\/lamarseillaise\/news\/wp-json\/wp\/v2\/news-destination?post=34675"},{"taxonomy":"news-source","embeddable":true,"href":"https:\/\/euapp01.newsmemory.com\/lamarseillaise\/news\/wp-json\/wp\/v2\/news-source?post=34675"},{"taxonomy":"is_homepage","embeddable":true,"href":"https:\/\/euapp01.newsmemory.com\/lamarseillaise\/news\/wp-json\/wp\/v2\/is_homepage?post=34675"},{"taxonomy":"ta_other","embeddable":true,"href":"https:\/\/euapp01.newsmemory.com\/lamarseillaise\/news\/wp-json\/wp\/v2\/ta_other?post=34675"}],"curies":[{"name":"wp","href":"https:\/\/api.w.org\/{rel}","templated":true}]}}