{"id":34672,"date":"2026-06-30T08:50:00","date_gmt":"2026-06-30T06:50:00","guid":{"rendered":"https:\/\/euapp01.newsmemory.com\/lamarseillaise\/news\/?p=34672"},"modified":"2026-07-04T08:54:03","modified_gmt":"2026-07-04T06:54:03","slug":"entretien-anne-cecile-dubois-la-justice-souffre-dun-manque-de-moyens","status":"publish","type":"post","link":"https:\/\/euapp01.newsmemory.com\/lamarseillaise\/news\/2026\/06\/30\/entretien-anne-cecile-dubois-la-justice-souffre-dun-manque-de-moyens\/","title":{"rendered":"[Entretien] Anne-C\u00e9cile Dubois : \u00ab&nbsp;La justice souffre d\u2019un manque de moyens&nbsp;\u00bb"},"content":{"rendered":"<div class=\"paragraph\">\n<p><b>La Marseillaise :<\/b> <b>Pourquoi \u00e9tiez-vous mobilis\u00e9e, lundi, contre le projet de loi sur la justice criminelle ?<\/b><\/p>\n<p>Anne-C\u00e9cile Dubois : M\u00eame si le garde des Sceaux a retir\u00e9 son article phare, qui n\u2019est autre que le plaider-coupable criminel, il reste quand m\u00eame neuf autres articles qui sont une catastrophe pour les droits de la d\u00e9fense, y compris pour les victimes. Ce texte porte atteinte \u00e0 la pr\u00e9somption d\u2019innocence et va \u00e0 l\u2019encontre de nos principes essentiels qui fondent notre droit. Avec, entre autres, le SAS de d\u00e9tention et toutes les nullit\u00e9s qui seront purg\u00e9es si on ne le fait pas dans le d\u00e9lai, qui, du reste est raccourci. C\u2019est vraiment bafouer l\u2019\u00c9tat de droit. Comme d\u2019habitude, alors que la justice souffre d\u2019un manque de moyens, tant humain que financier, on essaye de cacher la poussi\u00e8re sous le tapis en disant \u00ab\u00a0regardez ce que nous allons faire, \u00e7a ira beaucoup plus vite, ce sera bien mieux et plus efficace\u00a0\u00bb, mais il n\u2019y a pas plus de magistrats ni de greffiers.<\/p>\n<p><b>Est-ce une question de moyens<\/b><b>\u00a0<\/b><b>?<\/b><\/p>\n<p>A.-C.D. : On a le m\u00eame nombre de magistrats qu\u2019au si\u00e8cle pass\u00e9 ! Sauf qu\u2019en 1915, on n\u2019\u00e9tait pas 68\u00a0millions d\u2019habitants. C\u2019est un probl\u00e8me de moyens, les juridictions souffrent. Ils souhaitent une justice rapide, sans avoir les moyens de cette rapidit\u00e9. C\u2019est comme le choc carc\u00e9ral, l\u2019id\u00e9e premi\u00e8re \u00e9tait que m\u00eame les courtes peines devaient \u00eatre effectives et effectu\u00e9es. Un pr\u00e9venu est condamn\u00e9, il a 15\u00a0jours de prison et directement il est incarc\u00e9r\u00e9. Mais il n\u2019y a pas de place en prison\u00a0! On est \u00e0 un taux d\u2019occupation de 180% \u00e0 Avignon avec des matelas par terre sous 39\u00a0degr\u00e9s. Il faut cinq \u00e0 six ans pour former un magistrat. Les greffiers, c\u2019est du m\u00eame acabit. L\u2019administration p\u00e9nitentiaire, c\u2019est pareil. M\u00eame si on avait les structures, de toute fa\u00e7on, on n\u2019aurait pas les moyens humains.<\/p>\n<p><b>Exigez-vous le retrait du texte<\/b><b>\u00a0<\/b><b>?<\/b><\/p>\n<p>A.-C.D. : Le retrait pur et simple. Il n\u2019y a pas de n\u00e9gociation. Je ne vois pas comment on pourrait faire autrement. On est d\u00e9sormais dans une justice de flux. Sauf que l\u00e0, on ne parle pas de bo\u00eetes de conserve, mais d\u2019\u00eatres humains. Il faut du temps pour la justice, pour un proc\u00e8s, surtout p\u00e9nal. Tant pour les pr\u00e9venus ou accus\u00e9s\u00a0\u2013 si on est devant une cour d\u2019assises ou une cour criminelle d\u00e9partementale (CCD)\u00a0\u2013 que pour les victimes, \u00e7a a un vraiment une fonction cathartique.<\/p>\n<\/p><\/div>\n","protected":false},"excerpt":{"rendered":"La Marseillaise : Pourquoi &eacute;tiez-vous mobilis&eacute;e, lundi, contre le projet de loi sur la justice criminelle ?","protected":false},"author":1,"featured_media":34673,"comment_status":"open","ping_status":"open","sticky":false,"template":"","format":"standard","meta":{"footnotes":""},"categories":[3926,3925,20],"tags":[174,343,572,200,5307,3169,171],"news-destination":[3944],"news-source":[475],"is_homepage":[],"ta_other":[],"class_list":["post-34672","post","type-post","status-publish","format-standard","has-post-thumbnail","hentry","category-accueil-merge","category-accueil-third","category-societe","tag-avignon","tag-entretien","tag-france","tag-justice","tag-justice-criminelle","tag-projet-de-loi","tag-vaucluse","news-destination-homepage","news-source-website"],"_links":{"self":[{"href":"https:\/\/euapp01.newsmemory.com\/lamarseillaise\/news\/wp-json\/wp\/v2\/posts\/34672","targetHints":{"allow":["GET"]}}],"collection":[{"href":"https:\/\/euapp01.newsmemory.com\/lamarseillaise\/news\/wp-json\/wp\/v2\/posts"}],"about":[{"href":"https:\/\/euapp01.newsmemory.com\/lamarseillaise\/news\/wp-json\/wp\/v2\/types\/post"}],"author":[{"embeddable":true,"href":"https:\/\/euapp01.newsmemory.com\/lamarseillaise\/news\/wp-json\/wp\/v2\/users\/1"}],"replies":[{"embeddable":true,"href":"https:\/\/euapp01.newsmemory.com\/lamarseillaise\/news\/wp-json\/wp\/v2\/comments?post=34672"}],"version-history":[{"count":1,"href":"https:\/\/euapp01.newsmemory.com\/lamarseillaise\/news\/wp-json\/wp\/v2\/posts\/34672\/revisions"}],"predecessor-version":[{"id":34674,"href":"https:\/\/euapp01.newsmemory.com\/lamarseillaise\/news\/wp-json\/wp\/v2\/posts\/34672\/revisions\/34674"}],"wp:featuredmedia":[{"embeddable":true,"href":"https:\/\/euapp01.newsmemory.com\/lamarseillaise\/news\/wp-json\/wp\/v2\/media\/34673"}],"wp:attachment":[{"href":"https:\/\/euapp01.newsmemory.com\/lamarseillaise\/news\/wp-json\/wp\/v2\/media?parent=34672"}],"wp:term":[{"taxonomy":"category","embeddable":true,"href":"https:\/\/euapp01.newsmemory.com\/lamarseillaise\/news\/wp-json\/wp\/v2\/categories?post=34672"},{"taxonomy":"post_tag","embeddable":true,"href":"https:\/\/euapp01.newsmemory.com\/lamarseillaise\/news\/wp-json\/wp\/v2\/tags?post=34672"},{"taxonomy":"news-destination","embeddable":true,"href":"https:\/\/euapp01.newsmemory.com\/lamarseillaise\/news\/wp-json\/wp\/v2\/news-destination?post=34672"},{"taxonomy":"news-source","embeddable":true,"href":"https:\/\/euapp01.newsmemory.com\/lamarseillaise\/news\/wp-json\/wp\/v2\/news-source?post=34672"},{"taxonomy":"is_homepage","embeddable":true,"href":"https:\/\/euapp01.newsmemory.com\/lamarseillaise\/news\/wp-json\/wp\/v2\/is_homepage?post=34672"},{"taxonomy":"ta_other","embeddable":true,"href":"https:\/\/euapp01.newsmemory.com\/lamarseillaise\/news\/wp-json\/wp\/v2\/ta_other?post=34672"}],"curies":[{"name":"wp","href":"https:\/\/api.w.org\/{rel}","templated":true}]}}