{"id":34669,"date":"2026-06-30T08:16:00","date_gmt":"2026-06-30T06:16:00","guid":{"rendered":"https:\/\/euapp01.newsmemory.com\/lamarseillaise\/news\/?p=34669"},"modified":"2026-07-04T08:19:20","modified_gmt":"2026-07-04T06:19:20","slug":"les-assises-du-droit-de-la-nature-grande-premiere-a-luniversite","status":"publish","type":"post","link":"https:\/\/euapp01.newsmemory.com\/lamarseillaise\/news\/2026\/06\/30\/les-assises-du-droit-de-la-nature-grande-premiere-a-luniversite\/","title":{"rendered":"Les Assises du droit de la nature, grande premi\u00e8re \u00e0 l\u2019universit\u00e9"},"content":{"rendered":"<div class=\"paragraph\">\n<p>La canicule n\u2019est pas qu\u2019un avertissement de plus sur lescons\u00e9quences du changement climatique. Elle est, au m\u00eame titre que les atteintes \u00e0 la biodiversit\u00e9, un appel \u00e0 interroger notre capacit\u00e9 juridique \u00e0 prot\u00e9ger le vivant. C\u2019est autour de cette r\u00e9flexion que sont organis\u00e9es les premi\u00e8res Assises du droit de la nature \u00e0 l\u2019universit\u00e9 de Toulon, de mercredi \u00e0 vendredi. Un \u00e9v\u00e9nement en deux temps. D\u2019abord, les 1<sup>er<\/sup> et 2\u00a0juillet, les 3<sup>es<\/sup> Rencontres de l\u2019Association internationale des procureurs et poursuivants francophones (AIPPF) inviteront magistrats, procureurs et universitaires \u00e0 \u00e9changer sur des cas concrets d\u2019atteintes \u00e0 l\u2019environnement.<\/p>\n<p>Vendredi, place \u00e0 l\u2019Assembl\u00e9e de la Terre &#8211; France, avec citoyens et personnalit\u00e9s qualifi\u00e9es, et <a rel=\"noopener noreferrer\" href=\"https:\/\/www.lamarseillaise.fr\/environnement\/toulon-donne-le-coup-d-envoi-des-assemblees-de-la-terre-GL18463656\" target=\"_blank\">lanc\u00e9e \u00e0 Toulon en juillet\u00a02025 dans la lign\u00e9e du programme onusien \u00ab\u00a0Harmony with Nature<\/a>\u00a0\u00bb<i>. <\/i>Sa fondatrice, Maria Mercedes Sanchez, sera pr\u00e9sente. <a rel=\"noopener noreferrer\" href=\"https:\/\/www.lamarseillaise.fr\/environnement\/premier-point-d-experts-pour-les-assemblees-de-la-terre-LF18844681\" target=\"_blank\">Seront pr\u00e9sent\u00e9s les travaux de la premi\u00e8re ann\u00e9e sur le th\u00e8me de la nature<\/a>, visant \u00e0 r\u00e9\u00e9crire les Objectifs de d\u00e9veloppement durable de 2015 en vue du Sommet de la Terre 2030.<\/p>\n<\/p><\/div>\n","protected":false},"excerpt":{"rendered":"La canicule n&rsquo;est pas qu&rsquo;un avertissement de plus sur lescons&eacute;quences du changement climatique. Elle est, au m&ecirc;me titre que les atteintes &agrave; la biodiversit&eacute;, un appel &agrave; interroger notre capacit&eacute; &#8230;","protected":false},"author":1,"featured_media":34670,"comment_status":"open","ping_status":"open","sticky":false,"template":"","format":"standard","meta":{"footnotes":""},"categories":[3926,3925,333],"tags":[84,207,511,796,1721,2336,1541,938,38,383,597,1615,31],"news-destination":[3944],"news-source":[475],"is_homepage":[],"ta_other":[],"class_list":["post-34669","post","type-post","status-publish","format-standard","has-post-thumbnail","hentry","category-accueil-merge","category-accueil-third","category-environnement","tag-biodiversite","tag-changement-climatique","tag-citoyens","tag-developpement-durable","tag-droit","tag-droit-de-lenvironnement","tag-magistrats","tag-nature","tag-programme","tag-terre","tag-toulon","tag-universite","tag-var","news-destination-homepage","news-source-website"],"_links":{"self":[{"href":"https:\/\/euapp01.newsmemory.com\/lamarseillaise\/news\/wp-json\/wp\/v2\/posts\/34669","targetHints":{"allow":["GET"]}}],"collection":[{"href":"https:\/\/euapp01.newsmemory.com\/lamarseillaise\/news\/wp-json\/wp\/v2\/posts"}],"about":[{"href":"https:\/\/euapp01.newsmemory.com\/lamarseillaise\/news\/wp-json\/wp\/v2\/types\/post"}],"author":[{"embeddable":true,"href":"https:\/\/euapp01.newsmemory.com\/lamarseillaise\/news\/wp-json\/wp\/v2\/users\/1"}],"replies":[{"embeddable":true,"href":"https:\/\/euapp01.newsmemory.com\/lamarseillaise\/news\/wp-json\/wp\/v2\/comments?post=34669"}],"version-history":[{"count":1,"href":"https:\/\/euapp01.newsmemory.com\/lamarseillaise\/news\/wp-json\/wp\/v2\/posts\/34669\/revisions"}],"predecessor-version":[{"id":34671,"href":"https:\/\/euapp01.newsmemory.com\/lamarseillaise\/news\/wp-json\/wp\/v2\/posts\/34669\/revisions\/34671"}],"wp:featuredmedia":[{"embeddable":true,"href":"https:\/\/euapp01.newsmemory.com\/lamarseillaise\/news\/wp-json\/wp\/v2\/media\/34670"}],"wp:attachment":[{"href":"https:\/\/euapp01.newsmemory.com\/lamarseillaise\/news\/wp-json\/wp\/v2\/media?parent=34669"}],"wp:term":[{"taxonomy":"category","embeddable":true,"href":"https:\/\/euapp01.newsmemory.com\/lamarseillaise\/news\/wp-json\/wp\/v2\/categories?post=34669"},{"taxonomy":"post_tag","embeddable":true,"href":"https:\/\/euapp01.newsmemory.com\/lamarseillaise\/news\/wp-json\/wp\/v2\/tags?post=34669"},{"taxonomy":"news-destination","embeddable":true,"href":"https:\/\/euapp01.newsmemory.com\/lamarseillaise\/news\/wp-json\/wp\/v2\/news-destination?post=34669"},{"taxonomy":"news-source","embeddable":true,"href":"https:\/\/euapp01.newsmemory.com\/lamarseillaise\/news\/wp-json\/wp\/v2\/news-source?post=34669"},{"taxonomy":"is_homepage","embeddable":true,"href":"https:\/\/euapp01.newsmemory.com\/lamarseillaise\/news\/wp-json\/wp\/v2\/is_homepage?post=34669"},{"taxonomy":"ta_other","embeddable":true,"href":"https:\/\/euapp01.newsmemory.com\/lamarseillaise\/news\/wp-json\/wp\/v2\/ta_other?post=34669"}],"curies":[{"name":"wp","href":"https:\/\/api.w.org\/{rel}","templated":true}]}}