{"id":34666,"date":"2026-06-30T08:33:00","date_gmt":"2026-06-30T06:33:00","guid":{"rendered":"https:\/\/euapp01.newsmemory.com\/lamarseillaise\/news\/?p=34666"},"modified":"2026-07-04T08:54:03","modified_gmt":"2026-07-04T06:54:03","slug":"la-reduction-des-services-postaux-denoncee-par-la-cgt","status":"publish","type":"post","link":"https:\/\/euapp01.newsmemory.com\/lamarseillaise\/news\/2026\/06\/30\/la-reduction-des-services-postaux-denoncee-par-la-cgt\/","title":{"rendered":"La r\u00e9duction des services postaux d\u00e9nonc\u00e9e par la CGT"},"content":{"rendered":"<div class=\"paragraph\">\n<p>\u00ab <i>L<\/i><i>a Poste se retire progressivement de nos territoires, on a appris la semaine derni\u00e8re qu\u2019une grande partie du bureau de Chorges allait fermer<\/i><i>\u00a0<\/i>\u00bb, affirme Alexandra Pourroy, d\u00e9l\u00e9gu\u00e9e syndicale CGT Activit\u00e9s postales et de t\u00e9l\u00e9communications (Fapt). Pour elle, il s\u2019agit d\u2019une nouvelle d\u00e9gradation d\u2019un service pourtant essentiel en milieu rural. \u00ab<i>\u00a0<\/i><i>Il y aura toujours un guichet, mais les facteurs qui desservent le secteur ne partiront plus de Chorges. Du jour au lendemain, on leur dit qu\u2019ils partiraient de Gap ou de Savines-le-Lac.<\/i><i>\u00a0<\/i>\u00bb<\/p>\n<\/p><\/div>\n<div class=\"intext\"> \u00ab Une \u00e9tude en cours sur l\u2019organisation des facteurs\u00a0\u00bb\n              <\/div>\n<div class=\"paragraph\">\n<p>Un bouleversement qui s\u2019apparente selon elle \u00e0 un \u00ab\u00a0<i>petit drame humain pour les salari\u00e9s<\/i>\u00a0\u00bb. \u00ab<i>\u00a0<\/i><i>Si l\u2019on a achet\u00e9 \u00e0 Chorges eh bien il faudra aller prendre son service tous les matins \u00e0 Gap<\/i><i>\u00a0<\/i>\u00bb<i>, <\/i>d\u2019autant plus que<i> <\/i>\u00ab<i>\u00a0<\/i><i>si le facteur qui livre le courrier \u00e0 Chorges part de Gap, sa journ\u00e9e en est donc rallong\u00e9e et les personnes recevront le courrier d\u2019autant plus tard<\/i><i>\u00a0<\/i>\u00bb. Alexandra Pourroy d\u00e9crit une situation \u00ab<i>\u00a0<\/i><i>anxiog\u00e8ne<\/i><i>\u00a0<\/i>\u00bb<i> <\/i>pour les salari\u00e9s\u00a0: \u00ab<i> On les a pr\u00e9venus que \u00e7a allait changer vite, mais on n\u2019a pas les infos d\u00e9finitives.<\/i><i>\u00a0<\/i>\u00bb Elle d\u00e9plore aussi une op\u00e9ration mise en place \u00ab<i>\u00a0<\/i><i>dans la plus grande opacit\u00e9<\/i><i>\u00a0<\/i>\u00bb pour les usagers, qui d\u00e9couvriront le par eux-m\u00eames \u00ab<i>\u00a0<\/i><i>le jour o\u00f9 leur courrier sera livr\u00e9 \u00e0 11h et plus \u00e0 8h<\/i><i>\u00a0<\/i>\u00bb<i>.<\/i><\/p>\n<p>De son c\u00f4t\u00e9, La Poste affirme que<i> <\/i>\u00ab<i>\u00a0<\/i><i>le bureau de Chorges n\u2019est pas concern\u00e9 par un projet de fermeture<\/i><i>\u00a0<\/i>\u00bb, et qu\u2019\u00ab<i>\u00a0<\/i><i>une \u00e9tude est en cours concernant l\u2019organisation des facteurs<\/i><i>\u00a0<\/i>\u00bb. Cette fermeture s\u2019ajouterait \u00e0 un contexte d\u00e9j\u00e0 tendu alors que la CGT Fapt 05 a publi\u00e9, la semaine derni\u00e8re, un communiqu\u00e9 d\u00e9non\u00e7ant le manque de revalorisation des facteurs, pay\u00e9s selon le syndicat 1\u00a0600 euros nets apr\u00e8s 25\u00a0ans d\u2019anciennet\u00e9.<\/p>\n<\/p><\/div>\n","protected":false},"excerpt":{"rendered":"&laquo; La Poste se retire progressivement de nos territoires, on a appris la semaine derni&egrave;re qu&rsquo;une grande partie du bureau de Chorges allait fermer&nbsp;&raquo;, affirme Alexandra Pourroy, d&eacute;l&eacute;gu&eacute;e syndicale CGT &#8230;","protected":false},"author":1,"featured_media":34667,"comment_status":"open","ping_status":"open","sticky":false,"template":"","format":"standard","meta":{"footnotes":""},"categories":[3926,3925,331],"tags":[4768,113,1809,3719,210,271,2840,53],"news-destination":[3944],"news-source":[475],"is_homepage":[],"ta_other":[],"class_list":["post-34666","post","type-post","status-publish","format-standard","has-post-thumbnail","hentry","category-accueil-merge","category-accueil-third","category-social","tag-alpes","tag-cgt","tag-droit-du-travail","tag-facteur","tag-la-poste","tag-precarite","tag-surcharge","tag-travail","news-destination-homepage","news-source-website"],"_links":{"self":[{"href":"https:\/\/euapp01.newsmemory.com\/lamarseillaise\/news\/wp-json\/wp\/v2\/posts\/34666","targetHints":{"allow":["GET"]}}],"collection":[{"href":"https:\/\/euapp01.newsmemory.com\/lamarseillaise\/news\/wp-json\/wp\/v2\/posts"}],"about":[{"href":"https:\/\/euapp01.newsmemory.com\/lamarseillaise\/news\/wp-json\/wp\/v2\/types\/post"}],"author":[{"embeddable":true,"href":"https:\/\/euapp01.newsmemory.com\/lamarseillaise\/news\/wp-json\/wp\/v2\/users\/1"}],"replies":[{"embeddable":true,"href":"https:\/\/euapp01.newsmemory.com\/lamarseillaise\/news\/wp-json\/wp\/v2\/comments?post=34666"}],"version-history":[{"count":1,"href":"https:\/\/euapp01.newsmemory.com\/lamarseillaise\/news\/wp-json\/wp\/v2\/posts\/34666\/revisions"}],"predecessor-version":[{"id":34668,"href":"https:\/\/euapp01.newsmemory.com\/lamarseillaise\/news\/wp-json\/wp\/v2\/posts\/34666\/revisions\/34668"}],"wp:featuredmedia":[{"embeddable":true,"href":"https:\/\/euapp01.newsmemory.com\/lamarseillaise\/news\/wp-json\/wp\/v2\/media\/34667"}],"wp:attachment":[{"href":"https:\/\/euapp01.newsmemory.com\/lamarseillaise\/news\/wp-json\/wp\/v2\/media?parent=34666"}],"wp:term":[{"taxonomy":"category","embeddable":true,"href":"https:\/\/euapp01.newsmemory.com\/lamarseillaise\/news\/wp-json\/wp\/v2\/categories?post=34666"},{"taxonomy":"post_tag","embeddable":true,"href":"https:\/\/euapp01.newsmemory.com\/lamarseillaise\/news\/wp-json\/wp\/v2\/tags?post=34666"},{"taxonomy":"news-destination","embeddable":true,"href":"https:\/\/euapp01.newsmemory.com\/lamarseillaise\/news\/wp-json\/wp\/v2\/news-destination?post=34666"},{"taxonomy":"news-source","embeddable":true,"href":"https:\/\/euapp01.newsmemory.com\/lamarseillaise\/news\/wp-json\/wp\/v2\/news-source?post=34666"},{"taxonomy":"is_homepage","embeddable":true,"href":"https:\/\/euapp01.newsmemory.com\/lamarseillaise\/news\/wp-json\/wp\/v2\/is_homepage?post=34666"},{"taxonomy":"ta_other","embeddable":true,"href":"https:\/\/euapp01.newsmemory.com\/lamarseillaise\/news\/wp-json\/wp\/v2\/ta_other?post=34666"}],"curies":[{"name":"wp","href":"https:\/\/api.w.org\/{rel}","templated":true}]}}