{"id":34660,"date":"2026-06-30T08:21:00","date_gmt":"2026-06-30T06:21:00","guid":{"rendered":"https:\/\/euapp01.newsmemory.com\/lamarseillaise\/news\/?p=34660"},"modified":"2026-07-04T08:43:28","modified_gmt":"2026-07-04T06:43:28","slug":"les-finances-de-la-metropole-sinvitent-au-conseil-municipal-daix","status":"publish","type":"post","link":"https:\/\/euapp01.newsmemory.com\/lamarseillaise\/news\/2026\/06\/30\/les-finances-de-la-metropole-sinvitent-au-conseil-municipal-daix\/","title":{"rendered":"Les finances de la M\u00e9tropole s\u2019invitent au conseil municipal d\u2019Aix"},"content":{"rendered":"<div class=\"paragraph\">\n<p>C\u2019\u00e9tait un sujet \u00e9quivalent \u00e0 l\u2019\u00e9l\u00e9phant dans la pi\u00e8ce. La situation budg\u00e9taire de la M\u00e9tropole est de nouveau intervenue en conseil municipal, tenu ce lundi 29 juin, en salle des \u00c9tats de Provence. La question a \u00e9t\u00e9 lanc\u00e9e par Marc Pena (PS), \u00e0 la t\u00eate du groupe Aix Avenir. \u00ab<i>\u00a0<\/i><i>Autrefois vous d\u00e9nonciez une monstropole. Aujourd\u2019hui, vous nous dites que vous \u00eates vice-pr\u00e9sidente d\u2019une n\u00e9cropole<\/i><i>\u00a0<\/i>\u00bb, adresse-t-il au maire, Sophie Joissains (UDI), vice-pr\u00e9sidente de la M\u00e9tropole<i>. <\/i>\u00ab<i>\u00a0<\/i><i>La M\u00e9tropole repr\u00e9sente des comp\u00e9tences, importantes, elle est un acteur essentiel de notre territoire. Je vous demanderais ce que vous appelez aujourd\u2019hui une n\u00e9cropole<\/i><i>\u00a0<\/i><i>?<\/i><i>\u00a0<\/i>\u00bb<\/p>\n<p>Non sans rappeler, les causes et cons\u00e9quences de ce trou financier \u00ab<i>\u00a0<\/i><i>de 123<\/i><i>\u00a0<\/i><i>millions d\u2019euros<\/i><i>\u00a0<\/i>\u00bb<i>, <\/i>voire<i> <\/i>\u00ab<i>\u00a0<\/i><i>selon d\u2019autres calculs<\/i><i>\u00a0<\/i>\u00bb 144\u00a0millions d\u2019euros, estime Marc Pena.<i> <\/i>\u00ab<i>\u00a0<\/i><i>Vous \u00eates dans l\u2019ex\u00e9cutif, je voudrais savoir ce que vous pensez de la situation. Vous pensez que la M\u00e9tropole telle qu\u2019elle est aujourd\u2019hui ne peut plus fonctionner<\/i><i>\u00a0<\/i><i>? Elle a \u00e9t\u00e9 mal n\u00e9e, mal construite, \u00e7a chacun le sait, et est-ce que donc, les r\u00e9flexions iraient jusqu\u2019\u00e0 des changements exceptionnels extr\u00eamement importants sur le territoire<\/i><i>\u00a0<\/i><i>? \u00c0 ce moment-l\u00e0, on n\u2019entrerait pas seulement dans une crise, mais une rupture et une r\u00e9volution par rapport \u00e0 ce qui existe aujourd\u2019hui.<\/i><i>\u00a0<\/i>\u00bb<i><\/i><\/p>\n<p>\u00c0 ce stade, deux options. D\u2019un c\u00f4t\u00e9, la Chambre r\u00e9gionale des comptes recommande de r\u00e9duire fortement la dotation de solidarit\u00e9 communautaire (DSC), \u00e0 hauteur d\u2019environ 53\u00a0millions d\u2019euros, ce qui repr\u00e9senterait pr\u00e8s de 1,4\u00a0million d\u2019euros pour Aix. De l\u2019autre, le pr\u00e9fet privil\u00e9gie des \u00e9conomies sur les attributions de compensation (AC), \u00e9galement pour un montant d\u2019environ 53 millions, dont l\u2019impact pour Aix est estim\u00e9 \u00e0 5\u00a0millions d\u2019euros par la majorit\u00e9.<\/p>\n<\/p><\/div>\n<div class=\"intext\"> <\/div>\n<div class=\"intext\"> Positions r\u00e9affirm\u00e9es\n              <\/div>\n<div class=\"paragraph\">\n<p>S\u2019ajoute \u00e0 cela<i> <\/i>\u00ab<i>\u00a0<\/i><i>le budget annexe des transports qui raye les finances m\u00e9tropolitaines. <\/i>(&#8230;.) <i>Ce budget a une capacit\u00e9 d\u2019investissement importante qui a \u00e9t\u00e9 abond\u00e9e du reste par l\u2019\u00c9tat \u00e0 hauteur de milliards, cela pousse \u00e0 l\u2019investissement, sauf qu\u2019il n\u2019y a pas de recette en place<\/i>, analysait de son c\u00f4t\u00e9 Sophie Joissains. <i>Notre territoire ayant besoin de se moderniser en mati\u00e8re de transport, nous sommes face \u00e0 un \u00e9cueil majeur et qui ne pourrait, si l\u2019on reste dans cette disposition, que se creuser dans les ann\u00e9es \u00e0 venir. Aujourd\u2019hui, la pr\u00e9vision pour 2027 serait de 245<\/i><i>\u00a0<\/i><i>millions d\u2019euros de dette.<\/i><i>\u00a0<\/i>\u00bb<\/p>\n<p>De ces d\u00e9bats d\u00e9coulent plusieurs propositions. Du point de vue du maire, adopter un mod\u00e8le de transports m\u00e9tropolitains \u00e0 l\u2019image de celui du Grand Paris (syndicat mixte) pourrait \u00eatre une option. Comme cette piste de partition m\u00e9tropolitaine, que \u00ab\u00a0<i>l\u2019on regarde avec des yeux de Chim\u00e8re<\/i>\u00a0\u00bb pour \u00ab\u00a0<i>travailler plus facilement aux int\u00e9r\u00eats de nos territoires<\/i>\u00a0\u00bb, dressait Sophie Joissains.<i> <\/i>\u00ab<i>\u00a0<\/i><i>Ce sera aux maires de s\u2019exprimer, par rapport aux observations. Mais rien ne pourra se faire sans l\u2019aide de l\u2019<\/i><i><span class=\"mln_uppercase_mln\">\u00e9<\/span><\/i><i>tat<\/i><i>\u00a0<\/i>\u00bb<i>,<\/i> rappelait le maire.<\/p>\n<p>C\u00f4t\u00e9 oppositions, le RN appelle \u00e0 \u00ab<i>\u00a0<\/i><i>regarder tr\u00e8s s\u00e9rieusement quelles \u00e9conomies on pourrait faire<\/i><i>\u00a0<\/i>\u00bb<i>,<\/i> lan\u00e7ait Jean-Louis Geiger. Agn\u00e8s Daures, pour le groupe Aix Avenir (DVG), appelle \u00e0<i> <\/i>\u00ab<i>\u00a0<\/i><i>aller chercher l\u2019argent l\u00e0 o\u00f9 il est<\/i><i>\u00a0<\/i>\u00bb<i>, <\/i>estimant que<i> <\/i>\u00ab<i>\u00a0<\/i><i>personne ne veut parler de taxe fonci\u00e8re sur les r\u00e9sidences secondaires<\/i><i>\u00a0<\/i>\u00bb<i>. <\/i>\u00ab<i>\u00a0<\/i><i>Aujourd\u2019hui, la France enti\u00e8re est appel\u00e9e \u00e0 faire des \u00e9conomies<\/i><i>\u00a0<\/i>\u00bb<i>,<\/i> rappelait Sophie Joissains. Mais l\u2019augmentation de l\u2019imp\u00f4t, \u00ab<i>\u00a0<\/i><i>j\u2019y suis fondamentalement oppos\u00e9e.<\/i><i>\u00a0<\/i>\u00bb <i><\/i><\/p>\n<\/p><\/div>\n<div class=\"paragraph\">\n<p><b>EN BREF<\/b><\/p>\n<p><b>Attributions financi\u00e8res aux associations<\/b><\/p>\n<p>Au total, 19 000 euros seront r\u00e9partis entre neuf associations de la Ville d\u2019Aix. Sur cette enveloppe, 7 000 euros seront partag\u00e9s entre quatre centres sociaux de la ville dans le cadre de l\u2019appel \u00e0 projets \u00ab Ouverture estivale des centres sociaux 2026 \u00bb. 5 500 euros sont notamment attribu\u00e9s au fonctionnement de trois autres associations, dont l\u2019Apers, \u00ab<i> service d\u2019aide aux victimes et d\u2019activit\u00e9 judiciaire <\/i>\u00bb, qui re\u00e7oit une subvention de 3 500 euros.<\/p>\n<p><b>L\u2019affaire des arbres vandalis\u00e9s suit son cours<\/b><\/p>\n<p>Pour Herv\u00e9 Guerrera (POC) c\u2019est un \u00ab <i>commando <\/i>\u00bb qui aurait d\u00e9grad\u00e9 les arbres du cours Mirabeau. Fin mai, trois individus ont \u00e9t\u00e9 film\u00e9s par les cam\u00e9ras de la Ville ab\u00eemant les arbres longeant cet axe principal. Marc F\u00e9raud, conseiller municipal aux espaces verts, pr\u00e9cise que \u00ab<i> la Ville a d\u00e9pos\u00e9 plainte et s\u2019est constitu\u00e9 partie civile. Il y en a 12 bien d\u00e9chiquet\u00e9s et 17 un peu moins. On a r\u00e9par\u00e9 les blessures de fa\u00e7on propre <\/i>(&#8230;),<i> tous les deux jours, c\u2019est surveill\u00e9, \u00e7a s\u2019est arr\u00eat\u00e9<\/i> \u00bb.<i> <\/i>Mireille Lazare, adjointe \u00e0 la s\u00e9curit\u00e9, r\u00e9fute le terme de \u00ab <i>commando <\/i>\u00bb. \u00ab<i> Nous avons identifi\u00e9 trois jeunes, sur le cours Mirabeau, en train de discuter. \u00c0 un moment, l\u2019un d\u2019entre eux a pel\u00e9 l\u2019arbre de fa\u00e7on verticale. Ces trois personnes n\u2019ont pas \u00e9t\u00e9 identifi\u00e9es pour le moment. L\u2019affaire suit son cours <\/i>\u00bb, conclut Mireille Lazare.<\/p>\n<p><b>Plusieurs mesures pour la canicule<\/b><\/p>\n<p>La majorit\u00e9 a d\u00e9taill\u00e9 les dispositifs mis en place. Parmi eux, le lancement du \u00ab plan canicule pour les personnes sans-abri \u00bb, ainsi que les maraudes r\u00e9guli\u00e8res des Restos du C\u0153ur, du Secours populaire, du CCAS et de la Croix-Rouge. La halte de jour de la cit\u00e9 Germain-Nouveau reste ouverte et propose des douches gratuites, comme celles propos\u00e9es par la Croix-Rouge. La Ville maintient un centre d\u2019appels destin\u00e9 aux seniors isol\u00e9s. D\u00e9tails sur le site de la Ville.<\/p>\n<\/p><\/div>\n","protected":false},"excerpt":{"rendered":"C&rsquo;&eacute;tait un sujet &eacute;quivalent &agrave; l&rsquo;&eacute;l&eacute;phant dans la pi&egrave;ce. La situation budg&eacute;taire de la M&eacute;tropole est de nouveau intervenue en conseil municipal, tenu ce lundi 29 juin, en salle des &#8230;","protected":false},"author":1,"featured_media":34661,"comment_status":"open","ping_status":"open","sticky":false,"template":"","format":"standard","meta":{"footnotes":""},"categories":[3926,3925,330],"tags":[556,2605,138,10,430,372,591,148,822,1269,2767,535,1567,1658,666],"news-destination":[3944],"news-source":[475],"is_homepage":[],"ta_other":[],"class_list":["post-34660","post","type-post","status-publish","format-standard","has-post-thumbnail","hentry","category-accueil-merge","category-accueil-third","category-politique","tag-aix-en-provence","tag-arbres","tag-associations","tag-bouches-du-rhone","tag-budget","tag-canicule","tag-chambre-regionale-des-comptes","tag-conseil-municipal","tag-coupes-budgetaires","tag-debats","tag-marc-pena","tag-metropole","tag-prefet","tag-sophie-joissains","tag-transports","news-destination-homepage","news-source-website"],"_links":{"self":[{"href":"https:\/\/euapp01.newsmemory.com\/lamarseillaise\/news\/wp-json\/wp\/v2\/posts\/34660","targetHints":{"allow":["GET"]}}],"collection":[{"href":"https:\/\/euapp01.newsmemory.com\/lamarseillaise\/news\/wp-json\/wp\/v2\/posts"}],"about":[{"href":"https:\/\/euapp01.newsmemory.com\/lamarseillaise\/news\/wp-json\/wp\/v2\/types\/post"}],"author":[{"embeddable":true,"href":"https:\/\/euapp01.newsmemory.com\/lamarseillaise\/news\/wp-json\/wp\/v2\/users\/1"}],"replies":[{"embeddable":true,"href":"https:\/\/euapp01.newsmemory.com\/lamarseillaise\/news\/wp-json\/wp\/v2\/comments?post=34660"}],"version-history":[{"count":1,"href":"https:\/\/euapp01.newsmemory.com\/lamarseillaise\/news\/wp-json\/wp\/v2\/posts\/34660\/revisions"}],"predecessor-version":[{"id":34662,"href":"https:\/\/euapp01.newsmemory.com\/lamarseillaise\/news\/wp-json\/wp\/v2\/posts\/34660\/revisions\/34662"}],"wp:featuredmedia":[{"embeddable":true,"href":"https:\/\/euapp01.newsmemory.com\/lamarseillaise\/news\/wp-json\/wp\/v2\/media\/34661"}],"wp:attachment":[{"href":"https:\/\/euapp01.newsmemory.com\/lamarseillaise\/news\/wp-json\/wp\/v2\/media?parent=34660"}],"wp:term":[{"taxonomy":"category","embeddable":true,"href":"https:\/\/euapp01.newsmemory.com\/lamarseillaise\/news\/wp-json\/wp\/v2\/categories?post=34660"},{"taxonomy":"post_tag","embeddable":true,"href":"https:\/\/euapp01.newsmemory.com\/lamarseillaise\/news\/wp-json\/wp\/v2\/tags?post=34660"},{"taxonomy":"news-destination","embeddable":true,"href":"https:\/\/euapp01.newsmemory.com\/lamarseillaise\/news\/wp-json\/wp\/v2\/news-destination?post=34660"},{"taxonomy":"news-source","embeddable":true,"href":"https:\/\/euapp01.newsmemory.com\/lamarseillaise\/news\/wp-json\/wp\/v2\/news-source?post=34660"},{"taxonomy":"is_homepage","embeddable":true,"href":"https:\/\/euapp01.newsmemory.com\/lamarseillaise\/news\/wp-json\/wp\/v2\/is_homepage?post=34660"},{"taxonomy":"ta_other","embeddable":true,"href":"https:\/\/euapp01.newsmemory.com\/lamarseillaise\/news\/wp-json\/wp\/v2\/ta_other?post=34660"}],"curies":[{"name":"wp","href":"https:\/\/api.w.org\/{rel}","templated":true}]}}