{"id":34657,"date":"2026-06-30T08:05:00","date_gmt":"2026-06-30T06:05:00","guid":{"rendered":"https:\/\/euapp01.newsmemory.com\/lamarseillaise\/news\/?p=34657"},"modified":"2026-07-04T08:04:38","modified_gmt":"2026-07-04T06:04:38","slug":"a-aubagne-la-cohesion-sociale-au-coeur-des-projets-du-charrel","status":"publish","type":"post","link":"https:\/\/euapp01.newsmemory.com\/lamarseillaise\/news\/2026\/06\/30\/a-aubagne-la-cohesion-sociale-au-coeur-des-projets-du-charrel\/","title":{"rendered":"\u00c0 Aubagne, la coh\u00e9sion sociale au c\u0153ur des projets du Charrel"},"content":{"rendered":"<div class=\"paragraph\">\n<p>Alors qu\u2019un appel \u00e0 projets a \u00e9t\u00e9 lanc\u00e9 le 18\u00a0juin dans le cadre du Contrat de Ville\u00a0&#8211; dispositif alliant l\u2019\u00c9tat et les collectivit\u00e9s territoriales et cherchant \u00e0 am\u00e9liorer la coh\u00e9sion sociale, l\u2019insertion professionnelle et le cadre de vie dans les quartiers prioritaires &#8211; plusieurs rencontres sont pr\u00e9vues entre habitants, acteurs associatifs et repr\u00e9sentants institutionnels pour identifier les besoins concrets des territoires concern\u00e9s.<\/p>\n<p>Lundi matin, c\u2019est dans la maison de quartier du Charrel, seul quartier prioritaire d\u2019Aubagne, qu\u2019associations et collectivit\u00e9s se sont r\u00e9unies pour \u00e9changer sur les actions susceptibles d\u2019\u00eatre mises en place dans le secteur. \u00ab\u00a0<i>On entre dans la phase de coconstruction, qui correspond \u00e0 la suite de l\u2019appel \u00e0 projets<\/i>, explique Karim Bentahar, charg\u00e9 de mission politique de la Ville d\u2019Aubagne. <i>On va dans chaque quartier <\/i>[concern\u00e9 par le Contrat de ville, Ndlr] <i>pour reconstruire avec les habitants et les associations la future programmation de 2027. Ce matin, nous \u00e9tions au Charrel, cet apr\u00e8s-midi, nous serons en centre-ville et mercredi matin \u00e0 la Tourtelle<\/i> [qui entre dans des poches de pr\u00e9carit\u00e9, Ndlr].\u00a0\u00bb<\/p>\n<p>L\u2019objectif du repr\u00e9sentant de la Ville est \u00e9galement d\u2019\u00e9valuer les niveaux de subventions \u00e0 accorder aux diff\u00e9rentes associations, en fonction des besoins identifi\u00e9s.<\/p>\n<p>Au c\u0153ur des \u00e9changes de la matin\u00e9e\u00a0: la volont\u00e9 d\u2019adapter l\u2019offre associative afin d\u2019inciter les r\u00e9sidents \u00e0 davantage vivre leur quartier. \u00ab<i>\u00a0<\/i><i>Nous sommes pass\u00e9s par des p\u00e9riodes o\u00f9 un sentiment d\u2019ins\u00e9curit\u00e9 a pouss\u00e9 les habitants du quartier \u00e0 se replier chez eux<\/i><i>\u00a0<\/i><i>\u00bb<\/i>, juge Miguel Nosibor, install\u00e9 au Charrel depuis 30\u00a0ans et fondateur de la compagnie En phase, association culturelle imagin\u00e9e pour cr\u00e9er du lien social gr\u00e2ce \u00e0 la danse hip-hop. \u00ab<i>\u00a0<\/i><i>Mais je constate, depuis un certain temps, que les familles s\u2019emparent de nouveau des espaces communs. Les questions \u00e0 se poser sont les suivantes<\/i><i>\u00a0<\/i><i>: qu\u2019est-ce qui a permis \u00e7a<\/i><i>\u00a0<\/i><i>? Comment faire grandir cette dynamique et s\u2019assurer qu\u2019elle ne retombe pas<\/i><i>\u00a0<\/i><i>?<\/i><i>\u00a0<\/i>\u00bb<i><\/i><\/p>\n<p>Parmi les solutions envisag\u00e9es\u00a0: renforcer la pr\u00e9sence des associations afin de cr\u00e9er, avec les habitants, une relation de confiance durable. \u00ab\u00a0<i>La base de tout est le lien que l\u2019on arrive \u00e0 \u00e9tablir avec les habitants<\/i><i>\u00a0<\/i>\u00bb, insiste une repr\u00e9sentante de l\u2019\u00c9cole des parents et des \u00e9ducateurs (EPE) 13, structure d\u2019\u00e9ducation populaire au service des parents, des jeunes, des familles. \u00ab<i>\u00a0<\/i><i>Sur tous les quartiers o\u00f9 l\u2019on intervient, c\u2019est un travail de longue haleine. Il faut \u00eatre patients et occuper l\u2019espace, d\u00e9ambuler dans le quartier et poser des tables en pied d\u2019immeuble.<\/i><i>\u00a0<\/i>\u00bb<i><\/i><\/p>\n<p><i><\/i><\/p>\n<\/p><\/div>\n<div class=\"intext\"> \u00ab\u00a0Il ne faut pas les d\u00e9cevoir\u00a0\u00bb\n              <\/div>\n<div class=\"paragraph\">\n<p>R\u00e9fl\u00e9chir aux m\u00e9thodes qui permettent de \u00ab\u00a0<i>rencontrer un quartier<\/i>\u00a0\u00bb, c\u2019est ce pour quoi ont plaid\u00e9 de nombreux participants. L\u2019une des cl\u00e9s r\u00e9side, selon Slimane Boughanemi, directeur de Contact Club, une association de pr\u00e9vention accompagnant les jeunes et les familles, dans la mise en place d\u2019actions concr\u00e8tes r\u00e9pondant aux premi\u00e8res demandes exprim\u00e9es. \u00ab\u00a0<i>La semaine derni\u00e8re, on a pu rencontrer une cinquantaine de jeunes. C\u2019\u00e9tait un vrai plaisir car on a pu recueillir des demandes concr\u00e8tes. Il y a une v\u00e9ritable dynamique sur le territoire que je n\u2019observe pas ailleurs. Mais il ne faut pas les d\u00e9cevoir, car s\u2019ils se prennent un mur, nous perdrons le lien<\/i><i>\u00a0<\/i><i>\u00bb, <\/i>souligne-t-il.<\/p>\n<\/p><\/div>\n","protected":false},"excerpt":{"rendered":"Alors qu&rsquo;un appel &agrave; projets a &eacute;t&eacute; lanc&eacute; le 18&nbsp;juin dans le cadre du Contrat de Ville&nbsp;&#8211; dispositif alliant l&rsquo;&Eacute;tat et les collectivit&eacute;s territoriales et cherchant &agrave; &#8230;","protected":false},"author":1,"featured_media":34658,"comment_status":"open","ping_status":"open","sticky":false,"template":"","format":"standard","meta":{"footnotes":""},"categories":[3926,3925,331,20],"tags":[1123,138,493,10,181,945,208,1370,106,5985,508,269,916,137],"news-destination":[3944],"news-source":[475],"is_homepage":[],"ta_other":[],"class_list":["post-34657","post","type-post","status-publish","format-standard","has-post-thumbnail","hentry","category-accueil-merge","category-accueil-third","category-social","category-societe","tag-appel-a-projets","tag-associations","tag-aubagne","tag-bouches-du-rhone","tag-centre-ville","tag-cohesion-sociale","tag-collectivites","tag-contrat","tag-habitants","tag-karim-bentahar","tag-politique-de-la-ville","tag-quartiers-prioritaires","tag-subventions","tag-territoire","news-destination-homepage","news-source-website"],"_links":{"self":[{"href":"https:\/\/euapp01.newsmemory.com\/lamarseillaise\/news\/wp-json\/wp\/v2\/posts\/34657","targetHints":{"allow":["GET"]}}],"collection":[{"href":"https:\/\/euapp01.newsmemory.com\/lamarseillaise\/news\/wp-json\/wp\/v2\/posts"}],"about":[{"href":"https:\/\/euapp01.newsmemory.com\/lamarseillaise\/news\/wp-json\/wp\/v2\/types\/post"}],"author":[{"embeddable":true,"href":"https:\/\/euapp01.newsmemory.com\/lamarseillaise\/news\/wp-json\/wp\/v2\/users\/1"}],"replies":[{"embeddable":true,"href":"https:\/\/euapp01.newsmemory.com\/lamarseillaise\/news\/wp-json\/wp\/v2\/comments?post=34657"}],"version-history":[{"count":1,"href":"https:\/\/euapp01.newsmemory.com\/lamarseillaise\/news\/wp-json\/wp\/v2\/posts\/34657\/revisions"}],"predecessor-version":[{"id":34659,"href":"https:\/\/euapp01.newsmemory.com\/lamarseillaise\/news\/wp-json\/wp\/v2\/posts\/34657\/revisions\/34659"}],"wp:featuredmedia":[{"embeddable":true,"href":"https:\/\/euapp01.newsmemory.com\/lamarseillaise\/news\/wp-json\/wp\/v2\/media\/34658"}],"wp:attachment":[{"href":"https:\/\/euapp01.newsmemory.com\/lamarseillaise\/news\/wp-json\/wp\/v2\/media?parent=34657"}],"wp:term":[{"taxonomy":"category","embeddable":true,"href":"https:\/\/euapp01.newsmemory.com\/lamarseillaise\/news\/wp-json\/wp\/v2\/categories?post=34657"},{"taxonomy":"post_tag","embeddable":true,"href":"https:\/\/euapp01.newsmemory.com\/lamarseillaise\/news\/wp-json\/wp\/v2\/tags?post=34657"},{"taxonomy":"news-destination","embeddable":true,"href":"https:\/\/euapp01.newsmemory.com\/lamarseillaise\/news\/wp-json\/wp\/v2\/news-destination?post=34657"},{"taxonomy":"news-source","embeddable":true,"href":"https:\/\/euapp01.newsmemory.com\/lamarseillaise\/news\/wp-json\/wp\/v2\/news-source?post=34657"},{"taxonomy":"is_homepage","embeddable":true,"href":"https:\/\/euapp01.newsmemory.com\/lamarseillaise\/news\/wp-json\/wp\/v2\/is_homepage?post=34657"},{"taxonomy":"ta_other","embeddable":true,"href":"https:\/\/euapp01.newsmemory.com\/lamarseillaise\/news\/wp-json\/wp\/v2\/ta_other?post=34657"}],"curies":[{"name":"wp","href":"https:\/\/api.w.org\/{rel}","templated":true}]}}