{"id":34654,"date":"2026-06-30T08:08:00","date_gmt":"2026-06-30T06:08:00","guid":{"rendered":"https:\/\/euapp01.newsmemory.com\/lamarseillaise\/news\/?p=34654"},"modified":"2026-07-04T08:19:20","modified_gmt":"2026-07-04T06:19:20","slug":"la-forte-augmentation-du-tarif-de-leau-suscite-des-remous","status":"publish","type":"post","link":"https:\/\/euapp01.newsmemory.com\/lamarseillaise\/news\/2026\/06\/30\/la-forte-augmentation-du-tarif-de-leau-suscite-des-remous\/","title":{"rendered":"La forte augmentation du tarif de l\u2019eau suscite des remous"},"content":{"rendered":"<div class=\"paragraph\">\n<p>La mesure \u00e9tait dans les tuyaux depuis la fin de la mandature pr\u00e9c\u00e9dente, <a rel=\"noopener noreferrer\" href=\"https:\/\/www.lamarseillaise.fr\/politique\/revirement-au-grand-avignon-pas-de-hausse-du-prix-de-l-eau-FN19273314\" target=\"_blank\">mais avait \u00e9t\u00e9 ajourn\u00e9e, en d\u00e9cembre dernier, face au risque de rejet de la d\u00e9lib\u00e9ration<\/a>. Il est vrai que voter une augmentation du tarif de l\u2019eau et d\u2019assainissement d\u2019environ 20% n\u2019est pas populaire. Comme r\u00e9v\u00e9l\u00e9<a rel=\"noopener noreferrer\" href=\"https:\/\/www.lamarseillaise.fr\/societe\/les-habitants-du-grand-avignon-vont-voir-leur-facture-d-eau-prendre-20-PE20429273\" target=\"_blank\"> dans nos colonnes (notre \u00e9dition du week-end), le Grand Avignon a approuv\u00e9<\/a>, ce lundi soir en conseil communautaire, une hausse de sa part per\u00e7ue sur la facture d\u2019eau, \u00e0 compter du 1<sup>er<\/sup>\u00a0ao\u00fbt.<\/p>\n<p>\u00ab\u00a0<i>C\u2019est douloureux, on n\u2019aurait aim\u00e9 ne pas le faire, mais on n\u2019a plus le choix<\/i><i>\u00a0<\/i>\u00bb, confesse Patrick Sandevoir, vice-pr\u00e9sident (DVD) en charge de l\u2019eau et de l\u2019assainissement. Entre p\u00e9dagogie et (presque) d\u00e9but de mea culpa, celui qui s\u2019occupait d\u00e9j\u00e0 de cette d\u00e9l\u00e9gation, lors du pr\u00e9c\u00e9dent mandat, rappelle que la part communautaire n\u2019a pas \u00e9volu\u00e9 depuis 2019. Si la hausse du tarif eau ne concerne que la moiti\u00e9 des communes (\u00e0 savoir celles g\u00e9r\u00e9es par le Grand Avignon en d\u00e9l\u00e9gation\u00a0: Roquemaure, Sauveterre, Pujaut, Villeneuve, les Angles, Avignon, Mori\u00e8res et Jonquerettes), la part assainissement frappe bien l\u2019ensemble des 16\u00a0communes de l\u2019agglom\u00e9ration. Ainsi, pour une consommation moyenne type de 120\u00a0m<sup>3<\/sup> par an, la facture augmente de 78\u00a0euros par an. \u00ab\u00a0<i>On sera \u00e0 3,90<\/i><i>\u00a0<\/i><i>euros le m<\/i><i><sup>3<\/sup><\/i><i>, soit bien en dessous de la plupart des villes, le prix moyen est de 4,89<\/i><i>\u00a0<\/i><i>euros dans le Vaucluse<\/i><i>\u00a0<\/i>\u00bb, essaye de faire avaler Patrick Sandevoir.<\/p>\n<p>En creux, le vice-pr\u00e9sident regrette de ne pas avoir pu faire lisser cette hausse depuis plusieurs ann\u00e9es. \u00ab<i>\u00a0<\/i><i>Sans mauvais jeu de mots, l\u2019eau \u00e9lectrisait le d\u00e9bat<\/i><i>\u00a0<\/i>\u00bb, glisse-t-il \u00e0 l\u2019issue de la s\u00e9ance. \u00ab\u00a0<i>Des d\u00e9cisions auraient d\u00fb \u00eatre prises et ne l\u2019ont pas \u00e9t\u00e9<\/i><i>\u00a0<\/i>\u00bb, abonde Olivier Galzi, pr\u00e9sident (DVD) du Grand Avignon. \u00ab\u00a0<i>Cela fait 3<\/i><i>\u00a0<\/i><i>ans que je tire la sonnette d\u2019alarme, les besoins en investissement sont de 6<\/i><i>\u00a0<\/i><i>millions d\u2019euros par an pour l\u2019eau et 7<\/i><i>\u00a0<\/i><i>millions pour l\u2019assainissement, l\u00e0 on est juste en capacit\u00e9 de faire 3<\/i><i>\u00a0<\/i><i>millions d\u2019euros au total, donc on a annul\u00e9 des travaux<\/i>\u00a0\u00bb, d\u00e9plore Patrick Sandevoir au micro. Et de lister la litanie de renouvellement de canalisations. \u00ab\u00a0<i>Par exemple \u00e0 Entraigues, il faut 800<\/i><i>\u00a0<\/i><i>000<\/i><i>\u00a0<\/i><i>euros pour raccorder la nouvelle prison au r\u00e9seau, dont 500<\/i><i>\u00a0<\/i><i>000<\/i><i>\u00a0<\/i><i>euros pris en charge par l\u2019\u00c9tat, il faut rapidement enclencher le premier coup de pioche<\/i><i>\u00a0<\/i>\u00bb, illustre-t-il.<\/p>\n<\/p><\/div>\n<div class=\"intext\"> \u00ab\u00a0Socialement, ce n\u2019est pas acceptable\u00a0\u00bb\n              <\/div>\n<div class=\"paragraph\">\n<p>Si, dans l\u2019opposition, personne ne remet en cause la n\u00e9cessit\u00e9 d\u2019investir sur le r\u00e9seau, la gauche d\u00e9nonce \u00ab<i>\u00a0<\/i><i>le coup de semonce consid\u00e9rable pour les m\u00e9nages les plus pauvres<\/i>\u00a0\u00bb, rel\u00e8ve Mathilde Louvain. \u00ab\u00a0<i>Socialement, ce n\u2019est pas acceptable<\/i>, embraye R\u00e9my Blanc (PCF). <i>Il va y avoir une double peine pour les foyers qui vont subir cette hausse et ne seront pas en capacit\u00e9 de la payer donc ils subiront des p\u00e9nalit\u00e9s de retard<\/i> [30\u00a0euros].\u00a0\u00bb L\u2019\u00e9lu avignonnais pointe aussi le \u00ab<i>\u00a0<\/i><i>non-sens \u00e9cologique<\/i>\u00a0\u00bb de la hausse. Car, effet pervers du contrat avec le d\u00e9l\u00e9gataire priv\u00e9, la part per\u00e7ue par l\u2019Agglo est li\u00e9e \u00e0 la quantit\u00e9 d\u2019eau consomm\u00e9e. Or, celle-ci diminue. Ainsi, \u00ab<i>\u00a0<\/i><i>on sanctionne les conduites vertueuses<\/i><i>\u00a0<\/i>\u00bb, souligne R\u00e9my Blanc. \u00ab\u00a0<i>Tout \u00e7a car le contrat avec Suez a \u00e9t\u00e9 mal n\u00e9goci\u00e9, c\u2019est d\u00e9sastreux<\/i>\u00a0\u00bb, se d\u00e9sole Marie-Anne Bertrand (L\u2019Apr\u00e8s), quand David Fournier (PS) aurait souhait\u00e9 \u00ab\u00a0<i>une tarification par paliers en fonction des revenus<\/i>\u00a0\u00bb. Patrick Sandevoir rappelle l\u2019existence de ch\u00e8ques eau, dispositif pour les personnes en difficult\u00e9.<\/p>\n<p>Beaucoup d\u2019\u00e9lus, m\u00eame dans l\u2019ex\u00e9cutif, \u00e0 l\u2019instar de Jacques Demanse, maire (PCF) de Sauveterre et vice-pr\u00e9sident en charge de la transition \u00e9nerg\u00e9tique, ont appel\u00e9 \u00e0 un t<a rel=\"noopener noreferrer\" href=\"https:\/\/www.lamarseillaise.fr\/politique\/grand-avignon-le-collectif-de-l-eau-attend-de-la-clarte-dans-les-engagements-IG19794518\" target=\"_blank\">ravail plus \u00e9troit avec le Collectif de l\u2019eau<\/a>. Une dizaine de militants \u00e9tait pr\u00e9sente en amont de la s\u00e9ance, avant d\u2019y assister, pour interpeller les \u00e9lus. \u00ab\u00a0<i>C\u2019est un coup de massue pour les usagers, on convient qu\u2019il y a de gros investissements, mais il aurait d\u2019abord fallu faire un bilan et justifier de tels investissements<\/i><i>\u00a0<\/i>\u00bb, estime Bernard Coron, vice-pr\u00e9sident du Collectif de l\u2019eau.<\/p>\n<p>La d\u00e9lib\u00e9ration a \u00e9t\u00e9 approuv\u00e9e, malgr\u00e9 les votes contre de la gauche et de certains \u00e9lus RN.<\/p>\n<\/p><\/div>\n","protected":false},"excerpt":{"rendered":"La mesure &eacute;tait dans les tuyaux depuis la fin de la mandature pr&eacute;c&eacute;dente, mais avait &eacute;t&eacute; ajourn&eacute;e, en d&eacute;cembre dernier, face au risque de rejet de la d&eacute;lib&eacute;ration. Il est vrai que voter &#8230;","protected":false},"author":1,"featured_media":34655,"comment_status":"open","ping_status":"open","sticky":false,"template":"","format":"standard","meta":{"footnotes":""},"categories":[3926,3925,330],"tags":[495,174,309,472,913,4914,461,171],"news-destination":[3944],"news-source":[475],"is_homepage":[],"ta_other":[],"class_list":["post-34654","post","type-post","status-publish","format-standard","has-post-thumbnail","hentry","category-accueil-merge","category-accueil-third","category-politique","tag-495","tag-avignon","tag-eau","tag-factures","tag-finances","tag-olivier-galzi","tag-prix","tag-vaucluse","news-destination-homepage","news-source-website"],"_links":{"self":[{"href":"https:\/\/euapp01.newsmemory.com\/lamarseillaise\/news\/wp-json\/wp\/v2\/posts\/34654","targetHints":{"allow":["GET"]}}],"collection":[{"href":"https:\/\/euapp01.newsmemory.com\/lamarseillaise\/news\/wp-json\/wp\/v2\/posts"}],"about":[{"href":"https:\/\/euapp01.newsmemory.com\/lamarseillaise\/news\/wp-json\/wp\/v2\/types\/post"}],"author":[{"embeddable":true,"href":"https:\/\/euapp01.newsmemory.com\/lamarseillaise\/news\/wp-json\/wp\/v2\/users\/1"}],"replies":[{"embeddable":true,"href":"https:\/\/euapp01.newsmemory.com\/lamarseillaise\/news\/wp-json\/wp\/v2\/comments?post=34654"}],"version-history":[{"count":1,"href":"https:\/\/euapp01.newsmemory.com\/lamarseillaise\/news\/wp-json\/wp\/v2\/posts\/34654\/revisions"}],"predecessor-version":[{"id":34656,"href":"https:\/\/euapp01.newsmemory.com\/lamarseillaise\/news\/wp-json\/wp\/v2\/posts\/34654\/revisions\/34656"}],"wp:featuredmedia":[{"embeddable":true,"href":"https:\/\/euapp01.newsmemory.com\/lamarseillaise\/news\/wp-json\/wp\/v2\/media\/34655"}],"wp:attachment":[{"href":"https:\/\/euapp01.newsmemory.com\/lamarseillaise\/news\/wp-json\/wp\/v2\/media?parent=34654"}],"wp:term":[{"taxonomy":"category","embeddable":true,"href":"https:\/\/euapp01.newsmemory.com\/lamarseillaise\/news\/wp-json\/wp\/v2\/categories?post=34654"},{"taxonomy":"post_tag","embeddable":true,"href":"https:\/\/euapp01.newsmemory.com\/lamarseillaise\/news\/wp-json\/wp\/v2\/tags?post=34654"},{"taxonomy":"news-destination","embeddable":true,"href":"https:\/\/euapp01.newsmemory.com\/lamarseillaise\/news\/wp-json\/wp\/v2\/news-destination?post=34654"},{"taxonomy":"news-source","embeddable":true,"href":"https:\/\/euapp01.newsmemory.com\/lamarseillaise\/news\/wp-json\/wp\/v2\/news-source?post=34654"},{"taxonomy":"is_homepage","embeddable":true,"href":"https:\/\/euapp01.newsmemory.com\/lamarseillaise\/news\/wp-json\/wp\/v2\/is_homepage?post=34654"},{"taxonomy":"ta_other","embeddable":true,"href":"https:\/\/euapp01.newsmemory.com\/lamarseillaise\/news\/wp-json\/wp\/v2\/ta_other?post=34654"}],"curies":[{"name":"wp","href":"https:\/\/api.w.org\/{rel}","templated":true}]}}