{"id":34651,"date":"2026-06-30T08:12:00","date_gmt":"2026-06-30T06:12:00","guid":{"rendered":"https:\/\/euapp01.newsmemory.com\/lamarseillaise\/news\/?p=34651"},"modified":"2026-07-04T08:19:20","modified_gmt":"2026-07-04T06:19:20","slug":"prefecture-et-sdis-mettent-les-bouchees-doubles-contre-les-feux","status":"publish","type":"post","link":"https:\/\/euapp01.newsmemory.com\/lamarseillaise\/news\/2026\/06\/30\/prefecture-et-sdis-mettent-les-bouchees-doubles-contre-les-feux\/","title":{"rendered":"Pr\u00e9fecture et Sdis mettent les bouch\u00e9es doubles contre les feux"},"content":{"rendered":"<div class=\"paragraph\">\n<p>\u00ab <i>N<\/i><i>otre d\u00e9partement compte 470<\/i><i>\u00a0<\/i><i>000<\/i><i>\u00a0<\/i><i>hectares de for\u00eat, soit un taux de boisement de 60%. Cette richesse est vuln\u00e9rable. L\u2019ann\u00e9e 2025 a marqu\u00e9 une aggravation sensible du risque avec 196<\/i><i>\u00a0<\/i><i>incendies recens\u00e9s, contre 120 en 2024. Et depuis le 1<\/i><i><sup>er<\/sup><\/i><i>\u00a0<\/i><i>janvier 2026, dix feux ont d\u00e9j\u00e0 \u00e9t\u00e9 d\u00e9clar\u00e9s, sans compter ceux de ce week-end<\/i><i>\u00a0<\/i>\u00bb, a rappel\u00e9, lundi, la directrice de cabinet de la pr\u00e9f\u00e8te, Fabienne Monmarson, avant de pr\u00e9senter le dispositif de pr\u00e9vention et de lutte contre les feux de for\u00eat aux c\u00f4t\u00e9s du Sdis. \u00ab\u00a0<i>Notre climat devient plus sec et chaud chaque ann\u00e9e<\/i><i>\u00a0<\/i>\u00bb, a compl\u00e9t\u00e9 Jean-Claude Castel, pr\u00e9sident du Sdis\u00a004.<\/p>\n<p>\u00ab\u00a0<i>Les premi\u00e8res patrouilles ont \u00e9t\u00e9 mises en \u0153uvre d\u00e8s ce matin, compte tenu du niveau de danger et de l\u2019analyse qui a \u00e9t\u00e9 faite hier soir<\/i><i>\u00a0<\/i>\u00bb, a annonc\u00e9 le colonel Sylvain Besson, directeur d\u00e9partemental du Sdis. Il estime que \u00ab\u00a0<i>deux feux sur trois pourraient \u00eatre \u00e9vit\u00e9s<\/i><i>\u00a0<\/i>\u00bb dans le d\u00e9partement, entre \u00ab\u00a0<i>jets de m\u00e9gots et travaux r\u00e9alis\u00e9s dans de mauvaises conditions<\/i><i>\u00a0<\/i>\u00bb.<\/p>\n<p>Les pompiers ont ensuite mis en \u0153uvre une d\u00e9monstration d\u2019intervention sur un feu en temps r\u00e9el, \u00e0 Cruis, sur la montagne de Lure, particuli\u00e8rement sujette aux incendies. Ce sont les patrouilles de l\u2019ONF qui sont les premi\u00e8res \u00e0 intervenir sur le terrain, avant de passer le relais aux pompiers, qui ont des v\u00e9hicules avec une capacit\u00e9 de stockage d\u2019eau plus importante et des tuyaux beaucoup plus longs. Des renforts a\u00e9riens peuvent \u00e9galement \u00eatre demand\u00e9s. Pendant ce temps-l\u00e0, au poste de commandement, un tableau recense les victimes et les personnes confin\u00e9es identifi\u00e9es.<\/p>\n<p>Des drones \u00e9quip\u00e9s d\u2019intelligence artificielle et de cam\u00e9ras thermiques permettent d\u2019identifier des d\u00e9parts de feu et des points chauds r\u00e9siduels parfois invisibles \u00e0 l\u2019\u0153il nu, car enfouis \u00e0 20 ou 30\u00a0centim\u00e8tres sous terre. Les pompiers peuvent donner des instructions tr\u00e8s pr\u00e9cises aux drones, comme trouver un v\u00e9hicule d\u2019une couleur bien pr\u00e9cise, comptabiliser les pi\u00e9tons ou les voitures de mani\u00e8re automatique. Le drone mesure l\u2019intensit\u00e9 et la temp\u00e9rature du feu en temps r\u00e9el. Il envoie les coordonn\u00e9es GPS pr\u00e9cises du feu aux patrouilles, ce qui peut leur faire gagner 20 ou 30\u00a0minutes dans des secteurs difficiles d\u2019acc\u00e8s. \u00ab\u00a0<i>L\u2019usage de drones permet aujourd\u2019hui d\u2019envisager des solutions techniques pour d\u00e9tecter encore plus rapidement ces d\u00e9parts de feu<\/i><i>\u00a0<\/i>\u00bb, r\u00e9sume le colonel Besson. Ces dispositifs de la soci\u00e9t\u00e9 toulousaine Menaps, surnomm\u00e9s Fire Eagle, seront exp\u00e9riment\u00e9s dans le d\u00e9partement cet \u00e9t\u00e9.<\/p>\n<p>Les gendarmes interviennent ensuite sur place pour investiguer et trouver la cause du d\u00e9part de feu. Ils cherchent \u00e0 identifier le sens de propagation et cherchent des traces d\u2019hydrocarbures. Ils grattent le sol et inspectent tout sur leur passage\u00a0: v\u00e9g\u00e9tation, insectes, escargots ou encore tissus imbib\u00e9s d\u2019hydrocarbures.<\/p>\n<p>Les pompiers de Manosque ont par ailleurs fait l\u2019acquisition, il y a quinze jours, d\u2019un v\u00e9hicule \u00ab\u00a0<i>nouvelle g\u00e9n\u00e9ration avec pr\u00e8s de 10<\/i><i>\u00a0<\/i><i>tonnes de charge pour la lutte<\/i><i>\u00a0<\/i>\u00bb contre le feu.<\/p>\n<\/p><\/div>\n<div class=\"intext\"> \u00ab\u00a0Neuf feux sur dix d\u2019origine humaine\u00a0\u00bb\n              <\/div>\n<div class=\"paragraph\">\n<p>\u00ab\u00a0<i>Neuf feux sur dix sont d\u2019origine humaine, dont la moiti\u00e9 est li\u00e9e \u00e0 l\u2019imprudence. Plus pr\u00e9occupant encore, la malveillance est en forte progression et a repr\u00e9sent\u00e9 16% des d\u00e9parts de feu en 2025. Les investigations de la gendarmerie, notamment par l\u2019exploitation des indices et de la vid\u00e9oprotection \u00e0 Forcalquier et \u00e0 Riez, ont permis d\u2019identifier et d\u2019interpeller des auteurs. Tout acte de mise en feu volontaire sera recherch\u00e9, identifi\u00e9 et poursuivi<\/i><i>\u00a0<\/i>\u00bb, a martel\u00e9 Fabienne Monmarson.<\/p>\n<p>\u00ab\u00a0<i>D\u00e9broussailler dans un rayon de 50<\/i><i>\u00a0<\/i><i>m\u00e8tres autour des habitations situ\u00e9es \u00e0 proximit\u00e9 des massifs n\u2019est pas qu\u2019une obligation r\u00e9glementaire. C\u2019est le geste vital pour prot\u00e9ger sa famille et ses voisins<\/i><i>\u00a0<\/i>\u00bb, a rappel\u00e9 la sous-pr\u00e9f\u00e8te.<\/p>\n<p>Dans le d\u00e9partement, ce sont les zones autour de Manosque et de Valensole qui sont les plus \u00e0 risque.<\/p>\n<\/p><\/div>\n","protected":false},"excerpt":{"rendered":"&laquo; Notre d&eacute;partement compte 470&nbsp;000&nbsp;hectares de for&ecirc;t, soit un taux de boisement de 60%. Cette richesse est vuln&eacute;rable. L&rsquo;ann&eacute;e 2025 a marqu&eacute; une aggravation sensible du risque avec &#8230;","protected":false},"author":1,"featured_media":34652,"comment_status":"open","ping_status":"open","sticky":false,"template":"","format":"standard","meta":{"footnotes":""},"categories":[3926,3925,20],"tags":[4768,4467,317,318,4015,2487,1396,1607,320,1131,431,5879,51,1183],"news-destination":[3944],"news-source":[475],"is_homepage":[],"ta_other":[],"class_list":["post-34651","post","type-post","status-publish","format-standard","has-post-thumbnail","hentry","category-accueil-merge","category-accueil-third","category-societe","tag-alpes","tag-alpes-de-haute-provence","tag-drones","tag-feu","tag-feux-de-foret","tag-ia","tag-incendies","tag-intelligence-artificielle","tag-pompiers","tag-prefecture","tag-prevention","tag-sdis","tag-societe","tag-vehicules","news-destination-homepage","news-source-website"],"_links":{"self":[{"href":"https:\/\/euapp01.newsmemory.com\/lamarseillaise\/news\/wp-json\/wp\/v2\/posts\/34651","targetHints":{"allow":["GET"]}}],"collection":[{"href":"https:\/\/euapp01.newsmemory.com\/lamarseillaise\/news\/wp-json\/wp\/v2\/posts"}],"about":[{"href":"https:\/\/euapp01.newsmemory.com\/lamarseillaise\/news\/wp-json\/wp\/v2\/types\/post"}],"author":[{"embeddable":true,"href":"https:\/\/euapp01.newsmemory.com\/lamarseillaise\/news\/wp-json\/wp\/v2\/users\/1"}],"replies":[{"embeddable":true,"href":"https:\/\/euapp01.newsmemory.com\/lamarseillaise\/news\/wp-json\/wp\/v2\/comments?post=34651"}],"version-history":[{"count":1,"href":"https:\/\/euapp01.newsmemory.com\/lamarseillaise\/news\/wp-json\/wp\/v2\/posts\/34651\/revisions"}],"predecessor-version":[{"id":34653,"href":"https:\/\/euapp01.newsmemory.com\/lamarseillaise\/news\/wp-json\/wp\/v2\/posts\/34651\/revisions\/34653"}],"wp:featuredmedia":[{"embeddable":true,"href":"https:\/\/euapp01.newsmemory.com\/lamarseillaise\/news\/wp-json\/wp\/v2\/media\/34652"}],"wp:attachment":[{"href":"https:\/\/euapp01.newsmemory.com\/lamarseillaise\/news\/wp-json\/wp\/v2\/media?parent=34651"}],"wp:term":[{"taxonomy":"category","embeddable":true,"href":"https:\/\/euapp01.newsmemory.com\/lamarseillaise\/news\/wp-json\/wp\/v2\/categories?post=34651"},{"taxonomy":"post_tag","embeddable":true,"href":"https:\/\/euapp01.newsmemory.com\/lamarseillaise\/news\/wp-json\/wp\/v2\/tags?post=34651"},{"taxonomy":"news-destination","embeddable":true,"href":"https:\/\/euapp01.newsmemory.com\/lamarseillaise\/news\/wp-json\/wp\/v2\/news-destination?post=34651"},{"taxonomy":"news-source","embeddable":true,"href":"https:\/\/euapp01.newsmemory.com\/lamarseillaise\/news\/wp-json\/wp\/v2\/news-source?post=34651"},{"taxonomy":"is_homepage","embeddable":true,"href":"https:\/\/euapp01.newsmemory.com\/lamarseillaise\/news\/wp-json\/wp\/v2\/is_homepage?post=34651"},{"taxonomy":"ta_other","embeddable":true,"href":"https:\/\/euapp01.newsmemory.com\/lamarseillaise\/news\/wp-json\/wp\/v2\/ta_other?post=34651"}],"curies":[{"name":"wp","href":"https:\/\/api.w.org\/{rel}","templated":true}]}}