{"id":34648,"date":"2026-06-30T07:39:00","date_gmt":"2026-06-30T05:39:00","guid":{"rendered":"https:\/\/euapp01.newsmemory.com\/lamarseillaise\/news\/?p=34648"},"modified":"2026-07-04T08:04:38","modified_gmt":"2026-07-04T06:04:38","slug":"un-enieme-projet-de-loi-qui-porte-atteinte-a-un-appareil-judiciaire-grippe","status":"publish","type":"post","link":"https:\/\/euapp01.newsmemory.com\/lamarseillaise\/news\/2026\/06\/30\/un-enieme-projet-de-loi-qui-porte-atteinte-a-un-appareil-judiciaire-grippe\/","title":{"rendered":"Un \u00e9ni\u00e8me projet de loi qui porte atteinte \u00e0 un appareil judiciaire gripp\u00e9"},"content":{"rendered":"<div class=\"paragraph\">\n<p>Alors que le d\u00e9bat se poursuit \u00e0 l\u2019Assembl\u00e9e nationale, d\u00e8s ce mardi, sur le projet de loi sur la justice criminelle, l\u2019ensemble des barreaux de France, rejoint par les syndicats de magistrats, ont appel\u00e9 \u00e0 une nouvelle journ\u00e9e \u00ab\u00a0justice morte\u00a0\u00bb, ce lundi 29\u00a0juin.<\/p>\n<p>La mobilisation a d\u00e9j\u00e0 permis \u00ab\u00a0<i>de conduire au retrait de la &#8220;CRPC criminelle&#8221;, sa mesure phare<\/i>\u00a0\u00bb, pose en pr\u00e9ambule Marie-Dominique Poinso-Pourtal, b\u00e2tonni\u00e8re du barreau phoc\u00e9en, face \u00e0 une bonne cinquantaine de robes noires rassembl\u00e9es sur les marches du Palais Monthyon. Mais pas question de se \u00ab\u00a0<i>satisfaire<\/i><i>\u00a0<\/i>\u00bb de la disparition du plaider-coupable, estime-t-elle, pointant le d\u00e9lai de recours aux nullit\u00e9s de proc\u00e9dure r\u00e9duit de 6 \u00e0 3\u00a0mois et un texte qui \u00ab\u00a0<i>permet de r\u00e9gulariser des d\u00e9tentions pourtant irr\u00e9guli\u00e8res<\/i>\u00a0\u00bb. Comme le projet de loi Ripost, \u00ab\u00a0<i>le texte vise \u00e0 entraver le contr\u00f4le du juge<\/i>\u00a0\u00bb, poursuit le vice-b\u00e2tonnier Jean-Michel Ollier, pointant un \u00ab\u00a0<i>changement de paradigme<\/i><i>\u00a0<\/i>\u00bb qui \u00ab\u00a0<i>fragilise gravement une protection essentielle dans un \u00c9tat de droit<\/i><i>\u00a0<\/i>\u00bb.<\/p>\n<p>Surtout, cette mobilisation intervient dans un contexte \u00ab<i>\u00a0<\/i><i>assez charg\u00e9 du point de vue judiciaire<\/i>\u00a0\u00bb, rappelle Laurence Blisson, d\u00e9l\u00e9gu\u00e9e du Syndicat de la magistrature \u00e0 Marseille.<\/p>\n<\/p><\/div>\n<div class=\"intext\"> Une proc\u00e9dure p\u00e9nale \u00ab\u00a0faite d\u2019\u00e9quilibres\u00a0\u00bb\n              <\/div>\n<div class=\"paragraph\">\n<p>Au-del\u00e0 d\u2019une loi Sure (Sanction utile, rapide et effective) qui oublie \u00ab\u00a0<i>le fait que la proc\u00e9dure p\u00e9nale est faite d\u2019\u00e9quilibres<\/i>\u00a0\u00bb et facilite \u00ab\u00a0<i>le recours aux cours criminelles d\u00e9partementales contre lesquelles on s\u2019est \u00e9lev\u00e9 d\u00e8s le d\u00e9part en disant que juger les crimes, \u00e7a n\u00e9cessite du temps, la pr\u00e9sence des citoyens<\/i>\u00a0\u00bb, estime-t-elle, au-del\u00e0 d\u2019un projet de loi Ripost qui p\u00e9nalise \u00ab\u00a0<i>toute une s\u00e9rie d\u2019actes d\u2019une gravit\u00e9 tout \u00e0 fait d\u00e9risoire par rapport aux questions de protection de l\u2019enfance qui sont aujourd\u2019hui au c\u0153ur des d\u00e9bats<\/i><i>\u00a0<\/i>\u00bb, la juge aux affaires familiales inscrit aussi ce rassemblement dans \u00ab<i>\u00a0<\/i><i>les suites de l\u2019affaire Lyhanna<\/i>\u00a0\u00bb.<\/p>\n<p>Pour la responsable syndicale, \u00ab<i>\u00a0<\/i><i>au plus haut niveau de l\u2019\u00c9tat, G\u00e9rald Darmanin, comme le pr\u00e9sident de la R\u00e9publique, ne peuvent ignorer l\u2019\u00e9tat dans lequel se trouvent les services de police judiciaire et ne peuvent pas dire qu\u2019ils ont fait de la protection de l\u2019enfance une priorit\u00e9. C\u2019est factuellement faux<\/i>\u00a0\u00bb. Elle cite le communiqu\u00e9 de l\u2019Association nationale de police judiciaire, selon laquelle il manque 12\u00a0000\u00a0officiers de police judiciaire pour r\u00e9ellement prioriser les faits criminels touchant \u00e0 la protection de l\u2019enfance.<\/p>\n<p>\u00ab\u00a0<i>La vraie question, aujourd\u2019hui, est de parler des probl\u00e8mes de moyens<\/i>\u00a0\u00bb, mart\u00e8le le d\u00e9l\u00e9gu\u00e9 syndical de l\u2019Union syndicale des magistrats \u00e0 Marseille, pour qui \u00ab\u00a0<i>on doit aux justiciables une justice de qualit\u00e9, qui permette aux gens d\u2019avoir des r\u00e9ponses rapidement<\/i>\u00a0\u00bb. Avec quatre fois moins de procureurs que dans le reste de l\u2019Europe, et deux fois moins de juges du si\u00e8ge, le chemin risque d\u2019\u00eatre encore long&#8230;<\/p>\n<\/p><\/div>\n","protected":false},"excerpt":{"rendered":"Alors que le d&eacute;bat se poursuit &agrave; l&rsquo;Assembl&eacute;e nationale, d&egrave;s ce mardi, sur le projet de loi sur la justice criminelle, l&rsquo;ensemble des barreaux de France, rejoint par les syndicats de magistrats, ont &#8230;","protected":false},"author":1,"featured_media":34649,"comment_status":"open","ping_status":"open","sticky":false,"template":"","format":"standard","meta":{"footnotes":""},"categories":[3926,3925,20],"tags":[1114,2335,10,511,514,3570,249,3050,200,5307,5815,1541,16,2390,2666,3169,613,3077,364,1304],"news-destination":[3944],"news-source":[475],"is_homepage":[],"ta_other":[],"class_list":["post-34648","post","type-post","status-publish","format-standard","has-post-thumbnail","hentry","category-accueil-merge","category-accueil-third","category-societe","tag-avocats","tag-batonnier","tag-bouches-du-rhone","tag-citoyens","tag-controle","tag-etat-de-droit","tag-gerald-darmanin","tag-juges","tag-justice","tag-justice-criminelle","tag-lyhanna","tag-magistrats","tag-marseille","tag-police-judiciaire","tag-president-de-la-republique","tag-projet-de-loi","tag-rassemblement","tag-robes-noires","tag-syndicats","tag-violences-sexuelles","news-destination-homepage","news-source-website"],"_links":{"self":[{"href":"https:\/\/euapp01.newsmemory.com\/lamarseillaise\/news\/wp-json\/wp\/v2\/posts\/34648","targetHints":{"allow":["GET"]}}],"collection":[{"href":"https:\/\/euapp01.newsmemory.com\/lamarseillaise\/news\/wp-json\/wp\/v2\/posts"}],"about":[{"href":"https:\/\/euapp01.newsmemory.com\/lamarseillaise\/news\/wp-json\/wp\/v2\/types\/post"}],"author":[{"embeddable":true,"href":"https:\/\/euapp01.newsmemory.com\/lamarseillaise\/news\/wp-json\/wp\/v2\/users\/1"}],"replies":[{"embeddable":true,"href":"https:\/\/euapp01.newsmemory.com\/lamarseillaise\/news\/wp-json\/wp\/v2\/comments?post=34648"}],"version-history":[{"count":1,"href":"https:\/\/euapp01.newsmemory.com\/lamarseillaise\/news\/wp-json\/wp\/v2\/posts\/34648\/revisions"}],"predecessor-version":[{"id":34650,"href":"https:\/\/euapp01.newsmemory.com\/lamarseillaise\/news\/wp-json\/wp\/v2\/posts\/34648\/revisions\/34650"}],"wp:featuredmedia":[{"embeddable":true,"href":"https:\/\/euapp01.newsmemory.com\/lamarseillaise\/news\/wp-json\/wp\/v2\/media\/34649"}],"wp:attachment":[{"href":"https:\/\/euapp01.newsmemory.com\/lamarseillaise\/news\/wp-json\/wp\/v2\/media?parent=34648"}],"wp:term":[{"taxonomy":"category","embeddable":true,"href":"https:\/\/euapp01.newsmemory.com\/lamarseillaise\/news\/wp-json\/wp\/v2\/categories?post=34648"},{"taxonomy":"post_tag","embeddable":true,"href":"https:\/\/euapp01.newsmemory.com\/lamarseillaise\/news\/wp-json\/wp\/v2\/tags?post=34648"},{"taxonomy":"news-destination","embeddable":true,"href":"https:\/\/euapp01.newsmemory.com\/lamarseillaise\/news\/wp-json\/wp\/v2\/news-destination?post=34648"},{"taxonomy":"news-source","embeddable":true,"href":"https:\/\/euapp01.newsmemory.com\/lamarseillaise\/news\/wp-json\/wp\/v2\/news-source?post=34648"},{"taxonomy":"is_homepage","embeddable":true,"href":"https:\/\/euapp01.newsmemory.com\/lamarseillaise\/news\/wp-json\/wp\/v2\/is_homepage?post=34648"},{"taxonomy":"ta_other","embeddable":true,"href":"https:\/\/euapp01.newsmemory.com\/lamarseillaise\/news\/wp-json\/wp\/v2\/ta_other?post=34648"}],"curies":[{"name":"wp","href":"https:\/\/api.w.org\/{rel}","templated":true}]}}