{"id":34645,"date":"2026-06-30T07:49:00","date_gmt":"2026-06-30T05:49:00","guid":{"rendered":"https:\/\/euapp01.newsmemory.com\/lamarseillaise\/news\/?p=34645"},"modified":"2026-07-04T08:04:38","modified_gmt":"2026-07-04T06:04:38","slug":"les-syndicats-denoncent-une-ecole-inclusive-a-labandon","status":"publish","type":"post","link":"https:\/\/euapp01.newsmemory.com\/lamarseillaise\/news\/2026\/06\/30\/les-syndicats-denoncent-une-ecole-inclusive-a-labandon\/","title":{"rendered":"Les syndicats d\u00e9noncent une \u00e9cole inclusive \u00e0 l\u2019abandon"},"content":{"rendered":"<div class=\"paragraph\">\n<p>\u00c0 Marseille, la FSU, la CGT \u00c9ducation 13, SUD \u00c9ducation et la FCPE ont organis\u00e9 une conf\u00e9rence de presse commune, vendredi \u00e0 la Bourse du travail, pour d\u00e9noncer le fait de ne pas avoir \u00e9t\u00e9 invit\u00e9s \u00e0 la 5<sup>e<\/sup>\u00a0Conf\u00e9rence nationale du handicap (CNH). Ce rendez-vous, pr\u00e9vu le 25\u00a0juin sous la pr\u00e9sidence du chef de l\u2019\u00c9tat, a finalement \u00e9t\u00e9 report\u00e9, sans nouvelle date. Cr\u00e9\u00e9e par la loi de 2005, cette conf\u00e9rence fixe pourtant, tous les trois ans, les grandes orientations de la politique du handicap, y compris \u00e0 l\u2019\u00e9cole.<\/p>\n<p>Pour les syndicats, ne pas \u00eatre invit\u00e9s est \u00ab\u00a0<i>inacceptable<\/i>\u00a0\u00bb, puisqu\u2019il s\u2019agit de \u00ab\u00a0<i>ne pas convier les personnels de l\u2019\u00e9ducation qui tiennent \u00e0 bout de bras l\u2019\u00e9cole inclusive au quotidien<\/i>\u00a0\u00bb. Vingt ans apr\u00e8s la loi de 2005, le constat reste s\u00e9v\u00e8re\u00a0: la Cour des comptes pointait d\u00e9j\u00e0, en septembre\u00a02024, un manque de formation des enseignants et des accompagnants d\u2019\u00e9l\u00e8ves en situation de handicap (AESH), qui revendiquent un statut de fonctionnaire et une gestion plus humaine. Dans les Bouches-du-Rh\u00f4ne, les syndicats d\u00e9noncent des r\u00e9seaux d\u2019aides sp\u00e9cialis\u00e9es (Rased) \u00e0 bout de souffle et le manque de dispositifs sp\u00e9cialis\u00e9s, notamment d\u2019Unit\u00e9s localis\u00e9es pour l\u2019inclusion scolaire (Ulis). Selon \u00c9lodie Boussarie, enseignante sp\u00e9cialis\u00e9e et militante \u00e0 SUD \u00c9ducation, une quarantaine de postes d\u2019enseignants auraient disparu dans le d\u00e9partement, dont dix gel\u00e9s \u00e0 Marseille. \u00c0 l\u2019\u00e9chelle nationale, elle \u00e9voque \u00ab\u00a0<i>50<\/i><i>\u00a0<\/i><i>000 enfants qui \u00e9taient sans solution pour aller \u00e0 l\u2019\u00e9cole \u00e0 la rentr\u00e9e 2025<\/i>\u00a0\u00bb.<\/p>\n<\/p><\/div>\n<div class=\"intext\"> Des moyens humains insuffisants\n              <\/div>\n<div class=\"paragraph\">\n<p>C\u00f4t\u00e9 AESH, Laurence Casandri, qui accompagne des \u00e9l\u00e8ves en Ulis \u00e0 Port-de-Bouc, d\u00e9crit un m\u00e9tier pr\u00e9caire : \u00ab<i>\u00a0<\/i><i>La majorit\u00e9 d\u2019entre nous gagnent entre 900 et 1<\/i><i>\u00a0<\/i><i>000<\/i><i>\u00a0<\/i><i>euros.<\/i>\u00a0\u00bb Elle \u00e9voque aussi une charge de travail \u00e9puisante, qui a fortement augment\u00e9 et pousse beaucoup d\u2019entre eux \u00e0 d\u00e9missionner\u00a0: \u00ab\u00a0<i>Avec un m\u00eame contrat de 24<\/i><i>\u00a0<\/i><i>heures, on peut aujourd\u2019hui suivre dix \u00e0 quinze \u00e9l\u00e8ves, contre deux ou trois \u00e0 ses d\u00e9buts en 2009, faute d\u2019assez de personnel.<\/i><i>\u00a0<\/i>\u00bb<\/p>\n<p>Les syndicats critiquent aussi les P\u00f4les d\u2019appui \u00e0 la scolarit\u00e9 (PAS) qui, selon eux, r\u00e9cup\u00e8rent des postes d\u00e9j\u00e0 existants au lieu de cr\u00e9er de nouveaux moyens. Ils demandent notamment moins d\u2019\u00e9l\u00e8ves par classe, un v\u00e9ritable plan de formation pour les enseignants sp\u00e9cialis\u00e9s, un statut pour les AESH et un renforcement de l\u2019intervention du m\u00e9dico-social directement au sein des \u00e9tablissements scolaires.<\/p>\n<p>Sur le terrain, ce manque de moyens se traduit par des enfants qui peinent \u00e0 suivre un enseignement correct. C\u2019est le cas de Nils, 7\u00a0ans, atteint de troubles du spectre autistique et de TDAH. Sa m\u00e8re, Sandra Manitch, raconte deux ann\u00e9es de maintien en maternelle \u00e0 l\u2019\u00e9cole Ch\u00e2teau Saint-Cyr, \u00e0 Marseille, puis un refus d\u2019int\u00e9gration en Ulis faute de place, sans aucune explication. Sa notification de la Maison d\u00e9partementale des personnes handicap\u00e9es (MDPH) pr\u00e9voit pourtant 12\u00a0heures d\u2019accompagnement AESH par semaine. R\u00e9sultat\u00a0: \u00e0 la rentr\u00e9e, en CP, Nils sera d\u00e9scolaris\u00e9 \u00e0 mi-temps, faute de moyens suffisants pour l\u2019accompagner toute la journ\u00e9e. \u00ab<i>\u00a0<\/i><i>C\u2019est la d\u00e9brouille pour les directrices, pour les ma\u00eetresses, pour les parents, pour les enfants. Tout le monde doit se d\u00e9brouiller tout seul<\/i><i>\u00a0<\/i>\u00bb, confie-t-elle.<\/p>\n<p>Les syndicats appellent d\u00e9sormais \u00e0 une mobilisation commune pour faire entendre la voix des personnels et des familles, notamment lors de la prochaine CNH.<\/p>\n<\/p><\/div>\n","protected":false},"excerpt":{"rendered":"&Agrave; Marseille, la FSU, la CGT &Eacute;ducation 13, SUD &Eacute;ducation et la FCPE ont organis&eacute; une conf&eacute;rence de presse commune, vendredi &agrave; la Bourse du travail, pour d&eacute;noncer le fait de ne pas avoir &#8230;","protected":false},"author":1,"featured_media":34646,"comment_status":"open","ping_status":"open","sticky":false,"template":"","format":"standard","meta":{"footnotes":""},"categories":[3926,3925,331],"tags":[1667,10,113,5820,410,57,2554,2772,711,406,1066,5921,196,1188,804,2457,364],"news-destination":[3944],"news-source":[475],"is_homepage":[],"ta_other":[],"class_list":["post-34645","post","type-post","status-publish","format-standard","has-post-thumbnail","hentry","category-accueil-merge","category-accueil-third","category-social","tag-aesh","tag-bouches-du-rhone","tag-cgt","tag-conference-de-presse","tag-education","tag-enfants","tag-enseignement","tag-exclusion","tag-fcpe","tag-fsu","tag-handicap","tag-manque-de-places","tag-medico-social","tag-moyens","tag-scolaires","tag-sud-education","tag-syndicats","news-destination-homepage","news-source-website"],"_links":{"self":[{"href":"https:\/\/euapp01.newsmemory.com\/lamarseillaise\/news\/wp-json\/wp\/v2\/posts\/34645","targetHints":{"allow":["GET"]}}],"collection":[{"href":"https:\/\/euapp01.newsmemory.com\/lamarseillaise\/news\/wp-json\/wp\/v2\/posts"}],"about":[{"href":"https:\/\/euapp01.newsmemory.com\/lamarseillaise\/news\/wp-json\/wp\/v2\/types\/post"}],"author":[{"embeddable":true,"href":"https:\/\/euapp01.newsmemory.com\/lamarseillaise\/news\/wp-json\/wp\/v2\/users\/1"}],"replies":[{"embeddable":true,"href":"https:\/\/euapp01.newsmemory.com\/lamarseillaise\/news\/wp-json\/wp\/v2\/comments?post=34645"}],"version-history":[{"count":1,"href":"https:\/\/euapp01.newsmemory.com\/lamarseillaise\/news\/wp-json\/wp\/v2\/posts\/34645\/revisions"}],"predecessor-version":[{"id":34647,"href":"https:\/\/euapp01.newsmemory.com\/lamarseillaise\/news\/wp-json\/wp\/v2\/posts\/34645\/revisions\/34647"}],"wp:featuredmedia":[{"embeddable":true,"href":"https:\/\/euapp01.newsmemory.com\/lamarseillaise\/news\/wp-json\/wp\/v2\/media\/34646"}],"wp:attachment":[{"href":"https:\/\/euapp01.newsmemory.com\/lamarseillaise\/news\/wp-json\/wp\/v2\/media?parent=34645"}],"wp:term":[{"taxonomy":"category","embeddable":true,"href":"https:\/\/euapp01.newsmemory.com\/lamarseillaise\/news\/wp-json\/wp\/v2\/categories?post=34645"},{"taxonomy":"post_tag","embeddable":true,"href":"https:\/\/euapp01.newsmemory.com\/lamarseillaise\/news\/wp-json\/wp\/v2\/tags?post=34645"},{"taxonomy":"news-destination","embeddable":true,"href":"https:\/\/euapp01.newsmemory.com\/lamarseillaise\/news\/wp-json\/wp\/v2\/news-destination?post=34645"},{"taxonomy":"news-source","embeddable":true,"href":"https:\/\/euapp01.newsmemory.com\/lamarseillaise\/news\/wp-json\/wp\/v2\/news-source?post=34645"},{"taxonomy":"is_homepage","embeddable":true,"href":"https:\/\/euapp01.newsmemory.com\/lamarseillaise\/news\/wp-json\/wp\/v2\/is_homepage?post=34645"},{"taxonomy":"ta_other","embeddable":true,"href":"https:\/\/euapp01.newsmemory.com\/lamarseillaise\/news\/wp-json\/wp\/v2\/ta_other?post=34645"}],"curies":[{"name":"wp","href":"https:\/\/api.w.org\/{rel}","templated":true}]}}